{"id":3139,"date":"2020-10-04T10:40:37","date_gmt":"2020-10-04T13:40:37","guid":{"rendered":"http:\/\/www.centraldenoticias.com.ar\/?p=3139"},"modified":"2020-10-04T10:40:37","modified_gmt":"2020-10-04T13:40:37","slug":"el-museo-emiliozzi-celebra-7-anos-de-pasion-tuerca","status":"publish","type":"post","link":"https:\/\/cdnoticias.com\/index.php\/2020\/10\/04\/el-museo-emiliozzi-celebra-7-anos-de-pasion-tuerca\/","title":{"rendered":"El Museo Emiliozzi celebra 7 a\u00f1os de \u201cpasi\u00f3n tuerca\u201d"},"content":{"rendered":"<p>&nbsp;<\/p>\n<p><em>\u201cEstamos celebrando siete a\u00f1os de este hermoso Museo que tiene Olavarr\u00eda y que es visitado por much\u00edsima gente\u201d<\/em>, sostuvo el intendente Ezequiel Galli para festejar 7 a\u00f1os del Museo Municipal Hermanos Emiliozzi.<strong> La historia del espacio que honra la trayectoria de Dante y Torcuato.\u00a0<\/strong><!--more--><\/p>\n<hr \/>\n<p>El 19 de octubre se celebrar\u00e1 un nuevo aniversario de la inauguraci\u00f3n del Museo Municipal Hermanos Emiliozzi. Durante todo el mes se conmemorar\u00e1 esta <strong>fecha tan importante para toda la \u201cfamilia tuerca\u201d olavarriense.<\/strong><\/p>\n<p>&nbsp;<\/p>\n<p>Dentro de su historia, <strong>en el a\u00f1o 2005 el Municipio compr\u00f3 el edificio donde funcion\u00f3 el taller de Dante y Torcuato Emiliozzi<\/strong>, dos grandes pilotos del automovilismo nacional que llevaron la impronta de nuestra ciudad por todos los caminos de la patria donde se corri\u00f3 una carrera de Turismo Carretera.<\/p>\n<p>&nbsp;<\/p>\n<p><strong>El 19 de octubre de 2013, en ese mismo edificio, el entonces intendente Jos\u00e9 Eseverri inaugur\u00f3 el Museo Municipal Hermanos Emiliozzi.<\/strong> El que fue el taller de la calle Necochea de los \u201cGringos\u201d, se transform\u00f3 en un Museo de Sitio, que honra la historia de trabajo y deportiva de los mayores embajadores deportivos de la ciudad.<\/p>\n<p>&nbsp;<\/p>\n<p><img data-recalc-dims=\"1\" loading=\"lazy\" decoding=\"async\" class=\"alignnone size-large wp-image-3141\" src=\"https:\/\/i0.wp.com\/cdnoticias.com\/wp-content\/uploads\/2020\/10\/Cultura-7%C2%B0Aniversario-Museo-Hnos-Emiliozzi-2-1024x683.jpg?resize=800%2C534&#038;ssl=1\" alt=\"\" width=\"800\" height=\"534\" srcset=\"https:\/\/i0.wp.com\/cdnoticias.com\/wp-content\/uploads\/2020\/10\/Cultura-7%C2%B0Aniversario-Museo-Hnos-Emiliozzi-2.jpg?resize=1024%2C683&amp;ssl=1 1024w, https:\/\/i0.wp.com\/cdnoticias.com\/wp-content\/uploads\/2020\/10\/Cultura-7%C2%B0Aniversario-Museo-Hnos-Emiliozzi-2.jpg?resize=300%2C200&amp;ssl=1 300w, https:\/\/i0.wp.com\/cdnoticias.com\/wp-content\/uploads\/2020\/10\/Cultura-7%C2%B0Aniversario-Museo-Hnos-Emiliozzi-2.jpg?resize=768%2C512&amp;ssl=1 768w, https:\/\/i0.wp.com\/cdnoticias.com\/wp-content\/uploads\/2020\/10\/Cultura-7%C2%B0Aniversario-Museo-Hnos-Emiliozzi-2.jpg?resize=272%2C182&amp;ssl=1 272w, https:\/\/i0.wp.com\/cdnoticias.com\/wp-content\/uploads\/2020\/10\/Cultura-7%C2%B0Aniversario-Museo-Hnos-Emiliozzi-2.jpg?w=1968&amp;ssl=1 1968w, https:\/\/i0.wp.com\/cdnoticias.com\/wp-content\/uploads\/2020\/10\/Cultura-7%C2%B0Aniversario-Museo-Hnos-Emiliozzi-2.jpg?w=1600&amp;ssl=1 1600w\" sizes=\"auto, (max-width: 800px) 100vw, 800px\" \/><\/p>\n<p>&nbsp;<\/p>\n<p>En este sentido,<strong> Ezequiel Galli<\/strong> valor\u00f3 que <em>\u201cla intenci\u00f3n de este Museo -que siempre <strong>destacamos como uno de los hitos de la gesti\u00f3n de Jos\u00e9 Eseverri<\/strong>, me parece que es algo que es importante mencionar- es haber rescatado y haber recuperado este lugar donde \u2018los Gringos\u2019 acompa\u00f1ados por tantos vecinos, arreglaban los autos, hac\u00edan las piezas del motor hasta largas horas de la noche, con tantas historias y tantos campeonatos que pasaron por ac\u00e1 adentro\u201d.<\/em><\/p>\n<p>&nbsp;<\/p>\n<div class=\"jetpack-video-wrapper\"><iframe loading=\"lazy\" width=\"800\" height=\"450\" src=\"https:\/\/www.youtube.com\/embed\/eDBGfJUJvq0?feature=oembed\" frameborder=\"0\" allow=\"accelerometer; autoplay; clipboard-write; encrypted-media; gyroscope; picture-in-picture\" allowfullscreen><\/iframe><\/div>\n<p>&nbsp;<\/p>\n<p>Dentro de los objetivos del Museo Municipal, se encuentran<strong> honrar la trayectoria de Dante y Torcuato Emiliozzi,<\/strong> dos deportistas olavarrienses que llevaron la impronta de nuestra ciudad por todo el pa\u00eds; conservar la memoria colectiva acerca de c\u00f3mo se construye la historia local a partir de ejemplos como los que distinguimos; promover actividades educativas utilizando el Museo como un espacio para la divulgaci\u00f3n de la cultura y transmitir a los j\u00f3venes el legado de los Hermanos Emiliozzi: <strong>invenci\u00f3n, pasi\u00f3n, incontables horas de trabajo y esfuerzo, m\u00e1s su proverbial humildad y hombr\u00eda de bien.<\/strong><\/p>\n<p>&nbsp;<\/p>\n<p>Desde la inauguraci\u00f3n del Museo, la propuesta ha llegado a la comunidad a trav\u00e9s de <strong>diferentes muestras relacionadas con el deporte motor<\/strong>. Autos antiguos y cl\u00e1sicos de coleccionistas particulares, motos, autos de competici\u00f3n, pel\u00edculas, homenajes a la mujer en el automovilismo, encuentro de clubes de autos, homenaje a la Escuder\u00eda Emiliozzi, exposici\u00f3n de juguetes antiguos, muestra de aeromodelismo, distintas actividades con Bomberos Voluntarios de Olavarr\u00eda y actividades con las Escuelas T\u00e9cnicas, han sido algunas de las muestras realizadas en el Museo, que depende de la Subsecretar\u00eda de Cultura de Olavarr\u00eda.<\/p>\n<p>&nbsp;<\/p>\n<p><img data-recalc-dims=\"1\" loading=\"lazy\" decoding=\"async\" class=\"alignnone size-large wp-image-3142\" src=\"https:\/\/i0.wp.com\/cdnoticias.com\/wp-content\/uploads\/2020\/10\/Cultura-7%C2%B0Aniversario-Museo-Hnos-Emiliozzi-3-1024x683.jpg?resize=800%2C534&#038;ssl=1\" alt=\"\" width=\"800\" height=\"534\" srcset=\"https:\/\/i0.wp.com\/cdnoticias.com\/wp-content\/uploads\/2020\/10\/Cultura-7%C2%B0Aniversario-Museo-Hnos-Emiliozzi-3.jpg?resize=1024%2C683&amp;ssl=1 1024w, https:\/\/i0.wp.com\/cdnoticias.com\/wp-content\/uploads\/2020\/10\/Cultura-7%C2%B0Aniversario-Museo-Hnos-Emiliozzi-3.jpg?resize=300%2C200&amp;ssl=1 300w, https:\/\/i0.wp.com\/cdnoticias.com\/wp-content\/uploads\/2020\/10\/Cultura-7%C2%B0Aniversario-Museo-Hnos-Emiliozzi-3.jpg?resize=768%2C512&amp;ssl=1 768w, https:\/\/i0.wp.com\/cdnoticias.com\/wp-content\/uploads\/2020\/10\/Cultura-7%C2%B0Aniversario-Museo-Hnos-Emiliozzi-3.jpg?resize=272%2C182&amp;ssl=1 272w, https:\/\/i0.wp.com\/cdnoticias.com\/wp-content\/uploads\/2020\/10\/Cultura-7%C2%B0Aniversario-Museo-Hnos-Emiliozzi-3.jpg?w=1968&amp;ssl=1 1968w, https:\/\/i0.wp.com\/cdnoticias.com\/wp-content\/uploads\/2020\/10\/Cultura-7%C2%B0Aniversario-Museo-Hnos-Emiliozzi-3.jpg?w=1600&amp;ssl=1 1600w\" sizes=\"auto, (max-width: 800px) 100vw, 800px\" \/><\/p>\n<p>&nbsp;<\/p>\n<p><strong>M\u00e1s de 100.000 personas han visitado el Museo.<\/strong> Visitantes que llegan de distintos lugares del pa\u00eds y pertenecen a esa gran hinchada que sembraron los Gringos al pasar con su Galera a m\u00e1xima velocidad por las rutas de nuestra Argentina. Algunos los vieron correr, a otros sus padres les contaron. Todos se emocionan al ver la Galera como la pieza principal del Museo, se admiran con el motor revolucionario v\u00e1lvulas a la cabeza y la historia se transforma en leyenda: la leyenda de los Gringos de Olavarr\u00eda.<\/p>\n<p>&nbsp;<\/p>\n<p>Hoy, en el marco de emergencia sanitaria, el Museo sigue en contacto con la comunidad a trav\u00e9s de redes sociales y la celebraci\u00f3n del mes aniversario ser\u00e1 virtual en Museo Municipal Hermanos Emiliozzi (Facebook) y @museohermanosemiliozzi (Instagram).<\/p>\n","protected":false},"excerpt":{"rendered":"<p>&nbsp; \u201cEstamos celebrando siete a\u00f1os de este hermoso Museo que tiene Olavarr\u00eda y que es visitado por much\u00edsima gente\u201d, sostuvo<\/p>\n","protected":false},"author":5,"featured_media":3140,"comment_status":"closed","ping_status":"closed","sticky":false,"template":"","format":"standard","meta":{"_jetpack_memberships_contains_paid_content":false,"footnotes":""},"categories":[9,1],"tags":[],"class_list":["post-3139","post","type-post","status-publish","format-standard","has-post-thumbnail","hentry","category-cultura","category-portada"],"jetpack_featured_media_url":"https:\/\/i0.wp.com\/cdnoticias.com\/wp-content\/uploads\/2020\/10\/Cultura-7%C2%B0Aniversario-Museo-Hnos-Emiliozzi-1.jpg?fit=1968%2C1312&ssl=1","jetpack_sharing_enabled":true,"_links":{"self":[{"href":"https:\/\/cdnoticias.com\/index.php\/wp-json\/wp\/v2\/posts\/3139","targetHints":{"allow":["GET"]}}],"collection":[{"href":"https:\/\/cdnoticias.com\/index.php\/wp-json\/wp\/v2\/posts"}],"about":[{"href":"https:\/\/cdnoticias.com\/index.php\/wp-json\/wp\/v2\/types\/post"}],"author":[{"embeddable":true,"href":"https:\/\/cdnoticias.com\/index.php\/wp-json\/wp\/v2\/users\/5"}],"replies":[{"embeddable":true,"href":"https:\/\/cdnoticias.com\/index.php\/wp-json\/wp\/v2\/comments?post=3139"}],"version-history":[{"count":0,"href":"https:\/\/cdnoticias.com\/index.php\/wp-json\/wp\/v2\/posts\/3139\/revisions"}],"wp:featuredmedia":[{"embeddable":true,"href":"https:\/\/cdnoticias.com\/index.php\/wp-json\/wp\/v2\/media\/3140"}],"wp:attachment":[{"href":"https:\/\/cdnoticias.com\/index.php\/wp-json\/wp\/v2\/media?parent=3139"}],"wp:term":[{"taxonomy":"category","embeddable":true,"href":"https:\/\/cdnoticias.com\/index.php\/wp-json\/wp\/v2\/categories?post=3139"},{"taxonomy":"post_tag","embeddable":true,"href":"https:\/\/cdnoticias.com\/index.php\/wp-json\/wp\/v2\/tags?post=3139"}],"curies":[{"name":"wp","href":"https:\/\/api.w.org\/{rel}","templated":true}]}}