{"id":31365,"date":"2021-08-31T18:44:17","date_gmt":"2021-08-31T21:44:17","guid":{"rendered":"http:\/\/www.centraldenoticias.com.ar\/?p=31365"},"modified":"2021-08-31T19:48:28","modified_gmt":"2021-08-31T22:48:28","slug":"marino-la-imagen-no-refleja-todo-el-trabajo-que-se-ha-hecho-desde-el-teatro","status":"publish","type":"post","link":"https:\/\/cdnoticias.com\/index.php\/2021\/08\/31\/marino-la-imagen-no-refleja-todo-el-trabajo-que-se-ha-hecho-desde-el-teatro\/","title":{"rendered":"Marino: &#8220;La imagen no refleja todo el trabajo que se ha hecho desde el Teatro&#8221;"},"content":{"rendered":"<p>La subsecretaria de Cultura, dialog\u00f3 con Central de Noticias luego de la viralizaci\u00f3n de im\u00e1genes de un recital en el Teatro Municipal donde el p\u00fablico se encontraba sin barbijos y bailando en el lugar.<\/p>\n<p><!--more--><\/p>\n<hr \/>\n<p>La banda de Necochea<strong> &#8220;El Plan de la Mariposa&#8221;<\/strong> se present\u00f3 <strong>el s\u00e1bado 28 de agosto en el Teatro Municipal<\/strong> <strong>agotando las entradas<\/strong> <strong>permitidas.<\/strong> D\u00edas despu\u00e9s, <strong>se viraliz\u00f3 un video donde se vio al p\u00fablico saltar y bailar en sus lugares, sin barbijos.\u00a0<\/strong><\/p>\n<p>&nbsp;<\/p>\n<p><strong>La subsecretaria de Cultura Agustina Marino,<\/strong> dialog\u00f3 con <em><strong>Central de Noticias<\/strong><\/em>, luego de las repercusiones que alcanzaron esas im\u00e1genes y aclar\u00f3 que: <strong>&#8220;desde el Teatro Municipal se han cumplido<\/strong>\u00a0<strong>todos los protocolos<\/strong>. De hecho<strong> se vendieron la cantidad de entradas correspondientes al aforo permitido que son 580&#8243;<\/strong>.<\/p>\n<p>&nbsp;<\/p>\n<p>Agreg\u00f3 adem\u00e1s, que<strong> &#8220;se toma la temperatura en la puerta, se higieniza con alcohol las manos, hay personal a disposici\u00f3n para el manejo interno en la sala en t\u00e9rminos de ubicaci\u00f3n de las personas y tambi\u00e9n para contener la fila&#8221;.<\/strong><\/p>\n<p>&nbsp;<\/p>\n<p><img data-recalc-dims=\"1\" loading=\"lazy\" decoding=\"async\" class=\"aligncenter wp-image-31164 size-large\" src=\"https:\/\/i0.wp.com\/cdnoticias.com\/wp-content\/uploads\/2021\/08\/IMG_2793.jpg?resize=800%2C558&#038;ssl=1\" alt=\"\" width=\"800\" height=\"558\" srcset=\"https:\/\/i0.wp.com\/cdnoticias.com\/wp-content\/uploads\/2021\/08\/IMG_2793.jpg?resize=1024%2C714&amp;ssl=1 1024w, https:\/\/i0.wp.com\/cdnoticias.com\/wp-content\/uploads\/2021\/08\/IMG_2793.jpg?resize=300%2C209&amp;ssl=1 300w, https:\/\/i0.wp.com\/cdnoticias.com\/wp-content\/uploads\/2021\/08\/IMG_2793.jpg?resize=768%2C536&amp;ssl=1 768w, https:\/\/i0.wp.com\/cdnoticias.com\/wp-content\/uploads\/2021\/08\/IMG_2793.jpg?resize=392%2C272&amp;ssl=1 392w, https:\/\/i0.wp.com\/cdnoticias.com\/wp-content\/uploads\/2021\/08\/IMG_2793.jpg?resize=130%2C90&amp;ssl=1 130w, https:\/\/i0.wp.com\/cdnoticias.com\/wp-content\/uploads\/2021\/08\/IMG_2793.jpg?w=1600&amp;ssl=1 1600w\" sizes=\"auto, (max-width: 800px) 100vw, 800px\" \/><\/p>\n<p>&nbsp;<\/p>\n<p>&#8220;<strong>Entendemos que esta ha sido una situaci\u00f3n excepcional&#8221;,\u00a0<\/strong>destac\u00f3 la funcionaria. En ese sentido, puso la mirada tambi\u00e9n sobre el rol de los productores, los artistas y el p\u00fablico.<\/p>\n<p>&nbsp;<\/p>\n<blockquote><p>&#8220;Entre todos podemos construir una buena propuesta cultural que tenga los cuidados tanto para los artistas como para el p\u00fablico&#8221;, afirm\u00f3 y agreg\u00f3: &#8220;esto no puede volver a pasar para que no volvamos para atr\u00e1s&#8221;.<\/p><\/blockquote>\n<p>&nbsp;<\/p>\n<p>\u00bfHabr\u00e1 cambios en los protocolos?<\/p>\n<p>&nbsp;<\/p>\n<p>Agustina Marino se\u00f1al\u00f3 que por un lado, se mantendr\u00e1n los protocolos aunque<em><strong>\u00a0&#8220;se va a revisar la agenda&#8221;<\/strong> <\/em>para determinar aquellos espect\u00e1culos que implican<em> &#8220;un movimiento m\u00e1s interactivo de la gente&#8221;<\/em>.\u00a0 Reconoci\u00f3 la necesidad de las personas de asistir a eventos culturales pero valor\u00f3 el trabajo realizado y la importancia de sostener los cuidados sanitarios: &#8220;<strong>hemos trabajado mucho para respetar los protocolos y fundamentalmente para que la genta tenga confianza a la hora de salir&#8221;.\u00a0<\/strong><\/p>\n<p>&nbsp;<\/p>\n<p>Tambi\u00e9n mencion\u00f3 a aquellos sectores que a\u00fan se encuentran a la espera de la reactivaci\u00f3n completa de sus actividades y afirm\u00f3 que <em>&#8220;queremos ser respetuosos&#8221;<\/em> porqu<em>e &#8220;<strong>todav\u00eda hay actividades que no han retomado,<\/strong> <strong>y<\/strong> <strong>\u00a0que no han recuperado su fuente de trabajo&#8221;.<\/strong><\/em><\/p>\n<p>&nbsp;<\/p>\n<p>En cuanto a la diagramaci\u00f3n de los pr\u00f3ximos espect\u00e1culos y la conformaci\u00f3n de la agenda para el Teatro Municipal afirm\u00f3 que si bien<em> &#8220;queremos trabajar cada vez m\u00e1s con mayor presencialidad ycon todo el compromiso para tener un aforo del 100%,<strong> s<\/strong><strong>i eso implica tener que resignar algunos conciertos o actividades lo haremos pensando en poder hacerlas m\u00e1s adelante&#8221;.<\/strong><\/em><\/p>\n<p>&nbsp;<\/p>\n<p>Asegur\u00f3 que <em><strong>&#8220;la imagen no refleja lo que fue el recital desde el principio y tampoco refleja todo el trabajo que se ha hecho desde el teatro, que han hecho otros productores tambi\u00e9n, los artistas y el p\u00fablico&#8221;.<\/strong><\/em><\/p>\n<p>&nbsp;<\/p>\n<p>Por \u00faltimo, fue contundente al se\u00f1alar que<em> &#8220;el p\u00fablico ha respondido muy bien, la gente ha manejado todos los cuidados y hablo por los museos, por la Casa del Bicentenario, por el Centro Cultural San Jos\u00e9, inclusive por el Teatro.\u00a0<strong>Vimos esto como una excepci\u00f3n que no tiene que volver a suceder&#8221;<\/strong>.<\/em><\/p>\n","protected":false},"excerpt":{"rendered":"<p>La subsecretaria de Cultura, dialog\u00f3 con Central de Noticias luego de la viralizaci\u00f3n de im\u00e1genes de un recital en el<\/p>\n","protected":false},"author":6,"featured_media":6392,"comment_status":"closed","ping_status":"closed","sticky":false,"template":"","format":"standard","meta":{"_jetpack_memberships_contains_paid_content":false,"footnotes":""},"categories":[5,1],"tags":[],"class_list":["post-31365","post","type-post","status-publish","format-standard","has-post-thumbnail","hentry","category-informacion-general","category-portada"],"jetpack_featured_media_url":"https:\/\/i0.wp.com\/cdnoticias.com\/wp-content\/uploads\/2020\/11\/Cultura-Conf-agustina-marino.jpg?fit=1200%2C669&ssl=1","jetpack_sharing_enabled":true,"_links":{"self":[{"href":"https:\/\/cdnoticias.com\/index.php\/wp-json\/wp\/v2\/posts\/31365","targetHints":{"allow":["GET"]}}],"collection":[{"href":"https:\/\/cdnoticias.com\/index.php\/wp-json\/wp\/v2\/posts"}],"about":[{"href":"https:\/\/cdnoticias.com\/index.php\/wp-json\/wp\/v2\/types\/post"}],"author":[{"embeddable":true,"href":"https:\/\/cdnoticias.com\/index.php\/wp-json\/wp\/v2\/users\/6"}],"replies":[{"embeddable":true,"href":"https:\/\/cdnoticias.com\/index.php\/wp-json\/wp\/v2\/comments?post=31365"}],"version-history":[{"count":0,"href":"https:\/\/cdnoticias.com\/index.php\/wp-json\/wp\/v2\/posts\/31365\/revisions"}],"wp:featuredmedia":[{"embeddable":true,"href":"https:\/\/cdnoticias.com\/index.php\/wp-json\/wp\/v2\/media\/6392"}],"wp:attachment":[{"href":"https:\/\/cdnoticias.com\/index.php\/wp-json\/wp\/v2\/media?parent=31365"}],"wp:term":[{"taxonomy":"category","embeddable":true,"href":"https:\/\/cdnoticias.com\/index.php\/wp-json\/wp\/v2\/categories?post=31365"},{"taxonomy":"post_tag","embeddable":true,"href":"https:\/\/cdnoticias.com\/index.php\/wp-json\/wp\/v2\/tags?post=31365"}],"curies":[{"name":"wp","href":"https:\/\/api.w.org\/{rel}","templated":true}]}}