{"id":31357,"date":"2021-09-01T08:47:28","date_gmt":"2021-09-01T11:47:28","guid":{"rendered":"http:\/\/www.centraldenoticias.com.ar\/?p=31357"},"modified":"2021-09-01T08:47:28","modified_gmt":"2021-09-01T11:47:28","slug":"vergel-y-matrella-se-reunieron-con-la-sociedad-rural","status":"publish","type":"post","link":"https:\/\/cdnoticias.com\/index.php\/2021\/09\/01\/vergel-y-matrella-se-reunieron-con-la-sociedad-rural\/","title":{"rendered":"Vergel y Matrella se reunieron con la Sociedad Rural"},"content":{"rendered":"<p>Los precandidatos a concejales de \u201cDar el paso\u201d mantuvieron un encuentro con productores en donde hablaron de las principales preocupaciones del sector.<!--more--><\/p>\n<hr \/>\n<p>Los primeros precandidatos a concejales de la lista \u201cDar el paso\u201d mantuvieron un encuentro con cerca de una veintena de productores rurales de Olavarr\u00eda, donde les manifestaron las <strong>principales preocupaciones del sector y la satisfacci\u00f3n de llevar a un representante en la lista.<\/strong>\u00a0Plantearon el compromiso de ambos sectores de trabajar en conjunto en diversos proyectos.<\/p>\n<p>&nbsp;<\/p>\n<p>En el encuentro, <strong>los representantes de la Sociedad Rural mostraron satisfacci\u00f3n de que haya un representante del sector en la lista, destacando la participaci\u00f3n de Sebasti\u00e1n Matrella, Presidente de la entidad en uso de licencia<\/strong> al decidir ser precandidato por la lista del radicalismo de Olavarr\u00eda.<\/p>\n<p>&nbsp;<\/p>\n<p><img data-recalc-dims=\"1\" loading=\"lazy\" decoding=\"async\" class=\"alignnone size-full wp-image-31361\" src=\"https:\/\/i0.wp.com\/cdnoticias.com\/wp-content\/uploads\/2021\/08\/IMG_20210830_194401.jpg?resize=800%2C600&#038;ssl=1\" alt=\"\" width=\"800\" height=\"600\" srcset=\"https:\/\/i0.wp.com\/cdnoticias.com\/wp-content\/uploads\/2021\/08\/IMG_20210830_194401.jpg?w=4000&amp;ssl=1 4000w, https:\/\/i0.wp.com\/cdnoticias.com\/wp-content\/uploads\/2021\/08\/IMG_20210830_194401.jpg?resize=300%2C225&amp;ssl=1 300w, https:\/\/i0.wp.com\/cdnoticias.com\/wp-content\/uploads\/2021\/08\/IMG_20210830_194401.jpg?resize=768%2C576&amp;ssl=1 768w, https:\/\/i0.wp.com\/cdnoticias.com\/wp-content\/uploads\/2021\/08\/IMG_20210830_194401.jpg?resize=1024%2C768&amp;ssl=1 1024w, https:\/\/i0.wp.com\/cdnoticias.com\/wp-content\/uploads\/2021\/08\/IMG_20210830_194401.jpg?w=1600&amp;ssl=1 1600w, https:\/\/i0.wp.com\/cdnoticias.com\/wp-content\/uploads\/2021\/08\/IMG_20210830_194401.jpg?w=2400&amp;ssl=1 2400w\" sizes=\"auto, (max-width: 800px) 100vw, 800px\" \/><\/p>\n<p>&nbsp;<\/p>\n<p>Por su parte, <strong>Bel\u00e9n Vergel expuso cu\u00e1l es el esp\u00edritu de la conformaci\u00f3n de la lista y marc\u00f3 las similitudes de las preocupaciones expresadas por el sector con las manifestadas en reuniones con otros sectores productivos<\/strong> de la ciudad. Se profundiz\u00f3 en la necesidad de mantener un di\u00e1logo m\u00e1s fluido e intentar dar respuesta a las diversas necesidades que se presentan.<\/p>\n<p>&nbsp;<\/p>\n<p><em>\u201cMe siento muy acompa\u00f1ado por el sector al que pertenezco y he recibido mucho acompa\u00f1amiento en estos d\u00edas\u201d<\/em> manifest\u00f3 Matrella luego del encuentro. <em>\u201cDesde mi lugar intentar\u00e9 representar a cada olavarriense de la mejor manera\u201d,<\/em> finaliz\u00f3 el segundo precandidato a concejal de la lista que postula a Facundo Manes para diputado nacional.<\/p>\n","protected":false},"excerpt":{"rendered":"<p>Los precandidatos a concejales de \u201cDar el paso\u201d mantuvieron un encuentro con productores en donde hablaron de las principales preocupaciones<\/p>\n","protected":false},"author":5,"featured_media":31361,"comment_status":"closed","ping_status":"closed","sticky":false,"template":"","format":"standard","meta":{"_jetpack_memberships_contains_paid_content":false,"footnotes":""},"categories":[4,1],"tags":[],"class_list":["post-31357","post","type-post","status-publish","format-standard","has-post-thumbnail","hentry","category-politica","category-portada"],"jetpack_featured_media_url":"https:\/\/i0.wp.com\/cdnoticias.com\/wp-content\/uploads\/2021\/08\/IMG_20210830_194401.jpg?fit=4000%2C3000&ssl=1","jetpack_sharing_enabled":true,"_links":{"self":[{"href":"https:\/\/cdnoticias.com\/index.php\/wp-json\/wp\/v2\/posts\/31357","targetHints":{"allow":["GET"]}}],"collection":[{"href":"https:\/\/cdnoticias.com\/index.php\/wp-json\/wp\/v2\/posts"}],"about":[{"href":"https:\/\/cdnoticias.com\/index.php\/wp-json\/wp\/v2\/types\/post"}],"author":[{"embeddable":true,"href":"https:\/\/cdnoticias.com\/index.php\/wp-json\/wp\/v2\/users\/5"}],"replies":[{"embeddable":true,"href":"https:\/\/cdnoticias.com\/index.php\/wp-json\/wp\/v2\/comments?post=31357"}],"version-history":[{"count":0,"href":"https:\/\/cdnoticias.com\/index.php\/wp-json\/wp\/v2\/posts\/31357\/revisions"}],"wp:featuredmedia":[{"embeddable":true,"href":"https:\/\/cdnoticias.com\/index.php\/wp-json\/wp\/v2\/media\/31361"}],"wp:attachment":[{"href":"https:\/\/cdnoticias.com\/index.php\/wp-json\/wp\/v2\/media?parent=31357"}],"wp:term":[{"taxonomy":"category","embeddable":true,"href":"https:\/\/cdnoticias.com\/index.php\/wp-json\/wp\/v2\/categories?post=31357"},{"taxonomy":"post_tag","embeddable":true,"href":"https:\/\/cdnoticias.com\/index.php\/wp-json\/wp\/v2\/tags?post=31357"}],"curies":[{"name":"wp","href":"https:\/\/api.w.org\/{rel}","templated":true}]}}