{"id":31351,"date":"2021-08-31T15:47:27","date_gmt":"2021-08-31T18:47:27","guid":{"rendered":"http:\/\/www.centraldenoticias.com.ar\/?p=31351"},"modified":"2021-08-31T15:47:27","modified_gmt":"2021-08-31T18:47:27","slug":"el-intendente-galli-recibio-a-las-nuevas-autoridades-de-la-facultad-de-ingenieria","status":"publish","type":"post","link":"https:\/\/cdnoticias.com\/index.php\/2021\/08\/31\/el-intendente-galli-recibio-a-las-nuevas-autoridades-de-la-facultad-de-ingenieria\/","title":{"rendered":"El Intendente Galli recibi\u00f3 a las nuevas autoridades de la Facultad de Ingenier\u00eda"},"content":{"rendered":"<p>Fue en una reuni\u00f3n este martes con la decana Mar\u00eda Peralta y Oscar Cabrera, su vicedecano.<!--more--><\/p>\n<hr \/>\n<p>En la ma\u00f1ana de este martes, <strong>el intendente Ezequiel Galli mantuvo un encuentro con las nuevas autoridades de la Facultad de Ingenier\u00eda (FIO) de la UNICEN: los ingenieros Mar\u00eda Peralta (Decana) y Oscar Cabrera (Vicedecano).<\/strong><\/p>\n<p>&nbsp;<\/p>\n<p>Asimismo, participaron del encuentro el presidente del HCD Bruno Cenizo y el secretario de Desarrollo Econ\u00f3mico Julio Valetutto.<\/p>\n<p>&nbsp;<\/p>\n<p>Dicha reuni\u00f3n se llev\u00f3 a cabo en la sala de reuniones del Palacio San Mart\u00edn,<strong> en el marco de un encuentro protocolar a los fines de dialogar sobre las proyecciones al frente de la Casa de Altos Estudios, por parte de las autoridades recientemente electas.<\/strong><\/p>\n<p>&nbsp;<\/p>\n<p>Cabe recordar que <strong>Mar\u00eda Peralta y Oscar Cabrera fueron designados en sus actuales puestos en una reuni\u00f3n extraordinaria del Consejo Acad\u00e9mico de FIO que se celebr\u00f3 en mayo del corriente a\u00f1o.<\/strong> Mar\u00eda Peralta ocupa de esta manera el mando del Decanato en reemplazo del ingeniero Marcelo Spina.<\/p>\n<p>&nbsp;<\/p>\n<p>Una de las premisas sustanciales de la gesti\u00f3n de Ezequiel Galli tiene que ver con<strong> la aplicaci\u00f3n del modelo del Tri\u00e1ngulo de S\u00e1bato<\/strong>, en lo que respecta a la\u00a0 interrelaci\u00f3n sin\u00e9rgica entre el Estado y los sectores productivos y acad\u00e9micos. Oportunamente, el Intendente destac\u00f3: <em>\u201cTenemos el privilegio, porque no todas las ciudades tienen lo que nosotros tenemos ac\u00e1 en Olavarr\u00eda, de una casa de estudios de esta magnitud, con todas sus facultades, con las cuales estamos trabajando articuladamente: con todas tenemos convenios, acciones concretas que se traducen despu\u00e9s en pol\u00edticas p\u00fablicas, con la \u00fanica finalidad de trabajar por el bienestar de la ciudadan\u00eda\u201d.<\/em><\/p>\n","protected":false},"excerpt":{"rendered":"<p>Fue en una reuni\u00f3n este martes con la decana Mar\u00eda Peralta y Oscar Cabrera, su vicedecano.<\/p>\n","protected":false},"author":2,"featured_media":31352,"comment_status":"closed","ping_status":"closed","sticky":false,"template":"","format":"standard","meta":{"_jetpack_memberships_contains_paid_content":false,"footnotes":""},"categories":[5,1],"tags":[],"class_list":["post-31351","post","type-post","status-publish","format-standard","has-post-thumbnail","hentry","category-informacion-general","category-portada"],"jetpack_featured_media_url":"https:\/\/i0.wp.com\/cdnoticias.com\/wp-content\/uploads\/2021\/08\/Presentacion-nuevas-autoridades-FIO-1-1024x591.jpg?fit=1024%2C591&ssl=1","jetpack_sharing_enabled":true,"_links":{"self":[{"href":"https:\/\/cdnoticias.com\/index.php\/wp-json\/wp\/v2\/posts\/31351","targetHints":{"allow":["GET"]}}],"collection":[{"href":"https:\/\/cdnoticias.com\/index.php\/wp-json\/wp\/v2\/posts"}],"about":[{"href":"https:\/\/cdnoticias.com\/index.php\/wp-json\/wp\/v2\/types\/post"}],"author":[{"embeddable":true,"href":"https:\/\/cdnoticias.com\/index.php\/wp-json\/wp\/v2\/users\/2"}],"replies":[{"embeddable":true,"href":"https:\/\/cdnoticias.com\/index.php\/wp-json\/wp\/v2\/comments?post=31351"}],"version-history":[{"count":0,"href":"https:\/\/cdnoticias.com\/index.php\/wp-json\/wp\/v2\/posts\/31351\/revisions"}],"wp:featuredmedia":[{"embeddable":true,"href":"https:\/\/cdnoticias.com\/index.php\/wp-json\/wp\/v2\/media\/31352"}],"wp:attachment":[{"href":"https:\/\/cdnoticias.com\/index.php\/wp-json\/wp\/v2\/media?parent=31351"}],"wp:term":[{"taxonomy":"category","embeddable":true,"href":"https:\/\/cdnoticias.com\/index.php\/wp-json\/wp\/v2\/categories?post=31351"},{"taxonomy":"post_tag","embeddable":true,"href":"https:\/\/cdnoticias.com\/index.php\/wp-json\/wp\/v2\/tags?post=31351"}],"curies":[{"name":"wp","href":"https:\/\/api.w.org\/{rel}","templated":true}]}}