{"id":31345,"date":"2021-08-31T12:57:09","date_gmt":"2021-08-31T15:57:09","guid":{"rendered":"http:\/\/www.centraldenoticias.com.ar\/?p=31345"},"modified":"2021-08-31T12:57:09","modified_gmt":"2021-08-31T15:57:09","slug":"mas-visitas-jose-luis-espert-estara-en-olavarria","status":"publish","type":"post","link":"https:\/\/cdnoticias.com\/index.php\/2021\/08\/31\/mas-visitas-jose-luis-espert-estara-en-olavarria\/","title":{"rendered":"M\u00e1s visitas: Jos\u00e9 Luis Espert estar\u00e1 en Olavarr\u00eda"},"content":{"rendered":"<p>Ser\u00e1 este mi\u00e9rcoles por la tarde. Recorrer\u00e1 comercios y visitar\u00e1 el sector industrial.<!--more--><\/p>\n<hr \/>\n<p>El principal dirigente de la lista Avanza Libertad,<strong> Jos\u00e9 Luis Espert, visitar\u00e1 Olavarr\u00eda en el marco de la recta final de cara a las Legislativas 2021. Tendr\u00e1 recorrida y conferencia de prensa junto a la precandidata local, Celeste Arouxet.<\/strong><\/p>\n<p>&nbsp;<\/p>\n<blockquote><p>Se prev\u00e9 la llegada en horas de la tarde, donde recorrer\u00e1 comercios c\u00e9ntricos \u201cpara conocer la realidad del sector en Olavarr\u00eda\u201d. Adem\u00e1s, tambi\u00e9n estar\u00e1 en la zona industrial para escuchar, en voz de los empresarios, c\u00f3mo se encuentra el sector.<\/p><\/blockquote>\n<p>&nbsp;<\/p>\n<p>Pasadas las 16 horas, <strong>Espert estar\u00e1 en el local partidario de Arouxet, ubicado en Vicente L\u00f3pez y V\u00e9lez Sarsfield, para mantener un di\u00e1logo con los medios locales.<\/strong><\/p>\n<p>&nbsp;<\/p>\n<p>La llegada del economista y precandidato a diputado nacional se da en el marco de una <strong>recorrida por varios distritos de la regi\u00f3n.<\/strong> Tal es as\u00ed, que continuar\u00e1 su recorrido a la localidad de Bol\u00edvar, donde dialogar\u00e1 con varios sectores productivos y vecinos.<\/p>\n","protected":false},"excerpt":{"rendered":"<p>Ser\u00e1 este mi\u00e9rcoles por la tarde. Recorrer\u00e1 comercios y visitar\u00e1 el sector industrial.<\/p>\n","protected":false},"author":2,"featured_media":31346,"comment_status":"closed","ping_status":"closed","sticky":false,"template":"","format":"standard","meta":{"_jetpack_memberships_contains_paid_content":false,"footnotes":""},"categories":[4,1],"tags":[],"class_list":["post-31345","post","type-post","status-publish","format-standard","has-post-thumbnail","hentry","category-politica","category-portada"],"jetpack_featured_media_url":"https:\/\/i0.wp.com\/cdnoticias.com\/wp-content\/uploads\/2021\/08\/PYFROEUOTVGF5HHISQYYFIAAIY.jpg?fit=1023%2C682&ssl=1","jetpack_sharing_enabled":true,"_links":{"self":[{"href":"https:\/\/cdnoticias.com\/index.php\/wp-json\/wp\/v2\/posts\/31345","targetHints":{"allow":["GET"]}}],"collection":[{"href":"https:\/\/cdnoticias.com\/index.php\/wp-json\/wp\/v2\/posts"}],"about":[{"href":"https:\/\/cdnoticias.com\/index.php\/wp-json\/wp\/v2\/types\/post"}],"author":[{"embeddable":true,"href":"https:\/\/cdnoticias.com\/index.php\/wp-json\/wp\/v2\/users\/2"}],"replies":[{"embeddable":true,"href":"https:\/\/cdnoticias.com\/index.php\/wp-json\/wp\/v2\/comments?post=31345"}],"version-history":[{"count":0,"href":"https:\/\/cdnoticias.com\/index.php\/wp-json\/wp\/v2\/posts\/31345\/revisions"}],"wp:featuredmedia":[{"embeddable":true,"href":"https:\/\/cdnoticias.com\/index.php\/wp-json\/wp\/v2\/media\/31346"}],"wp:attachment":[{"href":"https:\/\/cdnoticias.com\/index.php\/wp-json\/wp\/v2\/media?parent=31345"}],"wp:term":[{"taxonomy":"category","embeddable":true,"href":"https:\/\/cdnoticias.com\/index.php\/wp-json\/wp\/v2\/categories?post=31345"},{"taxonomy":"post_tag","embeddable":true,"href":"https:\/\/cdnoticias.com\/index.php\/wp-json\/wp\/v2\/tags?post=31345"}],"curies":[{"name":"wp","href":"https:\/\/api.w.org\/{rel}","templated":true}]}}