{"id":31319,"date":"2021-08-31T09:14:56","date_gmt":"2021-08-31T12:14:56","guid":{"rendered":"http:\/\/www.centraldenoticias.com.ar\/?p=31319"},"modified":"2021-08-31T10:11:29","modified_gmt":"2021-08-31T13:11:29","slug":"alerta-meteorologico-por-tormentas-para-olavarria","status":"publish","type":"post","link":"https:\/\/cdnoticias.com\/index.php\/2021\/08\/31\/alerta-meteorologico-por-tormentas-para-olavarria\/","title":{"rendered":"Alerta meteorol\u00f3gico por tormentas para Olavarr\u00eda"},"content":{"rendered":"<p>El Servicio Meteorol\u00f3gico emiti\u00f3 el informe por \u201clluvias y tormentas de variada intensidad, algunas fuertes\u201d. Comenzar\u00e1n por la tarde. Alcanza tambi\u00e9n a Laprida y General La Madrid.<!--more--><\/p>\n<hr \/>\n<p>El Servicio Meteorol\u00f3gico Nacional emiti\u00f3 un<strong> alerta por \u201clluvias y tormentas de variada intensidad, algunas fuertes\u201d<\/strong> que incluye a Olavarr\u00eda.<\/p>\n<p>&nbsp;<\/p>\n<p><strong>Comenzar\u00e1n por la tarde de este martes y se extender\u00e1n hasta la ma\u00f1ana del mi\u00e9rcoles<\/strong>.<\/p>\n<p><img data-recalc-dims=\"1\" loading=\"lazy\" decoding=\"async\" class=\"aligncenter wp-image-31320\" src=\"https:\/\/i0.wp.com\/cdnoticias.com\/wp-content\/uploads\/2021\/08\/alerta-03.jpg?resize=600%2C587&#038;ssl=1\" alt=\"\" width=\"600\" height=\"587\" srcset=\"https:\/\/i0.wp.com\/cdnoticias.com\/wp-content\/uploads\/2021\/08\/alerta-03.jpg?w=800&amp;ssl=1 800w, https:\/\/i0.wp.com\/cdnoticias.com\/wp-content\/uploads\/2021\/08\/alerta-03.jpg?resize=300%2C294&amp;ssl=1 300w, https:\/\/i0.wp.com\/cdnoticias.com\/wp-content\/uploads\/2021\/08\/alerta-03.jpg?resize=768%2C752&amp;ssl=1 768w\" sizes=\"auto, (max-width: 600px) 100vw, 600px\" \/><\/p>\n<p>&nbsp;<\/p>\n<p>El informe alcanza tambi\u00e9n a <strong>Laprida y General La Madrid<\/strong>, y a una amplia zona del sur provincial.<\/p>\n<p>&nbsp;<\/p>\n<blockquote><p>Seg\u00fan se detall\u00f3 en el informe \u201cal \u00e1rea ser\u00e1 afectada por lluvias y tormentas de variada intensidad, algunas fuertes, pudiendo estar acompa\u00f1adas de r\u00e1fagas, ca\u00edda de granizo, intensa actividad el\u00e9ctrica y abundante ca\u00edda de agua en cortos per\u00edodos. Se esperan valores de precipitaci\u00f3n acumulada entre 20 y 50 mil\u00edmetros, pudiendo ser superados de forma puntual\u201d.<\/p><\/blockquote>\n<p>&nbsp;<\/p>\n<p><img data-recalc-dims=\"1\" loading=\"lazy\" decoding=\"async\" class=\"alignnone size-full wp-image-31322\" src=\"https:\/\/i0.wp.com\/cdnoticias.com\/wp-content\/uploads\/2021\/08\/alerta-02.jpg?resize=800%2C445&#038;ssl=1\" alt=\"\" width=\"800\" height=\"445\" srcset=\"https:\/\/i0.wp.com\/cdnoticias.com\/wp-content\/uploads\/2021\/08\/alerta-02.jpg?w=800&amp;ssl=1 800w, https:\/\/i0.wp.com\/cdnoticias.com\/wp-content\/uploads\/2021\/08\/alerta-02.jpg?resize=300%2C167&amp;ssl=1 300w, https:\/\/i0.wp.com\/cdnoticias.com\/wp-content\/uploads\/2021\/08\/alerta-02.jpg?resize=768%2C427&amp;ssl=1 768w\" sizes=\"auto, (max-width: 800px) 100vw, 800px\" \/><\/p>\n","protected":false},"excerpt":{"rendered":"<p>El Servicio Meteorol\u00f3gico emiti\u00f3 el informe por \u201clluvias y tormentas de variada intensidad, algunas fuertes\u201d. Comenzar\u00e1n por la tarde. Alcanza<\/p>\n","protected":false},"author":4,"featured_media":31321,"comment_status":"closed","ping_status":"closed","sticky":false,"template":"","format":"standard","meta":{"_jetpack_memberships_contains_paid_content":false,"footnotes":""},"categories":[5,1],"tags":[],"class_list":["post-31319","post","type-post","status-publish","format-standard","has-post-thumbnail","hentry","category-informacion-general","category-portada"],"jetpack_featured_media_url":"https:\/\/i0.wp.com\/cdnoticias.com\/wp-content\/uploads\/2021\/08\/alerta-01.jpg?fit=800%2C445&ssl=1","jetpack_sharing_enabled":true,"_links":{"self":[{"href":"https:\/\/cdnoticias.com\/index.php\/wp-json\/wp\/v2\/posts\/31319","targetHints":{"allow":["GET"]}}],"collection":[{"href":"https:\/\/cdnoticias.com\/index.php\/wp-json\/wp\/v2\/posts"}],"about":[{"href":"https:\/\/cdnoticias.com\/index.php\/wp-json\/wp\/v2\/types\/post"}],"author":[{"embeddable":true,"href":"https:\/\/cdnoticias.com\/index.php\/wp-json\/wp\/v2\/users\/4"}],"replies":[{"embeddable":true,"href":"https:\/\/cdnoticias.com\/index.php\/wp-json\/wp\/v2\/comments?post=31319"}],"version-history":[{"count":0,"href":"https:\/\/cdnoticias.com\/index.php\/wp-json\/wp\/v2\/posts\/31319\/revisions"}],"wp:featuredmedia":[{"embeddable":true,"href":"https:\/\/cdnoticias.com\/index.php\/wp-json\/wp\/v2\/media\/31321"}],"wp:attachment":[{"href":"https:\/\/cdnoticias.com\/index.php\/wp-json\/wp\/v2\/media?parent=31319"}],"wp:term":[{"taxonomy":"category","embeddable":true,"href":"https:\/\/cdnoticias.com\/index.php\/wp-json\/wp\/v2\/categories?post=31319"},{"taxonomy":"post_tag","embeddable":true,"href":"https:\/\/cdnoticias.com\/index.php\/wp-json\/wp\/v2\/tags?post=31319"}],"curies":[{"name":"wp","href":"https:\/\/api.w.org\/{rel}","templated":true}]}}