{"id":31308,"date":"2021-08-30T22:02:47","date_gmt":"2021-08-31T01:02:47","guid":{"rendered":"http:\/\/www.centraldenoticias.com.ar\/?p=31308"},"modified":"2021-08-31T08:40:34","modified_gmt":"2021-08-31T11:40:34","slug":"plan-provincial-de-vacunacion-este-lunes-se-aplicaron-mas-de-600-dosis","status":"publish","type":"post","link":"https:\/\/cdnoticias.com\/index.php\/2021\/08\/30\/plan-provincial-de-vacunacion-este-lunes-se-aplicaron-mas-de-600-dosis\/","title":{"rendered":"Plan provincial de vacunaci\u00f3n: este lunes se aplicaron m\u00e1s de 600 dosis"},"content":{"rendered":"<p>As\u00ed fue informado desde Regi\u00f3n Sanitaria IX. Adem\u00e1s, se\u00f1alaron que se realizaron 78 hisopados en el Centro Provincial de Testeos, de los cu\u00e1les 17 resultaron positivos.<!--more--><\/p>\n<hr \/>\n<p>Contin\u00faa el plan provincial de vacunaci\u00f3n y durante la jornada se aplicaron en el Partido un total de<strong> 606 vacunas contra el Covid-19<\/strong> distribuidas en las postas sanitarias de la ciudad y a trav\u00e9s de la vacunaci\u00f3n realizada en Blanca Grande y Recalde.<\/p>\n<p>&nbsp;<\/p>\n<p>Seg\u00fan el detalle en el <strong>Centro Cultural Universitario<\/strong> se vacunaron 56 personas de las cuales 30 recibieron primeras dosis y 26 segundo componente; en el <strong>Servicio Territorial N\u00b02<\/strong> se aplicaron 208 vacunas de las cuales 100 corresponden a primeras dosis y 108 a segundo componente; en la<strong> Facultad de Ciencias de la Salud<\/strong> se inocularon 171 vecinas y vecinos con segundo componente, y en la <strong>Mutual Carlos Alberto Moreno de Suteba<\/strong> se vacunaron 112 personas con segunda dosis.<\/p>\n<p>&nbsp;<\/p>\n<p>Adem\u00e1s en <strong>Blanca Grande<\/strong> se aplicaron 5 dosis, 1 vacuna de primer componente y 4 de segundas dosis, y en el caso de <strong>Recalde<\/strong> se inocularon 54 personas, de ellas 24 corresponden a primer componente y 30 a segundas dosis.<\/p>\n<p>&nbsp;<\/p>\n<p>En cuanto a las actividades preventivas que se realizan en el<strong> Centro Provincial de Testeos<\/strong> que funciona en las instalaciones del Club El Fort\u00edn (Urquiza 2980), de lunes a viernes de 8 a 12, <strong>este lunes se realizaron 78 hisopados, de los cuales 17 resultaron positivos.<\/strong><\/p>\n<p>&nbsp;<\/p>\n<p><img data-recalc-dims=\"1\" loading=\"lazy\" decoding=\"async\" class=\"alignnone size-full wp-image-31310\" src=\"https:\/\/i0.wp.com\/cdnoticias.com\/wp-content\/uploads\/2021\/08\/WhatsApp-Image-2021-08-30-at-20.40.54.jpeg?resize=800%2C600&#038;ssl=1\" alt=\"\" width=\"800\" height=\"600\" srcset=\"https:\/\/i0.wp.com\/cdnoticias.com\/wp-content\/uploads\/2021\/08\/WhatsApp-Image-2021-08-30-at-20.40.54.jpeg?w=1040&amp;ssl=1 1040w, https:\/\/i0.wp.com\/cdnoticias.com\/wp-content\/uploads\/2021\/08\/WhatsApp-Image-2021-08-30-at-20.40.54.jpeg?resize=300%2C225&amp;ssl=1 300w, https:\/\/i0.wp.com\/cdnoticias.com\/wp-content\/uploads\/2021\/08\/WhatsApp-Image-2021-08-30-at-20.40.54.jpeg?resize=768%2C576&amp;ssl=1 768w, https:\/\/i0.wp.com\/cdnoticias.com\/wp-content\/uploads\/2021\/08\/WhatsApp-Image-2021-08-30-at-20.40.54.jpeg?resize=1024%2C768&amp;ssl=1 1024w\" sizes=\"auto, (max-width: 800px) 100vw, 800px\" \/><\/p>\n<p>&nbsp;<\/p>\n<p>&nbsp;<\/p>\n<blockquote><p>A la par, sigue desarroll\u00e1ndose la vacunaci\u00f3n libre para mayores de 18 a\u00f1os que acrediten domicilio en la localidad present\u00e1ndose con su DNI en cualquiera de las postas de vacunaci\u00f3n.<\/p><\/blockquote>\n<p>&nbsp;<\/p>\n<p>Adem\u00e1s, contin\u00faa la inscripci\u00f3n a menores de 12 a 17 a\u00f1os a trav\u00e9s del<a href=\"https:\/\/vacunatepba.gba.gob.ar\/\" target=\"_blank\" rel=\"noopener\"> sitio web<\/a> para obtener el turno correspondiente y recibir la primera dosis, priorizando a quienes pertenecen a grupos de riesgo.<\/p>\n<p>&nbsp;<\/p>\n<p>Con respecto a<strong> segundas dosis<\/strong>, se recuerda que para recibir la aplicaci\u00f3n es \u00fanicamente por turnos, por lo que se le pide a los vecinos y vecinas que est\u00e9n atentos a las notificaciones que se env\u00edan desde el Ministerio de Salud provincial.<\/p>\n","protected":false},"excerpt":{"rendered":"<p>As\u00ed fue informado desde Regi\u00f3n Sanitaria IX. Adem\u00e1s, se\u00f1alaron que se realizaron 78 hisopados en el Centro Provincial de Testeos,<\/p>\n","protected":false},"author":5,"featured_media":31309,"comment_status":"closed","ping_status":"closed","sticky":false,"template":"","format":"standard","meta":{"_jetpack_memberships_contains_paid_content":false,"footnotes":""},"categories":[16,1],"tags":[],"class_list":["post-31308","post","type-post","status-publish","format-standard","has-post-thumbnail","hentry","category-covid-19","category-portada"],"jetpack_featured_media_url":"https:\/\/i0.wp.com\/cdnoticias.com\/wp-content\/uploads\/2021\/08\/WhatsApp-Image-2021-08-30-at-20.40.54-1.jpeg?fit=1040%2C780&ssl=1","jetpack_sharing_enabled":true,"_links":{"self":[{"href":"https:\/\/cdnoticias.com\/index.php\/wp-json\/wp\/v2\/posts\/31308","targetHints":{"allow":["GET"]}}],"collection":[{"href":"https:\/\/cdnoticias.com\/index.php\/wp-json\/wp\/v2\/posts"}],"about":[{"href":"https:\/\/cdnoticias.com\/index.php\/wp-json\/wp\/v2\/types\/post"}],"author":[{"embeddable":true,"href":"https:\/\/cdnoticias.com\/index.php\/wp-json\/wp\/v2\/users\/5"}],"replies":[{"embeddable":true,"href":"https:\/\/cdnoticias.com\/index.php\/wp-json\/wp\/v2\/comments?post=31308"}],"version-history":[{"count":0,"href":"https:\/\/cdnoticias.com\/index.php\/wp-json\/wp\/v2\/posts\/31308\/revisions"}],"wp:featuredmedia":[{"embeddable":true,"href":"https:\/\/cdnoticias.com\/index.php\/wp-json\/wp\/v2\/media\/31309"}],"wp:attachment":[{"href":"https:\/\/cdnoticias.com\/index.php\/wp-json\/wp\/v2\/media?parent=31308"}],"wp:term":[{"taxonomy":"category","embeddable":true,"href":"https:\/\/cdnoticias.com\/index.php\/wp-json\/wp\/v2\/categories?post=31308"},{"taxonomy":"post_tag","embeddable":true,"href":"https:\/\/cdnoticias.com\/index.php\/wp-json\/wp\/v2\/tags?post=31308"}],"curies":[{"name":"wp","href":"https:\/\/api.w.org\/{rel}","templated":true}]}}