{"id":31298,"date":"2021-08-30T20:52:05","date_gmt":"2021-08-30T23:52:05","guid":{"rendered":"http:\/\/www.centraldenoticias.com.ar\/?p=31298"},"modified":"2021-08-30T20:52:05","modified_gmt":"2021-08-30T23:52:05","slug":"ezequiel-galli-visito-la-sociedad-de-fomento-del-barrio-aoma","status":"publish","type":"post","link":"https:\/\/cdnoticias.com\/index.php\/2021\/08\/30\/ezequiel-galli-visito-la-sociedad-de-fomento-del-barrio-aoma\/","title":{"rendered":"Ezequiel Galli visit\u00f3 la Sociedad de Fomento del barrio AOMA"},"content":{"rendered":"<p>Estuvo acompa\u00f1ado por los funcionarios y precandidatos Diego Robbiani, Bruno Cenizo y Mar\u00eda Jos\u00e9 Gonz\u00e1lez.\u00a0 Dialogaron con vecinos y con el nuevo presidente de la entidad.<!--more--><\/p>\n<hr \/>\n<p>En la tarde de este lunes el intendente municipal Ezequiel Galli visit\u00f3 la<strong> Sociedad de Fomento \u201cCarlos Von Bernard\u201d del barrio AOMA.<\/strong><\/p>\n<p>&nbsp;<\/p>\n<p>En la oportunidad, el jefe comunal estuvo acompa\u00f1ado por <strong>el Secretario de Desarrollo Humano y Calidad de Vida Diego Robbiani, el presidente del HCD Bruno Cenizo y la concejal Mar\u00eda Jos\u00e9 Gonz\u00e1lez.<\/strong><\/p>\n<p>&nbsp;<\/p>\n<p>En la sede de la Sociedad de Fomento, los funcionarios municipales dialogaron con el <strong>dirigente barrial Walter \u201cPano\u201d Vega y con el nuevo presidente de la entidad Mauricio Navarro<\/strong> sobre los desaf\u00edos que afrontar\u00e1 en su cargo.<\/p>\n<p>&nbsp;<\/p>\n<p>Al respecto, Ezequiel Galli dijo: <em>\u201cvinimos a dialogar con Mauricio y la nueva comisi\u00f3n y, como siempre, nos pusimos a disposici\u00f3n para trabajar de manera conjunta por el bien de los vecinos\u201d.<\/em><\/p>\n<p>&nbsp;<\/p>\n<p><em>\u201cEs muy importante que haya una <strong>renovaci\u00f3n en la dirigencia fomentista<\/strong> y que \u201cPano\u201d pueda aportarle toda su experiencia desde otro lugar despu\u00e9s de hacer un gran trabajo en el barrio\u201d<\/em>, finaliz\u00f3.<\/p>\n","protected":false},"excerpt":{"rendered":"<p>Estuvo acompa\u00f1ado por los funcionarios y precandidatos Diego Robbiani, Bruno Cenizo y Mar\u00eda Jos\u00e9 Gonz\u00e1lez.\u00a0 Dialogaron con vecinos y con<\/p>\n","protected":false},"author":5,"featured_media":31299,"comment_status":"closed","ping_status":"closed","sticky":false,"template":"","format":"standard","meta":{"_jetpack_memberships_contains_paid_content":false,"footnotes":""},"categories":[5,1],"tags":[],"class_list":["post-31298","post","type-post","status-publish","format-standard","has-post-thumbnail","hentry","category-informacion-general","category-portada"],"jetpack_featured_media_url":"https:\/\/i0.wp.com\/cdnoticias.com\/wp-content\/uploads\/2021\/08\/aoma-1024x514.jpg?fit=1024%2C514&ssl=1","jetpack_sharing_enabled":true,"_links":{"self":[{"href":"https:\/\/cdnoticias.com\/index.php\/wp-json\/wp\/v2\/posts\/31298","targetHints":{"allow":["GET"]}}],"collection":[{"href":"https:\/\/cdnoticias.com\/index.php\/wp-json\/wp\/v2\/posts"}],"about":[{"href":"https:\/\/cdnoticias.com\/index.php\/wp-json\/wp\/v2\/types\/post"}],"author":[{"embeddable":true,"href":"https:\/\/cdnoticias.com\/index.php\/wp-json\/wp\/v2\/users\/5"}],"replies":[{"embeddable":true,"href":"https:\/\/cdnoticias.com\/index.php\/wp-json\/wp\/v2\/comments?post=31298"}],"version-history":[{"count":0,"href":"https:\/\/cdnoticias.com\/index.php\/wp-json\/wp\/v2\/posts\/31298\/revisions"}],"wp:featuredmedia":[{"embeddable":true,"href":"https:\/\/cdnoticias.com\/index.php\/wp-json\/wp\/v2\/media\/31299"}],"wp:attachment":[{"href":"https:\/\/cdnoticias.com\/index.php\/wp-json\/wp\/v2\/media?parent=31298"}],"wp:term":[{"taxonomy":"category","embeddable":true,"href":"https:\/\/cdnoticias.com\/index.php\/wp-json\/wp\/v2\/categories?post=31298"},{"taxonomy":"post_tag","embeddable":true,"href":"https:\/\/cdnoticias.com\/index.php\/wp-json\/wp\/v2\/tags?post=31298"}],"curies":[{"name":"wp","href":"https:\/\/api.w.org\/{rel}","templated":true}]}}