{"id":31290,"date":"2021-08-30T20:17:07","date_gmt":"2021-08-30T23:17:07","guid":{"rendered":"http:\/\/www.centraldenoticias.com.ar\/?p=31290"},"modified":"2021-08-30T20:17:07","modified_gmt":"2021-08-30T23:17:07","slug":"padulo-tenemos-que-reforzar-el-camino-que-tomamos-como-gobierno","status":"publish","type":"post","link":"https:\/\/cdnoticias.com\/index.php\/2021\/08\/30\/padulo-tenemos-que-reforzar-el-camino-que-tomamos-como-gobierno\/","title":{"rendered":"Padulo: \u201cTenemos que reforzar el camino que tomamos como gobierno\u201d"},"content":{"rendered":"<p>La diputada provincial estuvo en Olavarr\u00eda para participar de la entrega de certificados del programa \u201cPotenciar Trabajo\u201d. En di\u00e1logo con<em> Central de Noticias<\/em> analiz\u00f3 la campa\u00f1a de cara a las legislativas y el rol del Frente Renovador dentro del Frente de Todos.<!--more--><\/p>\n<hr \/>\n<p><strong><em>\u201cTenemos claro que en estas elecciones tenemos que reforzar de alguna manera el camino que tomamos como gobierno\u201d,<\/em><\/strong> afirm\u00f3 la diputada provincial Luciana Padulo en di\u00e1logo con <em>Central de Noticias.<\/em><\/p>\n<p>&nbsp;<\/p>\n<p>Padulo lleg\u00f3 a Olavarr\u00eda para participar del<a href=\"https:\/\/cdnoticias.com\/index.php\/2021\/08\/30\/potenciar-trabajo-con-presencias-politicas-se-entregaron-42-certificados-en-olavarria\/\" target=\"_blank\" rel=\"noopener\"> acto de entrega de 42 certificados<\/a> del Programa Nacional de Inclusi\u00f3n Socioproductiva y Desarrollo Local \u201cPotenciar Trabajo\u201d.<\/p>\n<p>&nbsp;<\/p>\n<p><img data-recalc-dims=\"1\" loading=\"lazy\" decoding=\"async\" class=\"alignnone size-full wp-image-31269\" src=\"https:\/\/i0.wp.com\/cdnoticias.com\/wp-content\/uploads\/2021\/08\/Potenciar-certificados-05.jpg?resize=800%2C445&#038;ssl=1\" alt=\"\" width=\"800\" height=\"445\" srcset=\"https:\/\/i0.wp.com\/cdnoticias.com\/wp-content\/uploads\/2021\/08\/Potenciar-certificados-05.jpg?w=800&amp;ssl=1 800w, https:\/\/i0.wp.com\/cdnoticias.com\/wp-content\/uploads\/2021\/08\/Potenciar-certificados-05.jpg?resize=300%2C167&amp;ssl=1 300w, https:\/\/i0.wp.com\/cdnoticias.com\/wp-content\/uploads\/2021\/08\/Potenciar-certificados-05.jpg?resize=768%2C427&amp;ssl=1 768w\" sizes=\"auto, (max-width: 800px) 100vw, 800px\" \/><\/p>\n<p>&nbsp;<\/p>\n<p>Durante la visita <strong>destac\u00f3 el aporte que realiza el Frente Renovador al Frente de Todos<\/strong> y tiene que ver <em>\u201ccon el capital humano en el trabajo, con el reforzar la educaci\u00f3n, con reforzar cuestiones que tienen que ver con el trabajo genuino y con el trabajo formal, de cara a que estamos ya saliendo de la pandemia, camino a la Provincia que queremos, a la Argentina que queremos, a recuperar la vida que ten\u00edamos\u201d.<\/em><\/p>\n<p>&nbsp;<\/p>\n<p>Si bien, la diputada no es candidata en estas elecciones, indic\u00f3 que vive la campa\u00f1a<em> \u201ccomo equipo\u201d<\/em>, con la convicci\u00f3n de <strong><em>\u201cacompa\u00f1ar a los compa\u00f1eros y compa\u00f1eras que se est\u00e1n presentado en las listas\u201d.<\/em><\/strong><\/p>\n<p>&nbsp;<\/p>\n<p>En ese sentido, asegur\u00f3 que<em> \u201cnos toc\u00f3 un tiempo complicado y nuestra idea es reforzar a nuestros compa\u00f1eros y nuestras compa\u00f1eras que est\u00e1n llevando las propuestas legislativas para estas elecciones\u201d<\/em> y agreg\u00f3 que la gente deber\u00eda ver <strong><em>\u201chacia d\u00f3nde postulamos el proyecto y que ahora viene el momento de plasmarlo\u201d.<\/em><\/strong><\/p>\n<p>&nbsp;<\/p>\n<p><img data-recalc-dims=\"1\" loading=\"lazy\" decoding=\"async\" class=\"alignnone size-full wp-image-31259\" src=\"https:\/\/i0.wp.com\/cdnoticias.com\/wp-content\/uploads\/2021\/08\/padulo-Frente-Renovador-Eduardo-In%C3%A9s-01.jpg?resize=800%2C445&#038;ssl=1\" alt=\"\" width=\"800\" height=\"445\" srcset=\"https:\/\/i0.wp.com\/cdnoticias.com\/wp-content\/uploads\/2021\/08\/padulo-Frente-Renovador-Eduardo-In%C3%A9s-01.jpg?w=800&amp;ssl=1 800w, https:\/\/i0.wp.com\/cdnoticias.com\/wp-content\/uploads\/2021\/08\/padulo-Frente-Renovador-Eduardo-In%C3%A9s-01.jpg?resize=300%2C167&amp;ssl=1 300w, https:\/\/i0.wp.com\/cdnoticias.com\/wp-content\/uploads\/2021\/08\/padulo-Frente-Renovador-Eduardo-In%C3%A9s-01.jpg?resize=768%2C427&amp;ssl=1 768w\" sizes=\"auto, (max-width: 800px) 100vw, 800px\" \/><\/p>\n<p>&nbsp;<\/p>\n<p>\u201c<strong><em>Recuperar la movilidad ascendente\u201d<\/em><\/strong> es fue el concepto que Padulo eligi\u00f3 para describir el objetivo general del Frente de Todos en las pr\u00f3ximas elecciones: <em>\u201cNosotros venimos de una fuerza que reconoce el esfuerzo, reconoce el trabajo y lo que necesitamos es igualar la linea de salida para que todos partamos desde el mismo lugar\u201d.<\/em><\/p>\n<p>&nbsp;<\/p>\n<p>Por \u00faltimo, elogi\u00f3 la diversidad del espacio que <em>\u201chabla de una amplitud de criterios que la gente necesita porque <strong>est\u00e1 harta de que le hablemos desde uno u el otro lado de la grieta.<\/strong> Nuestro frente es amplio pero tiene muy claras las ra\u00edces, que son del peronismo, y que s\u00ed o s\u00ed se linkean con la promoci\u00f3n social, con esta movilidad social ascendente\u201d.<\/em><\/p>\n","protected":false},"excerpt":{"rendered":"<p>La diputada provincial estuvo en Olavarr\u00eda para participar de la entrega de certificados del programa \u201cPotenciar Trabajo\u201d. En di\u00e1logo con<\/p>\n","protected":false},"author":5,"featured_media":31261,"comment_status":"closed","ping_status":"closed","sticky":false,"template":"","format":"standard","meta":{"_jetpack_memberships_contains_paid_content":false,"footnotes":""},"categories":[4,1],"tags":[],"class_list":["post-31290","post","type-post","status-publish","format-standard","has-post-thumbnail","hentry","category-politica","category-portada"],"jetpack_featured_media_url":"https:\/\/i0.wp.com\/cdnoticias.com\/wp-content\/uploads\/2021\/08\/padulo01.jpg?fit=800%2C445&ssl=1","jetpack_sharing_enabled":true,"_links":{"self":[{"href":"https:\/\/cdnoticias.com\/index.php\/wp-json\/wp\/v2\/posts\/31290","targetHints":{"allow":["GET"]}}],"collection":[{"href":"https:\/\/cdnoticias.com\/index.php\/wp-json\/wp\/v2\/posts"}],"about":[{"href":"https:\/\/cdnoticias.com\/index.php\/wp-json\/wp\/v2\/types\/post"}],"author":[{"embeddable":true,"href":"https:\/\/cdnoticias.com\/index.php\/wp-json\/wp\/v2\/users\/5"}],"replies":[{"embeddable":true,"href":"https:\/\/cdnoticias.com\/index.php\/wp-json\/wp\/v2\/comments?post=31290"}],"version-history":[{"count":0,"href":"https:\/\/cdnoticias.com\/index.php\/wp-json\/wp\/v2\/posts\/31290\/revisions"}],"wp:featuredmedia":[{"embeddable":true,"href":"https:\/\/cdnoticias.com\/index.php\/wp-json\/wp\/v2\/media\/31261"}],"wp:attachment":[{"href":"https:\/\/cdnoticias.com\/index.php\/wp-json\/wp\/v2\/media?parent=31290"}],"wp:term":[{"taxonomy":"category","embeddable":true,"href":"https:\/\/cdnoticias.com\/index.php\/wp-json\/wp\/v2\/categories?post=31290"},{"taxonomy":"post_tag","embeddable":true,"href":"https:\/\/cdnoticias.com\/index.php\/wp-json\/wp\/v2\/tags?post=31290"}],"curies":[{"name":"wp","href":"https:\/\/api.w.org\/{rel}","templated":true}]}}