{"id":31275,"date":"2021-08-30T20:15:46","date_gmt":"2021-08-30T23:15:46","guid":{"rendered":"http:\/\/www.centraldenoticias.com.ar\/?p=31275"},"modified":"2021-08-30T22:03:06","modified_gmt":"2021-08-31T01:03:06","slug":"potenciar-trabajo-con-presencias-politicas-se-entregaron-42-certificados-en-olavarria","status":"publish","type":"post","link":"https:\/\/cdnoticias.com\/index.php\/2021\/08\/30\/potenciar-trabajo-con-presencias-politicas-se-entregaron-42-certificados-en-olavarria\/","title":{"rendered":"Potenciar Trabajo: con presencias pol\u00edticas, se entregaron 42 certificados en Olavarr\u00eda"},"content":{"rendered":"<p>Referentes del programa y la diputada provincial Luciana Padulo participaron del encuentro que se realiz\u00f3 en la Sociedad de Fomento Mariano Moreno. Destacaron la concreci\u00f3n de pol\u00edticas p\u00fablicas vinculadas a la educaci\u00f3n y el desarrollo de la alfabetizaci\u00f3n digital.<!--more--><\/p>\n<hr \/>\n<p>Este lunes <strong>se entregaron 42 certificados del Programa Nacional de Inclusi\u00f3n Socioproductiva y Desarrollo Local \u201cPotenciar Trabajo\u201d<\/strong> en un \u00edntimo acto realizado en el sal\u00f3n de la Sociedad de Fomento Mariano Moreno.<\/p>\n<p>&nbsp;<\/p>\n<p>Estuvieron presentes <strong>Eduardo Rodr\u00edguez e In\u00e9s Creimer<\/strong>, concejales del Foro Olavarr\u00eda \u2013 Frente Renovador en el Frente de Todos, los precandidatos a concejales\u00a0<strong>Maximiliano Wesner<\/strong>\u00a0y<strong>\u00a0Gast\u00f3n Saruchu<\/strong>, el responsable del Programa Potenciar Trabajo <strong>Ezequiel Wajncer<\/strong> y la diputada provincial<strong> Luciana Padulo.<\/strong><\/p>\n<p>&nbsp;<\/p>\n<p><img data-recalc-dims=\"1\" loading=\"lazy\" decoding=\"async\" class=\"alignnone size-full wp-image-31259\" src=\"https:\/\/i0.wp.com\/cdnoticias.com\/wp-content\/uploads\/2021\/08\/padulo-Frente-Renovador-Eduardo-In%C3%A9s-01.jpg?resize=800%2C445&#038;ssl=1\" alt=\"\" width=\"800\" height=\"445\" srcset=\"https:\/\/i0.wp.com\/cdnoticias.com\/wp-content\/uploads\/2021\/08\/padulo-Frente-Renovador-Eduardo-In%C3%A9s-01.jpg?w=800&amp;ssl=1 800w, https:\/\/i0.wp.com\/cdnoticias.com\/wp-content\/uploads\/2021\/08\/padulo-Frente-Renovador-Eduardo-In%C3%A9s-01.jpg?resize=300%2C167&amp;ssl=1 300w, https:\/\/i0.wp.com\/cdnoticias.com\/wp-content\/uploads\/2021\/08\/padulo-Frente-Renovador-Eduardo-In%C3%A9s-01.jpg?resize=768%2C427&amp;ssl=1 768w\" sizes=\"auto, (max-width: 800px) 100vw, 800px\" \/><\/p>\n<p>&nbsp;<\/p>\n<p>Ante de la entrega de certificados, Eduardo Rodr\u00edguez destac\u00f3 la presencia de los precandidatos Maximiliano Wesner y Gast\u00f3n Sarachu como quienes <strong><em>\u201cvan a defender pol\u00edticas p\u00fablicas como \u00e9stas\u201d.<\/em><\/strong><\/p>\n<p>&nbsp;<\/p>\n<p>En ese sentido, <strong>Wesner<\/strong> habl\u00f3 del Potenciar Trabajo como <em>\u201cuna herramienta de transformaci\u00f3n a futuro. Es una inversi\u00f3n que ustedes est\u00e1n haciendo. Y tambi\u00e9n es una inversi\u00f3n la que hace el Estado para que est\u00e9n preparados para salir a este mercado laboral que muchas veces castiga\u201d.<\/em><\/p>\n<p>&nbsp;<\/p>\n<p>Por su parte, la diputada <strong>Luciana Padulo <a href=\"https:\/\/cdnoticias.com\/index.php\/2021\/08\/30\/padulo-tenemos-que-reforzar-el-camino-que-tomamos-como-gobierno\/\" target=\"_blank\" rel=\"noopener\">resalt\u00f3 la diversidad del Frente de Todos y del aporte que realiza el Frente Renovador<\/a><\/strong> <em>\u201cque tiene que ver con el capital humano en el trabajo, con el reforzar la educaci\u00f3n, con reforzar cuestiones que tienen que ver con el trabajo genuino y con el trabajo formal\u201d.<\/em><\/p>\n<p>[soliloquy id=&#8221;31281&#8243;]<\/p>\n<p>&nbsp;<\/p>\n<p><b>La alfabetizaci\u00f3n digital como una de las metas a futuro<\/b><\/p>\n<p>&nbsp;<\/p>\n<p><strong>Ezequiel Wajncer, Coordinador de Vinculaci\u00f3n Educativa<\/strong>, en di\u00e1logo con <em>Central de Noticias<\/em>\u00a0se\u00f1al\u00f3 que la propuesta <em>\u201csurge como proyecto a partir de una firma de convenio entre el Ministerio de Desarrollo de la Naci\u00f3n y el Ministerio de Transporte, donde se designa a Trenes Argentinos Capital Humano como unidad de gesti\u00f3n del Potenciar Trabajo, <strong>donde nosotros fuertemente apostamos a la capacitaci\u00f3n, a la formaci\u00f3n, a la terminalidad educativa<\/strong>\u201d.<\/em><\/p>\n<p>&nbsp;<\/p>\n<p>A la par que record\u00f3 los inicios de la propuesta, indic\u00f3 los desaf\u00edos de la virtualidad y la preparaci\u00f3n para la presencialidad.<\/p>\n<p>&nbsp;<\/p>\n<p><img data-recalc-dims=\"1\" loading=\"lazy\" decoding=\"async\" class=\"alignnone size-full wp-image-31256\" src=\"https:\/\/i0.wp.com\/cdnoticias.com\/wp-content\/uploads\/2021\/08\/Ezequiel-Wajncer-01.jpg?resize=800%2C445&#038;ssl=1\" alt=\"\" width=\"800\" height=\"445\" srcset=\"https:\/\/i0.wp.com\/cdnoticias.com\/wp-content\/uploads\/2021\/08\/Ezequiel-Wajncer-01.jpg?w=800&amp;ssl=1 800w, https:\/\/i0.wp.com\/cdnoticias.com\/wp-content\/uploads\/2021\/08\/Ezequiel-Wajncer-01.jpg?resize=300%2C167&amp;ssl=1 300w, https:\/\/i0.wp.com\/cdnoticias.com\/wp-content\/uploads\/2021\/08\/Ezequiel-Wajncer-01.jpg?resize=768%2C427&amp;ssl=1 768w\" sizes=\"auto, (max-width: 800px) 100vw, 800px\" \/><\/p>\n<p>&nbsp;<\/p>\n<p><em>\u201cNosotros arrancamos en <strong>noviembre del 2020 en Olavarr\u00eda<\/strong>, pero estamos en distintos puntos de la provincia de Buenos Aires. Por suerte estamos ingresando en un momento donde la vacunaci\u00f3n avanza, los contagios caen y eso nos permite habilitar cierto grado de presencialidad para algunas actividades\u201d<\/em>, explic\u00f3.<\/p>\n<p>&nbsp;<\/p>\n<p>Asimismo reconoci\u00f3 que si bien la capacitaci\u00f3n virtual <em>\u201csurgi\u00f3 a partir de una cuesti\u00f3n de coyuntura\u201d<\/em> el planteo por parte del presidente de Trenes Argentinos Capital Humano, Dami\u00e1n Contreras, es <strong><em>\u201cavanzar en un proceso de alfabetizaci\u00f3n digital\u201d.<\/em><\/strong><\/p>\n<p>&nbsp;<\/p>\n<p>Adem\u00e1s, el funcionario valor\u00f3<em> &#8220;el hilo que une cada una de las historias\u201d<\/em> de quienes se capacitan con el programa: <strong><em>\u201cel esfuerzo y el compromiso que ponen para la autosuperaci\u00f3n\u201d.<\/em><\/strong><\/p>\n<p>&nbsp;<\/p>\n<p>Por \u00faltimo, se\u00f1al\u00f3 que <em>\u201cparad\u00f3jicamente el \u00e9xito del Potenciar Trabajo va a ser que deje de existir.\u00a0<\/em><em>Vale decir <strong>que todos puedan conseguir un trabajo, un empleo en blanco, un empleo formal<\/strong> y para eso es necesario capacitarse, formarse, terminar la secundaria o la primaria aquellos que lo necesiten\u201d.<\/em><\/p>\n","protected":false},"excerpt":{"rendered":"<p>Referentes del programa y la diputada provincial Luciana Padulo participaron del encuentro que se realiz\u00f3 en la Sociedad de Fomento<\/p>\n","protected":false},"author":5,"featured_media":31269,"comment_status":"closed","ping_status":"closed","sticky":false,"template":"","format":"standard","meta":{"_jetpack_memberships_contains_paid_content":false,"footnotes":""},"categories":[4,1],"tags":[],"class_list":["post-31275","post","type-post","status-publish","format-standard","has-post-thumbnail","hentry","category-politica","category-portada"],"jetpack_featured_media_url":"https:\/\/i0.wp.com\/cdnoticias.com\/wp-content\/uploads\/2021\/08\/Potenciar-certificados-05.jpg?fit=800%2C445&ssl=1","jetpack_sharing_enabled":true,"_links":{"self":[{"href":"https:\/\/cdnoticias.com\/index.php\/wp-json\/wp\/v2\/posts\/31275","targetHints":{"allow":["GET"]}}],"collection":[{"href":"https:\/\/cdnoticias.com\/index.php\/wp-json\/wp\/v2\/posts"}],"about":[{"href":"https:\/\/cdnoticias.com\/index.php\/wp-json\/wp\/v2\/types\/post"}],"author":[{"embeddable":true,"href":"https:\/\/cdnoticias.com\/index.php\/wp-json\/wp\/v2\/users\/5"}],"replies":[{"embeddable":true,"href":"https:\/\/cdnoticias.com\/index.php\/wp-json\/wp\/v2\/comments?post=31275"}],"version-history":[{"count":0,"href":"https:\/\/cdnoticias.com\/index.php\/wp-json\/wp\/v2\/posts\/31275\/revisions"}],"wp:featuredmedia":[{"embeddable":true,"href":"https:\/\/cdnoticias.com\/index.php\/wp-json\/wp\/v2\/media\/31269"}],"wp:attachment":[{"href":"https:\/\/cdnoticias.com\/index.php\/wp-json\/wp\/v2\/media?parent=31275"}],"wp:term":[{"taxonomy":"category","embeddable":true,"href":"https:\/\/cdnoticias.com\/index.php\/wp-json\/wp\/v2\/categories?post=31275"},{"taxonomy":"post_tag","embeddable":true,"href":"https:\/\/cdnoticias.com\/index.php\/wp-json\/wp\/v2\/tags?post=31275"}],"curies":[{"name":"wp","href":"https:\/\/api.w.org\/{rel}","templated":true}]}}