{"id":31215,"date":"2021-08-30T15:20:21","date_gmt":"2021-08-30T18:20:21","guid":{"rendered":"http:\/\/www.centraldenoticias.com.ar\/?p=31215"},"modified":"2023-07-19T10:37:49","modified_gmt":"2023-07-19T13:37:49","slug":"legislativas-2021-el-padron-de-olavarria-tiene-96-900-electores","status":"publish","type":"post","link":"https:\/\/cdnoticias.com\/index.php\/2021\/08\/30\/legislativas-2021-el-padron-de-olavarria-tiene-96-900-electores\/","title":{"rendered":"Legislativas 2021: el padr\u00f3n de Olavarr\u00eda tiene 96.900 electores"},"content":{"rendered":"<p>Se dispusieron 291 mesas para estos comicios. El 85% de los votantes est\u00e1 en la planta urbana y 14,5%, en las localidades.<!--more--><\/p>\n<hr \/>\n<p><strong>El padr\u00f3n olavarriense para estas elecciones pr\u00e1cticamente no tuvo cambios respecto de las elecciones de 2019<\/strong>: apenas aument\u00f3 0,75%.<\/p>\n<p>&nbsp;<\/p>\n<blockquote><p><strong>Central de Noticias<\/strong> confirm\u00f3 que son 96.900 los olavarrienses habilitados a votar en las PASO del 12 de septiembre.<\/p><\/blockquote>\n<p>&nbsp;<\/p>\n<p>Se dispusieron para ello <strong>291 mesas, dos m\u00e1s que en los comicios anteriores<\/strong>. En cuanto a los <strong>establecimientos en los que se ubicar\u00e1n mesas, son hasta ahora 62<\/strong> y, a diferencia de las elecciones de 2019 no s\u00f3lo hay escuelas sino que tambi\u00e9n hay clubes incluidos.<\/p>\n<p>&nbsp;<\/p>\n<p><img data-recalc-dims=\"1\" loading=\"lazy\" decoding=\"async\" class=\"size-full wp-image-31220 aligncenter\" src=\"https:\/\/i0.wp.com\/cdnoticias.com\/wp-content\/uploads\/2021\/08\/elecciones-padron-01.jpg?resize=800%2C449&#038;ssl=1\" alt=\"\" width=\"800\" height=\"449\" srcset=\"https:\/\/i0.wp.com\/cdnoticias.com\/wp-content\/uploads\/2021\/08\/elecciones-padron-01.jpg?w=800&amp;ssl=1 800w, https:\/\/i0.wp.com\/cdnoticias.com\/wp-content\/uploads\/2021\/08\/elecciones-padron-01.jpg?resize=300%2C168&amp;ssl=1 300w, https:\/\/i0.wp.com\/cdnoticias.com\/wp-content\/uploads\/2021\/08\/elecciones-padron-01.jpg?resize=768%2C431&amp;ssl=1 768w\" sizes=\"auto, (max-width: 800px) 100vw, 800px\" \/><\/p>\n<p>&nbsp;<\/p>\n<p>En este caso, cabe se\u00f1alar que se inform\u00f3 que <strong>a\u00fan se disponen modificaciones de los lugares de votaci\u00f3n<\/strong> con lo que no se descartan cambios hasta \u00faltimo momento.<\/p>\n<p>&nbsp;<\/p>\n<blockquote><p>El 85% de los votantes de Olavarr\u00eda, unos 82.700, est\u00e1 en la planta urbana y 14,5%, en las localidades, donde suman 14.000 los integrantes del padr\u00f3n. A ellos se suman casi 500 electores empadronados en mesas de zonas rurales.<\/p><\/blockquote>\n<p>&nbsp;<\/p>\n<p>En tanto, cabe recordar que <strong>son 1.426 los extranjeros habilitados a votar en Olavarr\u00eda<\/strong>, <a href=\"https:\/\/cdnoticias.com\/index.php\/2021\/08\/09\/legislativas-2021-1-426-electores-extranjeros-votaran-en-olavarria\/\" target=\"_blank\" rel=\"noopener\">tal como ya se indic\u00f3<\/a>,\u00a0para las Legislativas con lo que <strong>la cantidad de votantes asciende a 98.326<\/strong>.<\/p>\n","protected":false},"excerpt":{"rendered":"<p>Se dispusieron 291 mesas para estos comicios. El 85% de los votantes est\u00e1 en la planta urbana y 14,5%, en<\/p>\n","protected":false},"author":4,"featured_media":31219,"comment_status":"closed","ping_status":"closed","sticky":false,"template":"","format":"standard","meta":{"_jetpack_memberships_contains_paid_content":false,"footnotes":""},"categories":[5,1],"tags":[],"class_list":["post-31215","post","type-post","status-publish","format-standard","has-post-thumbnail","hentry","category-informacion-general","category-portada"],"jetpack_featured_media_url":"https:\/\/i0.wp.com\/cdnoticias.com\/wp-content\/uploads\/2021\/08\/elecciones-padron-00.jpg?fit=800%2C445&ssl=1","jetpack_sharing_enabled":true,"_links":{"self":[{"href":"https:\/\/cdnoticias.com\/index.php\/wp-json\/wp\/v2\/posts\/31215","targetHints":{"allow":["GET"]}}],"collection":[{"href":"https:\/\/cdnoticias.com\/index.php\/wp-json\/wp\/v2\/posts"}],"about":[{"href":"https:\/\/cdnoticias.com\/index.php\/wp-json\/wp\/v2\/types\/post"}],"author":[{"embeddable":true,"href":"https:\/\/cdnoticias.com\/index.php\/wp-json\/wp\/v2\/users\/4"}],"replies":[{"embeddable":true,"href":"https:\/\/cdnoticias.com\/index.php\/wp-json\/wp\/v2\/comments?post=31215"}],"version-history":[{"count":0,"href":"https:\/\/cdnoticias.com\/index.php\/wp-json\/wp\/v2\/posts\/31215\/revisions"}],"wp:featuredmedia":[{"embeddable":true,"href":"https:\/\/cdnoticias.com\/index.php\/wp-json\/wp\/v2\/media\/31219"}],"wp:attachment":[{"href":"https:\/\/cdnoticias.com\/index.php\/wp-json\/wp\/v2\/media?parent=31215"}],"wp:term":[{"taxonomy":"category","embeddable":true,"href":"https:\/\/cdnoticias.com\/index.php\/wp-json\/wp\/v2\/categories?post=31215"},{"taxonomy":"post_tag","embeddable":true,"href":"https:\/\/cdnoticias.com\/index.php\/wp-json\/wp\/v2\/tags?post=31215"}],"curies":[{"name":"wp","href":"https:\/\/api.w.org\/{rel}","templated":true}]}}