{"id":31207,"date":"2021-08-30T11:49:30","date_gmt":"2021-08-30T14:49:30","guid":{"rendered":"http:\/\/www.centraldenoticias.com.ar\/?p=31207"},"modified":"2021-08-30T11:49:30","modified_gmt":"2021-08-30T14:49:30","slug":"mas-de-96-del-personal-docente-y-no-docente-bonaerense-completo-su-esquema-de-vacunacion","status":"publish","type":"post","link":"https:\/\/cdnoticias.com\/index.php\/2021\/08\/30\/mas-de-96-del-personal-docente-y-no-docente-bonaerense-completo-su-esquema-de-vacunacion\/","title":{"rendered":"M\u00e1s de 96% del personal docente y no docente bonaerense complet\u00f3 su esquema de vacunaci\u00f3n"},"content":{"rendered":"<p>Lo anunci\u00f3 el Gobierno bonaerense, de cara a vuelta de la presencialidad plena en las escuelas desde el 1\u00ba de septiembre.<\/p>\n<p><!--more--><\/p>\n<hr \/>\n<p><strong>El 96,40 por ciento del personal docente y no docente de la provincia de Buenos Aires est\u00e1 vacunado contra el coronavirus<\/strong>, seg\u00fan un nuevo informe sanitario que present\u00f3 el Gobierno bonaerense a pocos d\u00edas de la <strong>vuelta a la presencialidad plena en las escuelas<\/strong>, el pr\u00f3ximo mi\u00e9rcoles 1\u00ba de septiembre.<\/p>\n<p>&nbsp;<\/p>\n<p>El informe difundido a trav\u00e9s de la red social Twitter precis\u00f3 que en total <strong>525.399 trabajadores y trabajadoras est\u00e1n inmunizados sobre un total de 545.005 inscriptos<\/strong>.<\/p>\n<p>&nbsp;<\/p>\n<blockquote class=\"twitter-tweet\">\n<p dir=\"ltr\" lang=\"es\">Compartimos el informe de la cantidad de personas vacunadas hasta el momento.<a href=\"https:\/\/twitter.com\/hashtag\/BuenosAiresVacunate?src=hash&amp;ref_src=twsrc%5Etfw\">#BuenosAiresVacunate<\/a> \u2764\ufe0f\ud83d\udc89\u2764\ufe0f <a href=\"https:\/\/t.co\/E1wUXrSOLF\">pic.twitter.com\/E1wUXrSOLF<\/a><\/p>\n<p>\u2014 Gobierno PBA (@BAProvincia) <a href=\"https:\/\/twitter.com\/BAProvincia\/status\/1432331507910184960?ref_src=twsrc%5Etfw\">August 30, 2021<\/a><\/p><\/blockquote>\n<p><script async src=\"https:\/\/platform.twitter.com\/widgets.js\" charset=\"utf-8\"><\/script><\/p>\n<p>&nbsp;<\/p>\n<p>La semana pasada, el Consejo Federal de Educaci\u00f3n aprob\u00f3 la propuesta para <strong>regresar a la \u201cpresencialidad plena\u201d en las escuelas a partir del pr\u00f3ximo 1\u00ba de septiembre<\/strong>, en un esquema con protocolos que incluye una distancia de 90 cent\u00edmetros dentro de las aulas, la utilizaci\u00f3n obligatoria de barbijos, ventilaci\u00f3n cruzada y otras medidas de cuidado.<\/p>\n<p>&nbsp;<\/p>\n<p>Se anunci\u00f3 que podr\u00e1 establecerse una<strong> distancia m\u00ednima<\/strong> entre alumnos de 0,50 metros en aquellas escuelas en las que resulte imposible aplicar el rango de 0,90 metros para sostener la asistencia total de los estudiantes.\u00a0En esos casos de aulas poco espaciosas, las escuelas deber\u00e1n aplicar medidas preventivas adicionales, como los testeos a los estudiantes y el uso de medidores de di\u00f3xido de carbono, entre otras.<\/p>\n<p>&nbsp;<\/p>\n<p><img data-recalc-dims=\"1\" loading=\"lazy\" decoding=\"async\" class=\"aligncenter wp-image-3268\" src=\"https:\/\/i0.wp.com\/cdnoticias.com\/wp-content\/uploads\/2020\/10\/Nicolas-Trotta.jpg?resize=500%2C333&#038;ssl=1\" alt=\"\" width=\"500\" height=\"333\" srcset=\"https:\/\/i0.wp.com\/cdnoticias.com\/wp-content\/uploads\/2020\/10\/Nicolas-Trotta.jpg?w=960&amp;ssl=1 960w, https:\/\/i0.wp.com\/cdnoticias.com\/wp-content\/uploads\/2020\/10\/Nicolas-Trotta.jpg?resize=300%2C200&amp;ssl=1 300w, https:\/\/i0.wp.com\/cdnoticias.com\/wp-content\/uploads\/2020\/10\/Nicolas-Trotta.jpg?resize=768%2C512&amp;ssl=1 768w, https:\/\/i0.wp.com\/cdnoticias.com\/wp-content\/uploads\/2020\/10\/Nicolas-Trotta.jpg?resize=272%2C182&amp;ssl=1 272w\" sizes=\"auto, (max-width: 500px) 100vw, 500px\" \/><\/p>\n<p>&nbsp;<\/p>\n<p>Tambi\u00e9n se ratific\u00f3 el \u201ccompromiso\u201d del Gobierno nacional en \u201cacompa\u00f1ar\u201d a las provincias en la <strong>\u201cadquisici\u00f3n\u201d de diferentes insumos para poner en marcha la presencialidad<\/strong>, tales como \u201cmedidores de carbono, kit de testeos y barbijos\u201d, entre otros.<\/p>\n<p>&nbsp;<\/p>\n<blockquote><p>El ministro de Educaci\u00f3n, Nicol\u00e1s Trotta se\u00f1al\u00f3 que \u201ccada una de las jurisdicciones va a poder determinar la progresividad\u201d de las medidas aprobadas por el Consejo Federal de Educaci\u00f3n.<\/p><\/blockquote>\n<p>&nbsp;<\/p>\n<p>Fuente:<em> Agencia DIB<\/em><\/p>\n","protected":false},"excerpt":{"rendered":"<p>Lo anunci\u00f3 el Gobierno bonaerense, de cara a vuelta de la presencialidad plena en las escuelas desde el 1\u00ba de<\/p>\n","protected":false},"author":4,"featured_media":31208,"comment_status":"closed","ping_status":"closed","sticky":false,"template":"","format":"standard","meta":{"_jetpack_memberships_contains_paid_content":false,"footnotes":""},"categories":[6,1],"tags":[],"class_list":["post-31207","post","type-post","status-publish","format-standard","has-post-thumbnail","hentry","category-nacionales","category-portada"],"jetpack_featured_media_url":"https:\/\/i0.wp.com\/cdnoticias.com\/wp-content\/uploads\/2021\/08\/dib-escuela-3-e1629937225526.jpg?fit=1024%2C729&ssl=1","jetpack_sharing_enabled":true,"_links":{"self":[{"href":"https:\/\/cdnoticias.com\/index.php\/wp-json\/wp\/v2\/posts\/31207","targetHints":{"allow":["GET"]}}],"collection":[{"href":"https:\/\/cdnoticias.com\/index.php\/wp-json\/wp\/v2\/posts"}],"about":[{"href":"https:\/\/cdnoticias.com\/index.php\/wp-json\/wp\/v2\/types\/post"}],"author":[{"embeddable":true,"href":"https:\/\/cdnoticias.com\/index.php\/wp-json\/wp\/v2\/users\/4"}],"replies":[{"embeddable":true,"href":"https:\/\/cdnoticias.com\/index.php\/wp-json\/wp\/v2\/comments?post=31207"}],"version-history":[{"count":0,"href":"https:\/\/cdnoticias.com\/index.php\/wp-json\/wp\/v2\/posts\/31207\/revisions"}],"wp:featuredmedia":[{"embeddable":true,"href":"https:\/\/cdnoticias.com\/index.php\/wp-json\/wp\/v2\/media\/31208"}],"wp:attachment":[{"href":"https:\/\/cdnoticias.com\/index.php\/wp-json\/wp\/v2\/media?parent=31207"}],"wp:term":[{"taxonomy":"category","embeddable":true,"href":"https:\/\/cdnoticias.com\/index.php\/wp-json\/wp\/v2\/categories?post=31207"},{"taxonomy":"post_tag","embeddable":true,"href":"https:\/\/cdnoticias.com\/index.php\/wp-json\/wp\/v2\/tags?post=31207"}],"curies":[{"name":"wp","href":"https:\/\/api.w.org\/{rel}","templated":true}]}}