{"id":31181,"date":"2021-08-29T19:06:58","date_gmt":"2021-08-29T22:06:58","guid":{"rendered":"http:\/\/www.centraldenoticias.com.ar\/?p=31181"},"modified":"2021-08-30T09:46:51","modified_gmt":"2021-08-30T12:46:51","slug":"olavarria-supero-las-80-mil-personas-vacunadas-contra-el-covid19","status":"publish","type":"post","link":"https:\/\/cdnoticias.com\/index.php\/2021\/08\/29\/olavarria-supero-las-80-mil-personas-vacunadas-contra-el-covid19\/","title":{"rendered":"Olavarr\u00eda super\u00f3 las 80 mil personas vacunadas contra el Covid19"},"content":{"rendered":"<p>La cifra fue divulgada desde Regi\u00f3n Sanitaria IX y corresponde a personas con al menos una dosis. Este lunes el Programa Provincial de Vacunaci\u00f3n estar\u00e1 en Blanca Grande y Recalde<!--more--><\/p>\n<hr \/>\n<p>El Plan Provincial de Vacunaci\u00f3n sigue avanzando en la ciudad, al punto que en la jornada de<strong> este domingo se super\u00f3 la barrera de los 80 mil olavarrienses vacunados con al menos una dosis.<\/strong><\/p>\n<p>&nbsp;<\/p>\n<p><strong>La novedad fue comunicada desde Regi\u00f3n Sanitaria IX en horas de la tarde de este domingo<\/strong>, en sinton\u00eda con lo que el director de la misma, Ramiro Borzi, hab\u00eda compartido poco antes en sus redes sociales.<\/p>\n<p>&nbsp;<\/p>\n<p><iframe loading=\"lazy\" style=\"border: none; overflow: hidden;\" src=\"https:\/\/www.facebook.com\/plugins\/post.php?href=https%3A%2F%2Fwww.facebook.com%2Fpermalink.php%3Fstory_fbid%3D1812695245608064%26id%3D100006028186315&amp;show_text=true&amp;width=500\" width=\"500\" height=\"609\" frameborder=\"0\" scrolling=\"no\" allowfullscreen=\"allowfullscreen\"><\/iframe><\/p>\n<p>&nbsp;<\/p>\n<p><strong>Este domingo se aplicaron 187 vacunas contra el Covid-19 en el Servicio Territorial N\u00b02<\/strong>, 36 primeras dosis a adultos y 151 aplicaciones de primer componente a adolescentes de entre 12 y 17 a\u00f1os.<\/p>\n<p>&nbsp;<\/p>\n<p>En ese sentido, contin\u00faa la inscripci\u00f3n para chicos y chicas de esas edades a trav\u00e9s del sitio web\u00a0<a href=\"http:\/\/www.vacunatepba.gba.gob.ar\" target=\"_blank\" rel=\"noopener\">www.vacunatepba.gba.gob.ar<\/a> para obtener el turno correspondiente y recibir la primera dosis, priorizando a quienes pertenecen a grupos de riesgo.<\/p>\n<p>&nbsp;<\/p>\n<blockquote><p>Este lunes, a partir de las 12, se completar\u00e1n esquemas de vacunaci\u00f3n en la localidad de Blanca Grande, y a partir de las 13 se realizar\u00e1 la misma tarea de aplicaci\u00f3n de segundos componentes en Recalde.<\/p><\/blockquote>\n<p>&nbsp;<\/p>\n<p>A la par,<strong> sigue desarroll\u00e1ndose la vacunaci\u00f3n libre para mayores de 18 a\u00f1os<\/strong> que acrediten domicilio en la localidad present\u00e1ndose con su DNI en cualquiera de las postas de vacunaci\u00f3n.<\/p>\n<p>&nbsp;<\/p>\n<p>Con respecto a <strong>segundas dosis, se recuerda que para recibir la aplicaci\u00f3n es \u00fanicamente por turnos<\/strong>, por lo que se le pide a los vecinos y vecinas que est\u00e9n atentos a las notificaciones que se env\u00edan desde el Ministerio de Salud provincial. Cualquier duda o consulta, podr\u00e1n acercarse a cualquiera de las cuatro postas ubicadas en: Servicio Territorial N\u00b02, Av. Alberdi 2543, de 8 a 18 hs; Facultad de Ciencias de la Salud, Merlo entre Av. Pringles y 9 de julio, de 8 a 18 hs; Centro Cultural Universitario, San Martin 1955, de 8 a 18 hs; y Mutual Carlos Alberto Moreno de Suteba, Collinet 4544, de 8 a 16 hs.<\/p>\n","protected":false},"excerpt":{"rendered":"<p>La cifra fue divulgada desde Regi\u00f3n Sanitaria IX y corresponde a personas con al menos una dosis. Este lunes el<\/p>\n","protected":false},"author":3,"featured_media":31182,"comment_status":"closed","ping_status":"closed","sticky":false,"template":"","format":"standard","meta":{"_jetpack_memberships_contains_paid_content":false,"footnotes":""},"categories":[16,1],"tags":[],"class_list":["post-31181","post","type-post","status-publish","format-standard","has-post-thumbnail","hentry","category-covid-19","category-portada"],"jetpack_featured_media_url":"https:\/\/i0.wp.com\/cdnoticias.com\/wp-content\/uploads\/2021\/08\/vacunate.jpg?fit=800%2C445&ssl=1","jetpack_sharing_enabled":true,"_links":{"self":[{"href":"https:\/\/cdnoticias.com\/index.php\/wp-json\/wp\/v2\/posts\/31181","targetHints":{"allow":["GET"]}}],"collection":[{"href":"https:\/\/cdnoticias.com\/index.php\/wp-json\/wp\/v2\/posts"}],"about":[{"href":"https:\/\/cdnoticias.com\/index.php\/wp-json\/wp\/v2\/types\/post"}],"author":[{"embeddable":true,"href":"https:\/\/cdnoticias.com\/index.php\/wp-json\/wp\/v2\/users\/3"}],"replies":[{"embeddable":true,"href":"https:\/\/cdnoticias.com\/index.php\/wp-json\/wp\/v2\/comments?post=31181"}],"version-history":[{"count":0,"href":"https:\/\/cdnoticias.com\/index.php\/wp-json\/wp\/v2\/posts\/31181\/revisions"}],"wp:featuredmedia":[{"embeddable":true,"href":"https:\/\/cdnoticias.com\/index.php\/wp-json\/wp\/v2\/media\/31182"}],"wp:attachment":[{"href":"https:\/\/cdnoticias.com\/index.php\/wp-json\/wp\/v2\/media?parent=31181"}],"wp:term":[{"taxonomy":"category","embeddable":true,"href":"https:\/\/cdnoticias.com\/index.php\/wp-json\/wp\/v2\/categories?post=31181"},{"taxonomy":"post_tag","embeddable":true,"href":"https:\/\/cdnoticias.com\/index.php\/wp-json\/wp\/v2\/tags?post=31181"}],"curies":[{"name":"wp","href":"https:\/\/api.w.org\/{rel}","templated":true}]}}