{"id":31143,"date":"2021-08-29T16:06:37","date_gmt":"2021-08-29T19:06:37","guid":{"rendered":"http:\/\/www.centraldenoticias.com.ar\/?p=31143"},"modified":"2021-08-29T16:06:37","modified_gmt":"2021-08-29T19:06:37","slug":"se-le-corto-la-direccion-y-choco-contra-una-columna","status":"publish","type":"post","link":"https:\/\/cdnoticias.com\/index.php\/2021\/08\/29\/se-le-corto-la-direccion-y-choco-contra-una-columna\/","title":{"rendered":"Se le cort\u00f3 la direcci\u00f3n y choc\u00f3 contra una columna"},"content":{"rendered":"<p>Sucedi\u00f3 en el cierre de la madrugada de este domingo. La conductora, si bien fue hospitalizada por precauci\u00f3n, no sufri\u00f3 heridas de gravedad.<!--more--><\/p>\n<hr \/>\n<p>Minutos despu\u00e9s de las 5.30 un violento siniestro vial se registr\u00f3 sobre la avenida De los Trabajadores, a la altura del cruce con Rivadavia. <strong>En ese lugar la conductora de una camioneta perdi\u00f3 el control de la misma e impact\u00f3 contra una columna<\/strong>.<\/p>\n<p>&nbsp;<\/p>\n<p>De acuerdo con lo que logr\u00f3 conocer este portal, todo se habr\u00eda dado a partir de un desperfecto mec\u00e1nico, m\u00e1s precisamente el corte de la direcci\u00f3n, por lo que<strong> no pudo evitar primero atravesar la rotonda pr\u00e1cticamente por el medio y, luego, impactar contra columnas de tendido el\u00e9ctrico, arrancando a una desde la base.<\/strong><\/p>\n<p>&nbsp;<\/p>\n<p><img data-recalc-dims=\"1\" loading=\"lazy\" decoding=\"async\" class=\"alignnone size-full wp-image-31144\" src=\"https:\/\/i0.wp.com\/cdnoticias.com\/wp-content\/uploads\/2021\/08\/camioneta1.jpg?resize=800%2C445&#038;ssl=1\" alt=\"\" width=\"800\" height=\"445\" srcset=\"https:\/\/i0.wp.com\/cdnoticias.com\/wp-content\/uploads\/2021\/08\/camioneta1.jpg?w=800&amp;ssl=1 800w, https:\/\/i0.wp.com\/cdnoticias.com\/wp-content\/uploads\/2021\/08\/camioneta1.jpg?resize=300%2C167&amp;ssl=1 300w, https:\/\/i0.wp.com\/cdnoticias.com\/wp-content\/uploads\/2021\/08\/camioneta1.jpg?resize=768%2C427&amp;ssl=1 768w\" sizes=\"auto, (max-width: 800px) 100vw, 800px\" \/><\/p>\n<p>&nbsp;<\/p>\n<p>Fue tal la violencia del impacto que la conductora <strong>fue rescatada por personal de bomberos voluntarios<\/strong> y trasladada por precauci\u00f3n al Hospital Municipal. Trascendi\u00f3, no obstante, que las heridas no ser\u00edan de gravedad.<\/p>\n<p>&nbsp;<\/p>\n<p>Al lugar tambi\u00e9n se acerc\u00f3 personal del Comando de Patrullas y del \u00e1rea de tr\u00e1nsito municipal, quienes le practicaron<strong> el testeo de alcoholemia, el cual fue negativo.<\/strong><\/p>\n","protected":false},"excerpt":{"rendered":"<p>Sucedi\u00f3 en el cierre de la madrugada de este domingo. La conductora, si bien fue hospitalizada por precauci\u00f3n, no sufri\u00f3<\/p>\n","protected":false},"author":3,"featured_media":31145,"comment_status":"closed","ping_status":"closed","sticky":false,"template":"","format":"standard","meta":{"_jetpack_memberships_contains_paid_content":false,"footnotes":""},"categories":[14,1],"tags":[],"class_list":["post-31143","post","type-post","status-publish","format-standard","has-post-thumbnail","hentry","category-policiales","category-portada"],"jetpack_featured_media_url":"https:\/\/i0.wp.com\/cdnoticias.com\/wp-content\/uploads\/2021\/08\/camioneta.jpg?fit=800%2C445&ssl=1","jetpack_sharing_enabled":true,"_links":{"self":[{"href":"https:\/\/cdnoticias.com\/index.php\/wp-json\/wp\/v2\/posts\/31143","targetHints":{"allow":["GET"]}}],"collection":[{"href":"https:\/\/cdnoticias.com\/index.php\/wp-json\/wp\/v2\/posts"}],"about":[{"href":"https:\/\/cdnoticias.com\/index.php\/wp-json\/wp\/v2\/types\/post"}],"author":[{"embeddable":true,"href":"https:\/\/cdnoticias.com\/index.php\/wp-json\/wp\/v2\/users\/3"}],"replies":[{"embeddable":true,"href":"https:\/\/cdnoticias.com\/index.php\/wp-json\/wp\/v2\/comments?post=31143"}],"version-history":[{"count":0,"href":"https:\/\/cdnoticias.com\/index.php\/wp-json\/wp\/v2\/posts\/31143\/revisions"}],"wp:featuredmedia":[{"embeddable":true,"href":"https:\/\/cdnoticias.com\/index.php\/wp-json\/wp\/v2\/media\/31145"}],"wp:attachment":[{"href":"https:\/\/cdnoticias.com\/index.php\/wp-json\/wp\/v2\/media?parent=31143"}],"wp:term":[{"taxonomy":"category","embeddable":true,"href":"https:\/\/cdnoticias.com\/index.php\/wp-json\/wp\/v2\/categories?post=31143"},{"taxonomy":"post_tag","embeddable":true,"href":"https:\/\/cdnoticias.com\/index.php\/wp-json\/wp\/v2\/tags?post=31143"}],"curies":[{"name":"wp","href":"https:\/\/api.w.org\/{rel}","templated":true}]}}