{"id":31120,"date":"2021-08-29T12:49:33","date_gmt":"2021-08-29T15:49:33","guid":{"rendered":"http:\/\/www.centraldenoticias.com.ar\/?p=31120"},"modified":"2021-08-29T14:35:03","modified_gmt":"2021-08-29T17:35:03","slug":"diego-santilli-de-visita-en-olavarria","status":"publish","type":"post","link":"https:\/\/cdnoticias.com\/index.php\/2021\/08\/29\/diego-santilli-de-visita-en-olavarria\/","title":{"rendered":"Diego Santilli, de visita en Olavarr\u00eda"},"content":{"rendered":"<p>El precandidato a diputado nacional de Juntos estuvo en la ciudad donde particip\u00f3 de una reuni\u00f3n con representantes de distintos sectores, precandidatos locales y el intendente Ezequiel Galli.<!--more--><\/p>\n<hr \/>\n<p><strong>El precandidato a diputado nacional del Pro en el frente Juntos, Diego Santilli, estuvo este domingo en Olavarr\u00eda<\/strong>.<\/p>\n<p>&nbsp;<\/p>\n<p>Si bien su llegada no se dio estrictamente para una actividad de campa\u00f1a, ya que se aclar\u00f3 que <strong>vino para acompa\u00f1ar a uno de sus hijos quien es competidor en la carrera de Top Race<\/strong> que se disputa en el aut\u00f3dromo local, aprovech\u00f3 la ocasi\u00f3n para mantener algunos encuentros.<\/p>\n<p><img data-recalc-dims=\"1\" loading=\"lazy\" decoding=\"async\" class=\"size-full wp-image-31115 aligncenter\" src=\"https:\/\/i0.wp.com\/cdnoticias.com\/wp-content\/uploads\/2021\/08\/santilli-03.jpg?resize=800%2C445&#038;ssl=1\" alt=\"\" width=\"800\" height=\"445\" srcset=\"https:\/\/i0.wp.com\/cdnoticias.com\/wp-content\/uploads\/2021\/08\/santilli-03.jpg?w=800&amp;ssl=1 800w, https:\/\/i0.wp.com\/cdnoticias.com\/wp-content\/uploads\/2021\/08\/santilli-03.jpg?resize=300%2C167&amp;ssl=1 300w, https:\/\/i0.wp.com\/cdnoticias.com\/wp-content\/uploads\/2021\/08\/santilli-03.jpg?resize=768%2C427&amp;ssl=1 768w\" sizes=\"auto, (max-width: 800px) 100vw, 800px\" \/><\/p>\n<p><img data-recalc-dims=\"1\" loading=\"lazy\" decoding=\"async\" class=\"size-full wp-image-31117 aligncenter\" src=\"https:\/\/i0.wp.com\/cdnoticias.com\/wp-content\/uploads\/2021\/08\/santilli-05.jpg?resize=800%2C445&#038;ssl=1\" alt=\"\" width=\"800\" height=\"445\" srcset=\"https:\/\/i0.wp.com\/cdnoticias.com\/wp-content\/uploads\/2021\/08\/santilli-05.jpg?w=800&amp;ssl=1 800w, https:\/\/i0.wp.com\/cdnoticias.com\/wp-content\/uploads\/2021\/08\/santilli-05.jpg?resize=300%2C167&amp;ssl=1 300w, https:\/\/i0.wp.com\/cdnoticias.com\/wp-content\/uploads\/2021\/08\/santilli-05.jpg?resize=768%2C427&amp;ssl=1 768w\" sizes=\"auto, (max-width: 800px) 100vw, 800px\" \/><\/p>\n<p>&nbsp;<\/p>\n<p>En lo formal, se dej\u00f3 saber que<strong> la visita de campa\u00f1a se har\u00e1 en los pr\u00f3ximos d\u00edas<\/strong>, en el transcurso de la semana que se inicia y <strong>se espera que lo acompa\u00f1e en esa ocasi\u00f3n el jefe de gobierno de CABA, Horacio Rodr\u00edguez Larreta<\/strong>, principal referente del Pro nacional.<\/p>\n<p>&nbsp;<\/p>\n<p>En tanto, en la ma\u00f1ana del domingo <strong>Santilli estuvo en un caf\u00e9 c\u00e9ntrico junto al intendente Ezequiel Galli<\/strong> donde mantuvo una <strong>reuni\u00f3n con representantes de distintos sectores<\/strong> locales.<\/p>\n<p><img data-recalc-dims=\"1\" loading=\"lazy\" decoding=\"async\" class=\"size-full wp-image-31119 aligncenter\" src=\"https:\/\/i0.wp.com\/cdnoticias.com\/wp-content\/uploads\/2021\/08\/santilli-01.jpg?resize=800%2C445&#038;ssl=1\" alt=\"\" width=\"800\" height=\"445\" srcset=\"https:\/\/i0.wp.com\/cdnoticias.com\/wp-content\/uploads\/2021\/08\/santilli-01.jpg?w=800&amp;ssl=1 800w, https:\/\/i0.wp.com\/cdnoticias.com\/wp-content\/uploads\/2021\/08\/santilli-01.jpg?resize=300%2C167&amp;ssl=1 300w, https:\/\/i0.wp.com\/cdnoticias.com\/wp-content\/uploads\/2021\/08\/santilli-01.jpg?resize=768%2C427&amp;ssl=1 768w\" sizes=\"auto, (max-width: 800px) 100vw, 800px\" \/><\/p>\n<p><img data-recalc-dims=\"1\" loading=\"lazy\" decoding=\"async\" class=\"size-full wp-image-31118 aligncenter\" src=\"https:\/\/i0.wp.com\/cdnoticias.com\/wp-content\/uploads\/2021\/08\/santilli-00.jpg?resize=800%2C444&#038;ssl=1\" alt=\"\" width=\"800\" height=\"444\" srcset=\"https:\/\/i0.wp.com\/cdnoticias.com\/wp-content\/uploads\/2021\/08\/santilli-00.jpg?w=800&amp;ssl=1 800w, https:\/\/i0.wp.com\/cdnoticias.com\/wp-content\/uploads\/2021\/08\/santilli-00.jpg?resize=300%2C167&amp;ssl=1 300w, https:\/\/i0.wp.com\/cdnoticias.com\/wp-content\/uploads\/2021\/08\/santilli-00.jpg?resize=768%2C426&amp;ssl=1 768w\" sizes=\"auto, (max-width: 800px) 100vw, 800px\" \/><\/p>\n<p>&nbsp;<\/p>\n<p>Asistieron <strong>comerciantes, empresarios, integrantes de entidades rurales, emprendedores, dirigentes de entidades deportivas<\/strong>, entre otros.<\/p>\n<p>&nbsp;<\/p>\n<p>A su vez, estuvieron algunos de los precandidatos olavarrienses de la misma l\u00ednea interna de Juntos: <strong>Bruno Cenizo, Diego Robbiani y Graciela Ramongassie<\/strong>.<\/p>\n<p><img data-recalc-dims=\"1\" loading=\"lazy\" decoding=\"async\" class=\"size-full wp-image-31114 aligncenter\" src=\"https:\/\/i0.wp.com\/cdnoticias.com\/wp-content\/uploads\/2021\/08\/santilli-02.jpg?resize=800%2C445&#038;ssl=1\" alt=\"\" width=\"800\" height=\"445\" srcset=\"https:\/\/i0.wp.com\/cdnoticias.com\/wp-content\/uploads\/2021\/08\/santilli-02.jpg?w=800&amp;ssl=1 800w, https:\/\/i0.wp.com\/cdnoticias.com\/wp-content\/uploads\/2021\/08\/santilli-02.jpg?resize=300%2C167&amp;ssl=1 300w, https:\/\/i0.wp.com\/cdnoticias.com\/wp-content\/uploads\/2021\/08\/santilli-02.jpg?resize=768%2C427&amp;ssl=1 768w\" sizes=\"auto, (max-width: 800px) 100vw, 800px\" \/><\/p>\n","protected":false},"excerpt":{"rendered":"<p>El precandidato a diputado nacional de Juntos estuvo en la ciudad donde particip\u00f3 de una reuni\u00f3n con representantes de distintos<\/p>\n","protected":false},"author":4,"featured_media":31116,"comment_status":"closed","ping_status":"closed","sticky":false,"template":"","format":"standard","meta":{"_jetpack_memberships_contains_paid_content":false,"footnotes":""},"categories":[4,1],"tags":[],"class_list":["post-31120","post","type-post","status-publish","format-standard","has-post-thumbnail","hentry","category-politica","category-portada"],"jetpack_featured_media_url":"https:\/\/i0.wp.com\/cdnoticias.com\/wp-content\/uploads\/2021\/08\/santilli-04.jpg?fit=800%2C445&ssl=1","jetpack_sharing_enabled":true,"_links":{"self":[{"href":"https:\/\/cdnoticias.com\/index.php\/wp-json\/wp\/v2\/posts\/31120","targetHints":{"allow":["GET"]}}],"collection":[{"href":"https:\/\/cdnoticias.com\/index.php\/wp-json\/wp\/v2\/posts"}],"about":[{"href":"https:\/\/cdnoticias.com\/index.php\/wp-json\/wp\/v2\/types\/post"}],"author":[{"embeddable":true,"href":"https:\/\/cdnoticias.com\/index.php\/wp-json\/wp\/v2\/users\/4"}],"replies":[{"embeddable":true,"href":"https:\/\/cdnoticias.com\/index.php\/wp-json\/wp\/v2\/comments?post=31120"}],"version-history":[{"count":0,"href":"https:\/\/cdnoticias.com\/index.php\/wp-json\/wp\/v2\/posts\/31120\/revisions"}],"wp:featuredmedia":[{"embeddable":true,"href":"https:\/\/cdnoticias.com\/index.php\/wp-json\/wp\/v2\/media\/31116"}],"wp:attachment":[{"href":"https:\/\/cdnoticias.com\/index.php\/wp-json\/wp\/v2\/media?parent=31120"}],"wp:term":[{"taxonomy":"category","embeddable":true,"href":"https:\/\/cdnoticias.com\/index.php\/wp-json\/wp\/v2\/categories?post=31120"},{"taxonomy":"post_tag","embeddable":true,"href":"https:\/\/cdnoticias.com\/index.php\/wp-json\/wp\/v2\/tags?post=31120"}],"curies":[{"name":"wp","href":"https:\/\/api.w.org\/{rel}","templated":true}]}}