{"id":311,"date":"2020-09-04T08:06:47","date_gmt":"2020-09-04T11:06:47","guid":{"rendered":"http:\/\/www.centraldenoticias.com.ar\/?p=311"},"modified":"2020-09-04T10:15:35","modified_gmt":"2020-09-04T13:15:35","slug":"dejar-morir-la-historia-que-tiene-como-escenario-la-unidad-2-de-sierra-chica","status":"publish","type":"post","link":"https:\/\/cdnoticias.com\/index.php\/2020\/09\/04\/dejar-morir-la-historia-que-tiene-como-escenario-la-unidad-2-de-sierra-chica\/","title":{"rendered":"\u201cDejar morir\u201d, la historia que tiene como escenario la Unidad 2 de Sierra Chica"},"content":{"rendered":"<p>D\u00edas atr\u00e1s el Comit\u00e9 contra la Tortura, dependiente de la Comisi\u00f3n Provincial por la Memoria, dio a conocer su ya tradicional Informe \u201csobre el sistema de encierro y las pol\u00edticas de seguridad, salud mental y ni\u00f1ez en la provincia de Buenos Aires. <strong>Entre datos tan reveladores como estremecedores, se dio a conocer una cruda historia que tiene como escenario la c\u00e1rcel de m\u00e1xima de seguridad ubicada en la localidad olavarriense.<\/strong><\/p>\n<hr \/>\n<p>&nbsp;<\/p>\n<p>Jorge Marcelo Celenteno Arce, ese era su nombre. Seguro a muchos no les suene ni les remita a nada, pero s\u00ed se alude es que es la persona que <a href=\"https:\/\/www.infobae.com\/2015\/10\/31\/1766280-un-preso-simulo-ser-el-juez-oyarbide-y-el-engano-termino-una-violacion\/\">a\u00f1os atr\u00e1s se hizo pasar por el juez Norberto Oyarbide y enga\u00f1\u00f3 por completo a efectivos policiales de la ciudad de Lincoln<\/a>, a tal punto lleg\u00f3 que, tal cual lo ordenaba v\u00eda telef\u00f3nica desde una c\u00e1rcel, <strong>hizo que env\u00eden a una efectivo policial joven a hacer tareas encubiertas en una presunta investigaci\u00f3n por narcotr\u00e1fico.<\/strong><\/p>\n<p>&nbsp;<\/p>\n<p><img data-recalc-dims=\"1\" loading=\"lazy\" decoding=\"async\" class=\"alignnone size-full wp-image-303\" src=\"https:\/\/i0.wp.com\/cdnoticias.com\/wp-content\/uploads\/2020\/08\/oyarbide.jpg?resize=750%2C422&#038;ssl=1\" alt=\"\" width=\"750\" height=\"422\" srcset=\"https:\/\/i0.wp.com\/cdnoticias.com\/wp-content\/uploads\/2020\/08\/oyarbide.jpg?w=750&amp;ssl=1 750w, https:\/\/i0.wp.com\/cdnoticias.com\/wp-content\/uploads\/2020\/08\/oyarbide.jpg?resize=300%2C169&amp;ssl=1 300w\" sizes=\"auto, (max-width: 750px) 100vw, 750px\" \/><\/p>\n<p>&nbsp;<\/p>\n<p>La agente, que pas\u00f3 a ser la victima principal de toda historia, concurri\u00f3 a varios encuentros con delincuentes y en uno de ellos fue violada. <strong>Las exigencias rozaron lo rid\u00edculo pero los polic\u00edas nunca dudaron de la voz del otro lado del tel\u00e9fono, que en un momento asegur\u00f3 tambi\u00e9n ser un funcionario del Ministerio de Seguridad.<\/strong><\/p>\n<p>&nbsp;<\/p>\n<p><strong>El otro escenario de este particular caso fue, precisamente, Sierra Chica desde donde el recluso realizaba las comunicaciones<\/strong>. El caso se conoci\u00f3 en octubre del 2015 y desde aquel entonces no se supo mucho m\u00e1s acerca de la situaci\u00f3n de Celenteno Arce, salvo en abril del a\u00f1o pasado, cuando se conoci\u00f3 su fallecimiento. Las cr\u00f3nicas sobre esa noticia ahondaron m\u00e1s en el enga\u00f1o y, por ejemplo, en c\u00f3mo fue removida toda la c\u00fapula policial implicada en el caso que las causas de su muerte en s\u00ed.<\/p>\n<p>&nbsp;<\/p>\n<p><img data-recalc-dims=\"1\" loading=\"lazy\" decoding=\"async\" class=\"alignnone size-full wp-image-309\" src=\"https:\/\/i0.wp.com\/cdnoticias.com\/wp-content\/uploads\/2020\/08\/galeria-CPM-1.jpg?resize=800%2C583&#038;ssl=1\" alt=\"\" width=\"800\" height=\"583\" srcset=\"https:\/\/i0.wp.com\/cdnoticias.com\/wp-content\/uploads\/2020\/08\/galeria-CPM-1.jpg?w=863&amp;ssl=1 863w, https:\/\/i0.wp.com\/cdnoticias.com\/wp-content\/uploads\/2020\/08\/galeria-CPM-1.jpg?resize=300%2C219&amp;ssl=1 300w, https:\/\/i0.wp.com\/cdnoticias.com\/wp-content\/uploads\/2020\/08\/galeria-CPM-1.jpg?resize=768%2C560&amp;ssl=1 768w\" sizes=\"auto, (max-width: 800px) 100vw, 800px\" \/><\/p>\n<p>&nbsp;<\/p>\n<p>Todo eso ahora <strong>fue develado en el reciente informe del Comit\u00e9 Contra la Tortura, su edici\u00f3n N\u00b014 del siempre titulado \u201cEl Sistema de la Crueldad\u201d<\/strong>. Entre un sinf\u00edn de datos, <strong>que son abordados en otro art\u00edculo de la Central<\/strong>, se arriba al cap\u00edtulo 7 titulado \u201cmuertes bajo la custodia del SPB\u201d. \u201cDejar morir\u201d el nombre del apartado en cuesti\u00f3n.<\/p>\n<p>&nbsp;<\/p>\n<p>Desde la Comisi\u00f3n Provincial por la Memoria se detall\u00f3 que desde el 2018 se inici\u00f3 el contacto con la pareja del recluso, un v\u00ednculo que se mantuvo hasta la<strong> muerte de Celenteno Arce a los 52 a\u00f1os, \u201cluego de 16 meses de deficiente asistencia de su salud\u201d, seg\u00fan se reproch\u00f3.<\/strong><\/p>\n<p>&nbsp;<\/p>\n<p><img data-recalc-dims=\"1\" loading=\"lazy\" decoding=\"async\" class=\"alignnone size-large wp-image-305\" src=\"https:\/\/i0.wp.com\/cdnoticias.com\/wp-content\/uploads\/2020\/08\/informe_2020_sierrachica-1.jpg?resize=800%2C534&#038;ssl=1\" alt=\"\" width=\"800\" height=\"534\" srcset=\"https:\/\/i0.wp.com\/cdnoticias.com\/wp-content\/uploads\/2020\/08\/informe_2020_sierrachica-1.jpg?w=1024&amp;ssl=1 1024w, https:\/\/i0.wp.com\/cdnoticias.com\/wp-content\/uploads\/2020\/08\/informe_2020_sierrachica-1.jpg?resize=300%2C200&amp;ssl=1 300w, https:\/\/i0.wp.com\/cdnoticias.com\/wp-content\/uploads\/2020\/08\/informe_2020_sierrachica-1.jpg?resize=768%2C512&amp;ssl=1 768w, https:\/\/i0.wp.com\/cdnoticias.com\/wp-content\/uploads\/2020\/08\/informe_2020_sierrachica-1.jpg?resize=272%2C182&amp;ssl=1 272w\" sizes=\"auto, (max-width: 800px) 100vw, 800px\" \/><\/p>\n<p>&nbsp;<\/p>\n<p>En el cap\u00edtulo se da cuenta del delicado cuadro de salud que el hombre padec\u00eda desde hac\u00eda ya m\u00e1s de una d\u00e9cada pero, a la par, de c\u00f3mo a fines del 2017 se decidi\u00f3 su regreso a la Unidad 2 de Sierra Chica, \u201cdonde <strong>ten\u00eda una prohibici\u00f3n de ingreso por episodios de violencia por parte del Servicio Penitenciario, ocurridos en 2016. All\u00ed un grupo de agentes lo golpearon y lo amenazaron: \u201cte vas a morir ac\u00e1, no te vamos a sacar\u201d. Los informes m\u00e9dicos y las decisiones del juzgado har\u00edan cumplir la sentencia penitenciaria\u201d<\/strong>, puede leerse en el informe.<\/p>\n<p>&nbsp;<\/p>\n<p>Celenteno Arce en cuesti\u00f3n de pocos meses lleg\u00f3 a bajar alrededor de 20 kilos, una situaci\u00f3n que fue advertida y denunciada ante el Juzgado de Ejecuci\u00f3n Penal de Jun\u00edn. Un planteo sobre el que luego la CPM insisti\u00f3 y present\u00f3 un habeas corpus requiriendo el traslado, presentaci\u00f3n en la que se sostuvo \u201cque<strong> la presencia de Jorge en esa unidad implicaba un riesgo inminente a su integridad f\u00edsica, no s\u00f3lo por la falta de atenci\u00f3n m\u00e9dica sino porque adem\u00e1s segu\u00eda siendo v\u00edctima de agresiones f\u00edsicas por parte del personal penitenciario\u201d.<\/strong><\/p>\n<p>&nbsp;<\/p>\n<p><img data-recalc-dims=\"1\" loading=\"lazy\" decoding=\"async\" class=\"alignnone size-large wp-image-308\" src=\"https:\/\/i0.wp.com\/cdnoticias.com\/wp-content\/uploads\/2020\/08\/informe_2020_sierrachica-6-copia.jpg?resize=800%2C534&#038;ssl=1\" alt=\"\" width=\"800\" height=\"534\" srcset=\"https:\/\/i0.wp.com\/cdnoticias.com\/wp-content\/uploads\/2020\/08\/informe_2020_sierrachica-6-copia.jpg?w=1024&amp;ssl=1 1024w, https:\/\/i0.wp.com\/cdnoticias.com\/wp-content\/uploads\/2020\/08\/informe_2020_sierrachica-6-copia.jpg?resize=300%2C200&amp;ssl=1 300w, https:\/\/i0.wp.com\/cdnoticias.com\/wp-content\/uploads\/2020\/08\/informe_2020_sierrachica-6-copia.jpg?resize=768%2C512&amp;ssl=1 768w, https:\/\/i0.wp.com\/cdnoticias.com\/wp-content\/uploads\/2020\/08\/informe_2020_sierrachica-6-copia.jpg?resize=272%2C182&amp;ssl=1 272w\" sizes=\"auto, (max-width: 800px) 100vw, 800px\" \/><\/p>\n<p>&nbsp;<\/p>\n<p>El detalle de la situaci\u00f3n da cuenta del estado en el que su pareja lo encontr\u00f3 en mayo de 2018 durante una visita y como todo se agudiz\u00f3 con el cierre de ese mismo a\u00f1o.<strong> \u201cEn noviembre fue atendido en el hospital de Olavarr\u00eda, donde le dijeron que por su estado de salud no deb\u00eda estar en una c\u00e1rcel\u201d, se precis\u00f3 a medida que se enfatiz\u00f3 c\u00f3mo cada una de estas situaciones fue notificada al Poder Judicial juninense \u201csin obtener resultados favorables\u201d.<\/strong><\/p>\n<p>&nbsp;<\/p>\n<p>\u201cEn marzo, un a\u00f1o despu\u00e9s de la primera presentaci\u00f3n, el Juzgado de Ejecuci\u00f3n Penal (JEP) requiri\u00f3 informes m\u00e9dicos al \u00e1rea de Sanidad para evaluar un traslado. Para entonces, Jorge presentaba un visible decaimiento f\u00edsico y an\u00edmico: padec\u00eda diarrea y v\u00f3mitos, y ten\u00eda dificultades para caminar. <strong>En abril el JEP dispuso atenci\u00f3n m\u00e9dica y gesti\u00f3n de pasajes para su pareja. El 20 de abril lo internaron en el hospital de Olavarr\u00eda donde falleci\u00f3 seis d\u00edas despu\u00e9s\u201d, se concluy\u00f3.<\/strong><\/p>\n","protected":false},"excerpt":{"rendered":"<p>D\u00edas atr\u00e1s el Comit\u00e9 contra la Tortura, dependiente de la Comisi\u00f3n Provincial por la Memoria, dio a conocer su ya<\/p>\n","protected":false},"author":3,"featured_media":306,"comment_status":"closed","ping_status":"closed","sticky":false,"template":"","format":"standard","meta":{"_jetpack_memberships_contains_paid_content":false,"footnotes":""},"categories":[5,1],"tags":[],"class_list":["post-311","post","type-post","status-publish","format-standard","has-post-thumbnail","hentry","category-informacion-general","category-portada"],"jetpack_featured_media_url":"https:\/\/i0.wp.com\/cdnoticias.com\/wp-content\/uploads\/2020\/08\/informe_2020_sierrachica-3.jpg?fit=1024%2C683&ssl=1","jetpack_sharing_enabled":true,"_links":{"self":[{"href":"https:\/\/cdnoticias.com\/index.php\/wp-json\/wp\/v2\/posts\/311","targetHints":{"allow":["GET"]}}],"collection":[{"href":"https:\/\/cdnoticias.com\/index.php\/wp-json\/wp\/v2\/posts"}],"about":[{"href":"https:\/\/cdnoticias.com\/index.php\/wp-json\/wp\/v2\/types\/post"}],"author":[{"embeddable":true,"href":"https:\/\/cdnoticias.com\/index.php\/wp-json\/wp\/v2\/users\/3"}],"replies":[{"embeddable":true,"href":"https:\/\/cdnoticias.com\/index.php\/wp-json\/wp\/v2\/comments?post=311"}],"version-history":[{"count":0,"href":"https:\/\/cdnoticias.com\/index.php\/wp-json\/wp\/v2\/posts\/311\/revisions"}],"wp:featuredmedia":[{"embeddable":true,"href":"https:\/\/cdnoticias.com\/index.php\/wp-json\/wp\/v2\/media\/306"}],"wp:attachment":[{"href":"https:\/\/cdnoticias.com\/index.php\/wp-json\/wp\/v2\/media?parent=311"}],"wp:term":[{"taxonomy":"category","embeddable":true,"href":"https:\/\/cdnoticias.com\/index.php\/wp-json\/wp\/v2\/categories?post=311"},{"taxonomy":"post_tag","embeddable":true,"href":"https:\/\/cdnoticias.com\/index.php\/wp-json\/wp\/v2\/tags?post=311"}],"curies":[{"name":"wp","href":"https:\/\/api.w.org\/{rel}","templated":true}]}}