{"id":31098,"date":"2021-08-28T20:25:40","date_gmt":"2021-08-28T23:25:40","guid":{"rendered":"http:\/\/www.centraldenoticias.com.ar\/?p=31098"},"modified":"2021-08-29T09:24:42","modified_gmt":"2021-08-29T12:24:42","slug":"este-sabado-fueron-vacunadas-mas-de-700-personas-y-llegaron-casi-300-segundas-dosis-de-sputnik","status":"publish","type":"post","link":"https:\/\/cdnoticias.com\/index.php\/2021\/08\/28\/este-sabado-fueron-vacunadas-mas-de-700-personas-y-llegaron-casi-300-segundas-dosis-de-sputnik\/","title":{"rendered":"Este s\u00e1bado fueron vacunadas m\u00e1s de 700 personas y llegaron casi 300 segundas dosis de Sputnik"},"content":{"rendered":"<p>Adem\u00e1s, alrededor de 600 olavarrienses completaron su esquema de vacunaci\u00f3n. Sigue la vacunaci\u00f3n libre para mayores y la inscripci\u00f3n para adolescentes de entre 12 y 17 a\u00f1os.<!--more--><\/p>\n<hr \/>\n<p><strong>En la jornada de este s\u00e1bado se aplicaron 766 vacunas contra el Covid-19<\/strong>. De acuerdo con lo que se precis\u00f3 desde Regi\u00f3n Sanitaria IX, en el Servicio Territorial N\u00b02 se aplicaron 478 vacunas, de las cuales 95 corresponden a primeras dosis y 383 a segundo componente, mientras que en la Facultad de Ciencias de la Salud se vacunaron 288 vecinas y vecinos con segundas dosis.<\/p>\n<p>&nbsp;<\/p>\n<p><strong>Con respecto a segundas dosis, se recuerda que para recibir la aplicaci\u00f3n es \u00fanicamente por turnos,<\/strong> por lo que se le pide a los vecinos y vecinas que est\u00e9n atentos a las notificaciones que se env\u00edan desde el Ministerio de Salud provincial.<\/p>\n<p>&nbsp;<\/p>\n<blockquote><p>Se detall\u00f3 que en las \u00faltimas horas llegaron a Olavarr\u00eda 295 dosis de Sputnik V segundo componente, que fueron enviadas al Centro Cultural Universitario.<\/p><\/blockquote>\n<p>&nbsp;<\/p>\n<p>A la par, <strong>contin\u00faa la inscripci\u00f3n para adolescentes de entre 12 y 17 a\u00f1os<\/strong> a trav\u00e9s del sitio web\u00a0<a href=\"http:\/\/www.vacunatepba.gba.gob.ar\" target=\"_blank\" rel=\"noopener\">www.vacunatepba.gba.gob.ar<\/a> para obtener el turno correspondiente y recibir la primera dosis, priorizando a quienes pertenecen a grupos de riesgo. Adem\u00e1s, sigue desarroll\u00e1ndose la vacunaci\u00f3n libre para mayores de 18 a\u00f1os que acrediten domicilio en la localidad present\u00e1ndose con su DNI en cualquiera de las postas de vacunaci\u00f3n.<\/p>\n<p>&nbsp;<\/p>\n<p>Cualquier duda o consulta, podr\u00e1n acercarse a cualquiera de las cuatro postas ubicadas en: Servicio Territorial N\u00b02, Av. Alberdi 2543, de 8 a 18 hs; Facultad de Ciencias de la Salud, Merlo entre Av. Pringles y 9 de julio, de 8 a 18 hs; Centro Cultural Universitario, San Martin 1955, de 8 a 18 hs; y Mutual Carlos Alberto Moreno de Suteba, Collinet 4544, de 8 a 16 hs.<\/p>\n","protected":false},"excerpt":{"rendered":"<p>Adem\u00e1s, alrededor de 600 olavarrienses completaron su esquema de vacunaci\u00f3n. Sigue la vacunaci\u00f3n libre para mayores y la inscripci\u00f3n para<\/p>\n","protected":false},"author":3,"featured_media":25804,"comment_status":"closed","ping_status":"closed","sticky":false,"template":"","format":"standard","meta":{"_jetpack_memberships_contains_paid_content":false,"footnotes":""},"categories":[16,1],"tags":[],"class_list":["post-31098","post","type-post","status-publish","format-standard","has-post-thumbnail","hentry","category-covid-19","category-portada"],"jetpack_featured_media_url":"https:\/\/i0.wp.com\/cdnoticias.com\/wp-content\/uploads\/2021\/07\/vacunacion-17.jpg?fit=4608%2C2563&ssl=1","jetpack_sharing_enabled":true,"_links":{"self":[{"href":"https:\/\/cdnoticias.com\/index.php\/wp-json\/wp\/v2\/posts\/31098","targetHints":{"allow":["GET"]}}],"collection":[{"href":"https:\/\/cdnoticias.com\/index.php\/wp-json\/wp\/v2\/posts"}],"about":[{"href":"https:\/\/cdnoticias.com\/index.php\/wp-json\/wp\/v2\/types\/post"}],"author":[{"embeddable":true,"href":"https:\/\/cdnoticias.com\/index.php\/wp-json\/wp\/v2\/users\/3"}],"replies":[{"embeddable":true,"href":"https:\/\/cdnoticias.com\/index.php\/wp-json\/wp\/v2\/comments?post=31098"}],"version-history":[{"count":0,"href":"https:\/\/cdnoticias.com\/index.php\/wp-json\/wp\/v2\/posts\/31098\/revisions"}],"wp:featuredmedia":[{"embeddable":true,"href":"https:\/\/cdnoticias.com\/index.php\/wp-json\/wp\/v2\/media\/25804"}],"wp:attachment":[{"href":"https:\/\/cdnoticias.com\/index.php\/wp-json\/wp\/v2\/media?parent=31098"}],"wp:term":[{"taxonomy":"category","embeddable":true,"href":"https:\/\/cdnoticias.com\/index.php\/wp-json\/wp\/v2\/categories?post=31098"},{"taxonomy":"post_tag","embeddable":true,"href":"https:\/\/cdnoticias.com\/index.php\/wp-json\/wp\/v2\/tags?post=31098"}],"curies":[{"name":"wp","href":"https:\/\/api.w.org\/{rel}","templated":true}]}}