{"id":31088,"date":"2021-08-28T19:36:08","date_gmt":"2021-08-28T22:48:39","guid":{"rendered":"http:\/\/www.centraldenoticias.com.ar\/?p=31088"},"modified":"2025-01-28T22:30:29","modified_gmt":"2025-01-29T01:30:29","slug":"un-gol-a-la-inclusion-en-las-inferiores-olavarrienses","status":"publish","type":"post","link":"https:\/\/cdnoticias.com\/index.php\/2021\/08\/28\/un-gol-a-la-inclusion-en-las-inferiores-olavarrienses\/","title":{"rendered":"Un gol a la inclusi\u00f3n en las inferiores olavarrienses"},"content":{"rendered":"<p>Hern\u00e1n Canovi hace pocos d\u00edas empez\u00f3 a entrenar en Hinojo sin esperarse que este s\u00e1bado estuviera haci\u00e9ndole frente a su primera convocatoria y poco despu\u00e9s cumplir\u00eda el sue\u00f1o de convertir un gol.<\/p>\n<p><!--more--><\/p>\n<hr \/>\n<p>Este s\u00e1bado se jug\u00f3 una nueva fecha del Torneo Apertura del f\u00fatbol menor organizado por la Liga de F\u00fatbol de Olavarr\u00eda y en el Enrique De la Quintana se vivi\u00f3 el momento emotivo con el gol de Hern\u00e1n Canovi, un futbolista con S\u00edndrome de Down que convirti\u00f3 su primer gol en la Sexta Divisi\u00f3n de Hinojo.<\/p>\n<p>&nbsp;<\/p>\n<p>[soliloquy slug=&#8221;hinojo-inferiores&#8221;]<\/p>\n<p>&nbsp;<\/p>\n<p>Adem\u00e1s del gol de Canovi que empez\u00f3 a entrenar pocas semanas atr\u00e1s, hubo muchos goles y empates para concluir la 7\u00b0 fecha.<\/p>\n<p>&nbsp;<\/p>\n<p>[embedyt] https:\/\/www.youtube.com\/watch?v=FLo9vaYB7H8[\/embedyt]<\/p>\n<p>&nbsp;<\/p>\n<p>Los resultados:<\/p>\n<p>&nbsp;<\/p>\n<p>En D\u00e9cima:<br \/>\nHinojo 0 \u2013 1 Ferro<br \/>\nSan Mart\u00edn 0 \u2013 1 Racing<br \/>\nSierra Chica 1 \u2013 1 El Fort\u00edn<br \/>\nEmbajadores 0 \u2013 0 Loma Negra<\/p>\n<p>En Novena:<br \/>\nHinojo 0 \u2013 4 Ferro<br \/>\nEmbajadores 0 \u2013 1 Loma Negra<\/p>\n<p>En Octava:<br \/>\nSan Mart\u00edn 0 \u2013 0 Racing<br \/>\nSierra Chica 0 \u2013 0 El Fort\u00edn<br \/>\nEmbajadores 2 \u2013 1 Loma Negra<\/p>\n<p>En S\u00e9ptima:<br \/>\nLoma Negra 2 \u2013 3 Embajadores<br \/>\nHinojo 1 \u2013 5 Ferro<br \/>\nSan Mart\u00edn 0 \u2013 2 Racing<\/p>\n<p>En Sexta:<br \/>\nLuj\u00e1n 0 \u2013 4 Estudiantes<br \/>\nSierra Chica 0 \u2013 0 El Fort\u00edn<br \/>\nLoma Negra 0 \u2013 5 Embajadores<br \/>\nHinojo 0 \u2013 1 Ferro<\/p>\n<p>En Quinta:<br \/>\nLuj\u00e1n 1 \u2013 3 Estudiantes<br \/>\nLoma Negra 3 \u2013 4 Embajadores<br \/>\nSierra Chica 0 \u2013 0 El Fort\u00edn<br \/>\nHinojo 1 &#8211; 0 Ferro<\/p>\n","protected":false},"excerpt":{"rendered":"<p>Hern\u00e1n Canovi hace pocos d\u00edas empez\u00f3 a entrenar en Hinojo sin esperarse que este s\u00e1bado estuviera haci\u00e9ndole frente a su<\/p>\n","protected":false},"author":96739694,"featured_media":0,"comment_status":"closed","ping_status":"closed","sticky":false,"template":"","format":"standard","meta":{"_jetpack_memberships_contains_paid_content":false,"footnotes":""},"categories":[35,40,1],"tags":[],"class_list":["post-31088","post","type-post","status-publish","format-standard","hentry","category-futbol","category-inferiores","category-portada"],"jetpack_featured_media_url":"","jetpack_sharing_enabled":true,"_links":{"self":[{"href":"https:\/\/cdnoticias.com\/index.php\/wp-json\/wp\/v2\/posts\/31088","targetHints":{"allow":["GET"]}}],"collection":[{"href":"https:\/\/cdnoticias.com\/index.php\/wp-json\/wp\/v2\/posts"}],"about":[{"href":"https:\/\/cdnoticias.com\/index.php\/wp-json\/wp\/v2\/types\/post"}],"author":[{"embeddable":true,"href":"https:\/\/cdnoticias.com\/index.php\/wp-json\/wp\/v2\/users\/96739694"}],"replies":[{"embeddable":true,"href":"https:\/\/cdnoticias.com\/index.php\/wp-json\/wp\/v2\/comments?post=31088"}],"version-history":[{"count":0,"href":"https:\/\/cdnoticias.com\/index.php\/wp-json\/wp\/v2\/posts\/31088\/revisions"}],"wp:attachment":[{"href":"https:\/\/cdnoticias.com\/index.php\/wp-json\/wp\/v2\/media?parent=31088"}],"wp:term":[{"taxonomy":"category","embeddable":true,"href":"https:\/\/cdnoticias.com\/index.php\/wp-json\/wp\/v2\/categories?post=31088"},{"taxonomy":"post_tag","embeddable":true,"href":"https:\/\/cdnoticias.com\/index.php\/wp-json\/wp\/v2\/tags?post=31088"}],"curies":[{"name":"wp","href":"https:\/\/api.w.org\/{rel}","templated":true}]}}