{"id":31085,"date":"2021-08-29T11:28:58","date_gmt":"2021-08-29T14:28:58","guid":{"rendered":"http:\/\/www.centraldenoticias.com.ar\/?p=31085"},"modified":"2021-08-29T11:28:58","modified_gmt":"2021-08-29T14:28:58","slug":"el-gobierno-acuso-a-chile-de-intentar-apropiarse-de-parte-de-la-plataforma-continental","status":"publish","type":"post","link":"https:\/\/cdnoticias.com\/index.php\/2021\/08\/29\/el-gobierno-acuso-a-chile-de-intentar-apropiarse-de-parte-de-la-plataforma-continental\/","title":{"rendered":"El Gobierno acus\u00f3 a Chile de intentar apropiarse de parte de la plataforma continental"},"content":{"rendered":"<p>La Canciller\u00eda denunci\u00f3 que un decreto del presidente chileno Sebasti\u00e1n Pi\u00f1era fij\u00f3 l\u00edmites que se superponen con los argentinos<!--more--><\/p>\n<hr \/>\n<p><strong>El Gobierno acus\u00f3 este s\u00e1bado a Chile de intentar \u201capropiarse\u201d de una parte de la plataforma continental argentina<\/strong>. Rechaz\u00f3 as\u00ed una iniciativa relativa a los espacios mar\u00edtimos que el presidente de Chile, Sebasti\u00e1n Pi\u00f1era, public\u00f3 en un decreto. A trav\u00e9s de un comunicado el canciller Felipe Sol\u00e1 denunci\u00f3 que \u201cla norma no se ajusta al Tratado de Paz y Amistad celebrado entre ambos pa\u00edses en 1984\u2033.<\/p>\n<p>&nbsp;<\/p>\n<p>Seg\u00fan el escrito, Canciller\u00eda \u201ctom\u00f3 conocimiento de una medida del Gobierno de Chile publicada en el d\u00eda de ayer y fechada el pasado 23 de agosto en el Diario Oficial de ese pa\u00eds, relativa a espacios mar\u00edtimos\u201d. \u201cEsta medida pretende proyectar la plataforma continental al Este del meridiano 67\u00ba 16\u00b4 0, <strong>lo cual claramente no condice con el Tratado de Paz y Amistad celebrado entre ambos pa\u00edses en 1984\u2033, indic\u00f3 el comunicado.<\/strong><\/p>\n<p>&nbsp;<\/p>\n<p>Canciller\u00eda sostuvo que los l\u00edmites de la plataforma continental argentina se reflejan en la Ley Nacional 27.55, aprobada el 4 de agosto de 2020 por unanimidad en ambas C\u00e1maras del Congreso de la Naci\u00f3n y promulgada por el Poder Ejecutivo el 24 de agosto de ese mismo a\u00f1o. Asimismo, <strong>se aclar\u00f3 que en la ley se incluye la presentaci\u00f3n que hizo el gobierno ante la Comisi\u00f3n de L\u00edmites de la Plataforma Continental (CLPC).<\/strong><\/p>\n<p>&nbsp;<\/p>\n<blockquote><p>\u201cEsa presentaci\u00f3n se ajusta en todo al Tratado de Paz y Amistad y fue aprobada sin cuestionamientos por dicha Comisi\u00f3n con los efectos de establecer un l\u00edmite mar\u00edtimo definitivo y obligatorio de conformidad con la Convenci\u00f3n de las Naciones Unidas sobre el Derecho del Mar (CONVEMAR). Ni la presentaci\u00f3n ni la decisi\u00f3n de la Comisi\u00f3n fueron objetadas por Chile\u201d, se precis\u00f3 en el comunicado.<\/p><\/blockquote>\n<p>&nbsp;<\/p>\n<p><strong>\u00a0\u201cLa medida intentada por Chile pretende apropiarse de una parte de la plataforma continental argentina y de una extensa \u00e1rea de los fondos marinos y oce\u00e1nicos<\/strong>, espacio mar\u00edtimo que forma parte del Patrimonio Com\u00fan de la Humanidad de conformidad con la Convenci\u00f3n de las Naciones Unidas sobre el Derecho del Mar\u201d, denunci\u00f3 Canciller\u00eda.<\/p>\n<p>&nbsp;<\/p>\n<p>Y en relaci\u00f3n a ello concluy\u00f3: \u201cConsecuentemente, la citada pretensi\u00f3n chilena no es aceptable para la Rep\u00fablica Argentina y <strong>plantea una situaci\u00f3n que corresponder\u00e1 resolver a trav\u00e9s del di\u00e1logo en defensa de los derechos argentinos<\/strong>; de acuerdo a la hist\u00f3rica hermandad de nuestros pueblos y el derecho internacional\u201d.<\/p>\n<p>&nbsp;<\/p>\n<p><a href=\"https:\/\/dib.com.ar\/2021\/08\/gobierno-acusa-a-chile-de-intentar-apropiarse-de-parte-de-plataforma-continental\/\" target=\"_blank\" rel=\"noopener\"><em>Fuente DIB<\/em><\/a><\/p>\n","protected":false},"excerpt":{"rendered":"<p>La Canciller\u00eda denunci\u00f3 que un decreto del presidente chileno Sebasti\u00e1n Pi\u00f1era fij\u00f3 l\u00edmites que se superponen con los argentinos<\/p>\n","protected":false},"author":3,"featured_media":31086,"comment_status":"closed","ping_status":"closed","sticky":false,"template":"","format":"standard","meta":{"_jetpack_memberships_contains_paid_content":false,"footnotes":""},"categories":[6],"tags":[],"class_list":["post-31085","post","type-post","status-publish","format-standard","has-post-thumbnail","hentry","category-nacionales"],"jetpack_featured_media_url":"https:\/\/i0.wp.com\/cdnoticias.com\/wp-content\/uploads\/2021\/08\/Plataforma-1068x601.jpg?fit=1068%2C601&ssl=1","jetpack_sharing_enabled":true,"_links":{"self":[{"href":"https:\/\/cdnoticias.com\/index.php\/wp-json\/wp\/v2\/posts\/31085","targetHints":{"allow":["GET"]}}],"collection":[{"href":"https:\/\/cdnoticias.com\/index.php\/wp-json\/wp\/v2\/posts"}],"about":[{"href":"https:\/\/cdnoticias.com\/index.php\/wp-json\/wp\/v2\/types\/post"}],"author":[{"embeddable":true,"href":"https:\/\/cdnoticias.com\/index.php\/wp-json\/wp\/v2\/users\/3"}],"replies":[{"embeddable":true,"href":"https:\/\/cdnoticias.com\/index.php\/wp-json\/wp\/v2\/comments?post=31085"}],"version-history":[{"count":0,"href":"https:\/\/cdnoticias.com\/index.php\/wp-json\/wp\/v2\/posts\/31085\/revisions"}],"wp:featuredmedia":[{"embeddable":true,"href":"https:\/\/cdnoticias.com\/index.php\/wp-json\/wp\/v2\/media\/31086"}],"wp:attachment":[{"href":"https:\/\/cdnoticias.com\/index.php\/wp-json\/wp\/v2\/media?parent=31085"}],"wp:term":[{"taxonomy":"category","embeddable":true,"href":"https:\/\/cdnoticias.com\/index.php\/wp-json\/wp\/v2\/categories?post=31085"},{"taxonomy":"post_tag","embeddable":true,"href":"https:\/\/cdnoticias.com\/index.php\/wp-json\/wp\/v2\/tags?post=31085"}],"curies":[{"name":"wp","href":"https:\/\/api.w.org\/{rel}","templated":true}]}}