{"id":31076,"date":"2021-08-28T20:21:09","date_gmt":"2021-08-28T23:21:09","guid":{"rendered":"http:\/\/www.centraldenoticias.com.ar\/?p=31076"},"modified":"2021-08-28T20:26:12","modified_gmt":"2021-08-28T23:26:12","slug":"disparos-persecucion-y-captura-5-personas-fueron-retenidas","status":"publish","type":"post","link":"https:\/\/cdnoticias.com\/index.php\/2021\/08\/28\/disparos-persecucion-y-captura-5-personas-fueron-retenidas\/","title":{"rendered":"Disparos, persecuci\u00f3n y captura: 5 personas fueron retenidas"},"content":{"rendered":"<p>Entre los acusados se encuentra un adolescente de 17 a\u00f1os, quien fue liberado. Los restantes se encuentran a disposici\u00f3n de la justicia. Secuestraron el auto en el que se movilizaban y dem\u00e1s &#8220;elementos de inter\u00e9s&#8221;.<!--more--><\/p>\n<hr \/>\n<p>Un preocupante y violento episodio se registr\u00f3 en la jornada de este s\u00e1bado. Tal fue la dimensi\u00f3n y particularidad de <strong>los hechos que se iniciaron en la zona del barrio Lourdes, incluyeron Sarmiento Norte pero culmin\u00f3 en la zona del Isaura, donde 5 personas fueron interceptadas<\/strong> y se incautaron numerosos elementos de inter\u00e9s probatorio.<\/p>\n<p>&nbsp;<\/p>\n<p>De acuerdo con lo que logr\u00f3 conocer <em><strong>Central de Noticias<\/strong><\/em>, todo tuvo su inici\u00f3 sobre avenida De los Trabajadores al 700, sitio de la ciudad donde un llamado al servicio de emergencias alert\u00f3 sobre la presencia de <strong>un grupo de personas a bordo de un veh\u00edculo amenazando a una mujer.<\/strong><\/p>\n<p>&nbsp;<\/p>\n<p>Poco despu\u00e9s se tom\u00f3 conocimiento que esas mismas personas habr\u00edan<strong> atacado a disparos un domicilio de Merlo al 1900,<\/strong> para volver a huir. Los hechos dieron lugar a que desde el Comando de Patrullas local, con el aporte de agentes de la comisar\u00eda Primera, se despliegue un operativo cerrojo que permiti\u00f3 la identificaci\u00f3n rodado, dando lugar a una persecuci\u00f3n que se prolong\u00f3 por varias cuadras.<\/p>\n<p>&nbsp;<\/p>\n<p><img data-recalc-dims=\"1\" loading=\"lazy\" decoding=\"async\" class=\"alignnone size-large wp-image-4437\" src=\"https:\/\/i0.wp.com\/cdnoticias.com\/wp-content\/uploads\/2020\/10\/departamental-comandopatrullas3.jpg?resize=800%2C450&#038;ssl=1\" alt=\"\" width=\"800\" height=\"450\" srcset=\"https:\/\/i0.wp.com\/cdnoticias.com\/wp-content\/uploads\/2020\/10\/departamental-comandopatrullas3.jpg?resize=1024%2C576&amp;ssl=1 1024w, https:\/\/i0.wp.com\/cdnoticias.com\/wp-content\/uploads\/2020\/10\/departamental-comandopatrullas3.jpg?resize=300%2C169&amp;ssl=1 300w, https:\/\/i0.wp.com\/cdnoticias.com\/wp-content\/uploads\/2020\/10\/departamental-comandopatrullas3.jpg?resize=768%2C432&amp;ssl=1 768w, https:\/\/i0.wp.com\/cdnoticias.com\/wp-content\/uploads\/2020\/10\/departamental-comandopatrullas3.jpg?w=1152&amp;ssl=1 1152w\" sizes=\"auto, (max-width: 800px) 100vw, 800px\" \/><\/p>\n<p>&nbsp;<\/p>\n<p><strong>Fue sobre 108 y Rivadavia donde finalmente pudieron ser interceptados<\/strong>. En el veh\u00edculo viajaban 5 personas, entre ellas un adolescente de 17 a\u00f1os. Los restantes, seg\u00fan se precis\u00f3 a este portal, 18, 18, 19 y 31 a\u00f1os. <strong>El auto en\u00a0 el que se movilizaban, un Fiat Palio, tambi\u00e9n fue incautado al igual que diversos elementos hallados en su interior, tales como cuchillos, barras de hierro y envoltorios de marihuana. \u00a0\u00a0<\/strong><\/p>\n<p>&nbsp;<\/p>\n<p>Se iniciaron actuaciones por<strong> \u201cdesobediencia\u201d, \u201camenazas agravadas\u201d y \u201cabuso de armas\u201d, adem\u00e1s de infracci\u00f3n a Ley de Drogas<\/strong>. Es por ello que, por un lado, interviene el Fuero Penal de Responsabilidad Juvenil al verse implicado un adolescente, y, por el otro, la fiscal\u00eda en estupefacientes por el hallazgo y secuestro de drogas il\u00edcitas.<\/p>\n<p>&nbsp;<\/p>\n<p>Por \u00faltimo, vale dar cuenta que<strong> el adolescente ya fue entregado a sus padres una vez tomados los recaudos legales<\/strong>, mientras que los restantes aguardan por conocer su situaci\u00f3n procesal.<\/p>\n","protected":false},"excerpt":{"rendered":"<p>Entre los acusados se encuentra un adolescente de 17 a\u00f1os, quien fue liberado. Los restantes se encuentran a disposici\u00f3n de<\/p>\n","protected":false},"author":3,"featured_media":31077,"comment_status":"closed","ping_status":"closed","sticky":false,"template":"","format":"standard","meta":{"_jetpack_memberships_contains_paid_content":false,"footnotes":""},"categories":[14,1],"tags":[],"class_list":["post-31076","post","type-post","status-publish","format-standard","has-post-thumbnail","hentry","category-policiales","category-portada"],"jetpack_featured_media_url":"https:\/\/i0.wp.com\/cdnoticias.com\/wp-content\/uploads\/2021\/08\/comando.jpg?fit=800%2C445&ssl=1","jetpack_sharing_enabled":true,"_links":{"self":[{"href":"https:\/\/cdnoticias.com\/index.php\/wp-json\/wp\/v2\/posts\/31076","targetHints":{"allow":["GET"]}}],"collection":[{"href":"https:\/\/cdnoticias.com\/index.php\/wp-json\/wp\/v2\/posts"}],"about":[{"href":"https:\/\/cdnoticias.com\/index.php\/wp-json\/wp\/v2\/types\/post"}],"author":[{"embeddable":true,"href":"https:\/\/cdnoticias.com\/index.php\/wp-json\/wp\/v2\/users\/3"}],"replies":[{"embeddable":true,"href":"https:\/\/cdnoticias.com\/index.php\/wp-json\/wp\/v2\/comments?post=31076"}],"version-history":[{"count":0,"href":"https:\/\/cdnoticias.com\/index.php\/wp-json\/wp\/v2\/posts\/31076\/revisions"}],"wp:featuredmedia":[{"embeddable":true,"href":"https:\/\/cdnoticias.com\/index.php\/wp-json\/wp\/v2\/media\/31077"}],"wp:attachment":[{"href":"https:\/\/cdnoticias.com\/index.php\/wp-json\/wp\/v2\/media?parent=31076"}],"wp:term":[{"taxonomy":"category","embeddable":true,"href":"https:\/\/cdnoticias.com\/index.php\/wp-json\/wp\/v2\/categories?post=31076"},{"taxonomy":"post_tag","embeddable":true,"href":"https:\/\/cdnoticias.com\/index.php\/wp-json\/wp\/v2\/tags?post=31076"}],"curies":[{"name":"wp","href":"https:\/\/api.w.org\/{rel}","templated":true}]}}