{"id":31073,"date":"2021-08-28T17:59:56","date_gmt":"2021-08-28T20:59:56","guid":{"rendered":"http:\/\/www.centraldenoticias.com.ar\/?p=31073"},"modified":"2021-08-28T17:59:56","modified_gmt":"2021-08-28T20:59:56","slug":"mes-de-la-ninez-la-respuesta-ha-sido-mas-que-satisfactoria","status":"publish","type":"post","link":"https:\/\/cdnoticias.com\/index.php\/2021\/08\/28\/mes-de-la-ninez-la-respuesta-ha-sido-mas-que-satisfactoria\/","title":{"rendered":"Mes de la ni\u00f1ez: \u201cLa respuesta ha sido m\u00e1s que satisfactoria\u201d"},"content":{"rendered":"<p>As\u00ed lo analiz\u00f3 Diego Robbiani, en el marco de las actividades que se han llevado a cabo durante los fines de semana de agosto. Este domingo ser\u00e1 el cierre con m\u00e1s eventos y sorteos.<!--more--><\/p>\n<hr \/>\n<p><strong>\u201cEstamos muy contentos porque la respuesta ha sido m\u00e1s que satisfactoria\u201d<\/strong>. De esa manera Diego Robbiani, el secretario de Desarrollo Humano y Calidad de Vida analiz\u00f3 una nueva jornada enmarcada en el mes de ni\u00f1ez, las <strong>actividades que se han desplegado durante todo el mes de agosto, en conjunto con MANO y Radio Sapiens.<\/strong><\/p>\n<p>&nbsp;<\/p>\n<p>La Sala del Teatro Municipal fue sede de diferentes espect\u00e1culos art\u00edsticos \u2013con la presencia de gran cantidad de p\u00fablico\u2013 y tambi\u00e9n hubo propuestas en barrios como Eucaliptus, Bel\u00e9n, Trabajadores, El Progreso, Pickelado, y tambi\u00e9n en las localidades del Partido. Al respecto, el secretario de Desarrollo Humano y Calidad de Vida Diego Robbiani se mostr\u00f3 <strong>\u201cagradecido y feliz por los festejos que realizamos durante todo el mes. Este domingo, el cierre ser\u00e1 el corolario de mucho trabajo en equipo, pensado \u00edntegramente para hacer felices a los ni\u00f1os\u201d.<\/strong><\/p>\n<p>&nbsp;<\/p>\n<blockquote class=\"twitter-tweet\" data-width=\"550\" data-dnt=\"true\">\n<p lang=\"es\" dir=\"ltr\">Hoy finalizaron los festejos por el mes de la ni\u00f1ez y te lo mostramos as\u00ed \ud83d\ude4c\ud83c\udffc.<a href=\"https:\/\/twitter.com\/ezequielgalli?ref_src=twsrc%5Etfw\">@ezequielgalli<\/a> <a href=\"https:\/\/twitter.com\/robbiani_diego?ref_src=twsrc%5Etfw\">@robbiani_diego<\/a> <a href=\"https:\/\/twitter.com\/MuniOlav?ref_src=twsrc%5Etfw\">@MuniOlav<\/a> <a href=\"https:\/\/t.co\/mEVWhncZUq\">pic.twitter.com\/mEVWhncZUq<\/a><\/p>\n<p>&mdash; Pol\u00edticas de juventud \ud83d\uddde\ufe0f (@PoliticasJuvOla) <a href=\"https:\/\/twitter.com\/PoliticasJuvOla\/status\/1431701948739248130?ref_src=twsrc%5Etfw\">August 28, 2021<\/a><\/p><\/blockquote>\n<p><script async src=\"https:\/\/platform.twitter.com\/widgets.js\" charset=\"utf-8\"><\/script><\/p>\n<p>&nbsp;<\/p>\n<p>Asimismo record\u00f3 que \u201cpor el contexto epidemiol\u00f3gico no pudimos hacer la gran fiesta del D\u00eda del Ni\u00f1o de todos los a\u00f1os, pero <strong>con MANO y Radio Sapiens llevamos alegr\u00eda a los distintos barrios y localidades del Partido de Olavarr\u00eda, trabajando codo a codo para que puedan tener esta celebraci\u00f3n especial<\/strong>. Agradezco a todos quienes formaron parte de esta propuesta: las empresas que nos acompa\u00f1aron, a la radio, a MANO, al equipo de la Subsecretar\u00eda de Cultura y los j\u00f3venes de Pol\u00edticas de Juventud del Municipio que no dudaron en sumarse con nosotros\u201d.<\/p>\n<p>&nbsp;<\/p>\n<p>\u201cFue una propuesta pensada para los ni\u00f1os y las familias, con artistas de nuestras Escuelas Municipales en la sala del Teatro Municipal, con la presencia del Ballet Folcl\u00f3rico, las Rock\u00edsticas, la Orquesta Escuela, la Banda Juvenil y la asistencia de cientos de ni\u00f1os de los Centros de D\u00eda. La verdad que estamos muy contentos porque la respuesta ha sido m\u00e1s que satisfactoria. <strong>Ver la sonrisa de un ni\u00f1o es el mejor regalo que podemos tener cuando hacemos este tipo de actividades\u201d, concluy\u00f3 Robbiani.<\/strong><\/p>\n<p>&nbsp;<\/p>\n","protected":false},"excerpt":{"rendered":"<p>As\u00ed lo analiz\u00f3 Diego Robbiani, en el marco de las actividades que se han llevado a cabo durante los fines<\/p>\n","protected":false},"author":3,"featured_media":31075,"comment_status":"closed","ping_status":"closed","sticky":false,"template":"","format":"standard","meta":{"_jetpack_memberships_contains_paid_content":false,"footnotes":""},"categories":[5,1],"tags":[],"class_list":["post-31073","post","type-post","status-publish","format-standard","has-post-thumbnail","hentry","category-informacion-general","category-portada"],"jetpack_featured_media_url":"https:\/\/i0.wp.com\/cdnoticias.com\/wp-content\/uploads\/2021\/08\/Cultura-Mes-de-la-ninez-1024x685.jpeg?fit=1024%2C685&ssl=1","jetpack_sharing_enabled":true,"_links":{"self":[{"href":"https:\/\/cdnoticias.com\/index.php\/wp-json\/wp\/v2\/posts\/31073","targetHints":{"allow":["GET"]}}],"collection":[{"href":"https:\/\/cdnoticias.com\/index.php\/wp-json\/wp\/v2\/posts"}],"about":[{"href":"https:\/\/cdnoticias.com\/index.php\/wp-json\/wp\/v2\/types\/post"}],"author":[{"embeddable":true,"href":"https:\/\/cdnoticias.com\/index.php\/wp-json\/wp\/v2\/users\/3"}],"replies":[{"embeddable":true,"href":"https:\/\/cdnoticias.com\/index.php\/wp-json\/wp\/v2\/comments?post=31073"}],"version-history":[{"count":0,"href":"https:\/\/cdnoticias.com\/index.php\/wp-json\/wp\/v2\/posts\/31073\/revisions"}],"wp:featuredmedia":[{"embeddable":true,"href":"https:\/\/cdnoticias.com\/index.php\/wp-json\/wp\/v2\/media\/31075"}],"wp:attachment":[{"href":"https:\/\/cdnoticias.com\/index.php\/wp-json\/wp\/v2\/media?parent=31073"}],"wp:term":[{"taxonomy":"category","embeddable":true,"href":"https:\/\/cdnoticias.com\/index.php\/wp-json\/wp\/v2\/categories?post=31073"},{"taxonomy":"post_tag","embeddable":true,"href":"https:\/\/cdnoticias.com\/index.php\/wp-json\/wp\/v2\/tags?post=31073"}],"curies":[{"name":"wp","href":"https:\/\/api.w.org\/{rel}","templated":true}]}}