{"id":31056,"date":"2021-08-28T16:08:02","date_gmt":"2021-08-28T19:08:02","guid":{"rendered":"http:\/\/www.centraldenoticias.com.ar\/?p=31056"},"modified":"2021-08-28T18:31:25","modified_gmt":"2021-08-28T21:31:25","slug":"javier-lovera-nuestra-expectativa-es-que-las-instituciones-se-fortalezcan","status":"publish","type":"post","link":"https:\/\/cdnoticias.com\/index.php\/2021\/08\/28\/javier-lovera-nuestra-expectativa-es-que-las-instituciones-se-fortalezcan\/","title":{"rendered":"Javier Lovera: \u201cNuestra expectativa es que las instituciones se fortalezcan\u201d"},"content":{"rendered":"<p>El subsecretario de Deportes de la provincia de Buenos Aires indic\u00f3 que busc\u00f3 \u201cver la realidad del deporte a nivel local\u201d en su visita. Vuelta del p\u00fablico a los espect\u00e1culos deportivos: \u201cque se prioricen las personas vacunadas\u201d plante\u00f3.<!--more--><\/p>\n<hr \/>\n<p><strong>\u201cVenimos recorriendo clubes e instituciones, vemos una realidad heterog\u00e9nea\u201d<\/strong> manifest\u00f3 este s\u00e1bado el <strong>subsecretario de Deportes de la provincia de Buenos Aires Javier Lovera en Olavarr\u00eda<\/strong>. <a href=\"https:\/\/cdnoticias.com\/index.php\/2021\/08\/28\/el-subsecretario-de-deportes-provincial-de-recorrida-en-olavarria\/\" target=\"_blank\" rel=\"noopener\">Lleg\u00f3 a la ciudad en el marco de esas recorridas<\/a>.<\/p>\n<p>&nbsp;<\/p>\n<p>\u201cVisitamos varios clubes donde <strong>resaltamos el rol social en el sentido de este contexto tan dif\u00edcil de la pandemia<\/strong> en el cual cumplieron el rol de sostener a la poblaci\u00f3n desde el punto de vista alimentario, con ollas populares; sostuvieron a la poblaci\u00f3n acompa\u00f1ando centros de aislamiento y en algunos lugares sostuvieron a la poblaci\u00f3n acompa\u00f1ando las \u00e1reas de contenci\u00f3n social en el retorno de las actividades cuando estaban las escuelas cerradas. Las instituciones deportivas fueron el primer centro de socializaci\u00f3n de nuestros ni\u00f1os, ni\u00f1as y adolescentes\u201d evalu\u00f3 el funcionario de la gesti\u00f3n de Axel Kicillof.<\/p>\n<p><img data-recalc-dims=\"1\" loading=\"lazy\" decoding=\"async\" class=\"size-full wp-image-31061 aligncenter\" src=\"https:\/\/i0.wp.com\/cdnoticias.com\/wp-content\/uploads\/2021\/08\/lovera-04.jpg?resize=800%2C445&#038;ssl=1\" alt=\"\" width=\"800\" height=\"445\" srcset=\"https:\/\/i0.wp.com\/cdnoticias.com\/wp-content\/uploads\/2021\/08\/lovera-04.jpg?w=800&amp;ssl=1 800w, https:\/\/i0.wp.com\/cdnoticias.com\/wp-content\/uploads\/2021\/08\/lovera-04.jpg?resize=300%2C167&amp;ssl=1 300w, https:\/\/i0.wp.com\/cdnoticias.com\/wp-content\/uploads\/2021\/08\/lovera-04.jpg?resize=768%2C427&amp;ssl=1 768w\" sizes=\"auto, (max-width: 800px) 100vw, 800px\" \/><\/p>\n<p>&nbsp;<\/p>\n<blockquote><p>En ese sentido, expres\u00f3 que el objetivo de la visita fue \u201cver la realidad del deporte a nivel local, palpar de primera mano la situaci\u00f3n y el desarrollo deportivo local y ver qu\u00e9 propuestas podemos aportar al desarrollo, crecimiento y fortalecimiento del deporte en Olavarr\u00eda\u201d.<\/p><\/blockquote>\n<p>&nbsp;<\/p>\n<p>Ante la consulta por <strong>asistencia que demandan los clubes y las respuestas de la Provincia<\/strong>, Lovera subray\u00f3 que \u201ctenemos la suerte de tener instituciones centenarias en la provincia, que trascendieron un mont\u00f3n de situaciones muy complejas\u201d. Apunt\u00f3 contra la gesti\u00f3n anterior al se\u00f1alar que \u201clos tarifazos y un mont\u00f3n de quita de beneficios de estas instituciones llev\u00f3 a que cerraran\u201d.<\/p>\n<p>&nbsp;<\/p>\n<p><img data-recalc-dims=\"1\" loading=\"lazy\" decoding=\"async\" class=\"size-full wp-image-31059 aligncenter\" src=\"https:\/\/i0.wp.com\/cdnoticias.com\/wp-content\/uploads\/2021\/08\/lovera-02.jpg?resize=800%2C445&#038;ssl=1\" alt=\"\" width=\"800\" height=\"445\" srcset=\"https:\/\/i0.wp.com\/cdnoticias.com\/wp-content\/uploads\/2021\/08\/lovera-02.jpg?w=800&amp;ssl=1 800w, https:\/\/i0.wp.com\/cdnoticias.com\/wp-content\/uploads\/2021\/08\/lovera-02.jpg?resize=300%2C167&amp;ssl=1 300w, https:\/\/i0.wp.com\/cdnoticias.com\/wp-content\/uploads\/2021\/08\/lovera-02.jpg?resize=768%2C427&amp;ssl=1 768w\" sizes=\"auto, (max-width: 800px) 100vw, 800px\" \/><\/p>\n<p>&nbsp;<\/p>\n<p>&nbsp;<\/p>\n<blockquote><p>\u201cNuestra expectativa es que las instituciones se fortalezcan\u201d destac\u00f3 el subsecretario.<\/p><\/blockquote>\n<p>&nbsp;<\/p>\n<p>Inform\u00f3 la vigencia de la <strong>Ley de Asociaciones Civiles<\/strong>, aprobada en 2020, \u201cque va a hacer que muchas instituciones <strong>recuperen la parte documental<\/strong>, lo cual es un punto angular para poder recibir apoyo. Y despu\u00e9s tambi\u00e9n muchos <strong>beneficios tarifarios<\/strong>, tarifa cero para instituciones de menor tama\u00f1o y tarifa real para las m\u00e1s grandes. Y una serie de beneficios importantes que a lo largo del tiempo van a hacer que los clubes se fortalezcan y se sostengan\u201d.<\/p>\n<p>&nbsp;<\/p>\n<p><img data-recalc-dims=\"1\" loading=\"lazy\" decoding=\"async\" class=\"alignnone size-full wp-image-31058\" src=\"https:\/\/i0.wp.com\/cdnoticias.com\/wp-content\/uploads\/2021\/08\/lovera-01.jpg?resize=800%2C445&#038;ssl=1\" alt=\"\" width=\"800\" height=\"445\" srcset=\"https:\/\/i0.wp.com\/cdnoticias.com\/wp-content\/uploads\/2021\/08\/lovera-01.jpg?w=800&amp;ssl=1 800w, https:\/\/i0.wp.com\/cdnoticias.com\/wp-content\/uploads\/2021\/08\/lovera-01.jpg?resize=300%2C167&amp;ssl=1 300w, https:\/\/i0.wp.com\/cdnoticias.com\/wp-content\/uploads\/2021\/08\/lovera-01.jpg?resize=768%2C427&amp;ssl=1 768w\" sizes=\"auto, (max-width: 800px) 100vw, 800px\" \/><\/p>\n<p>&nbsp;<\/p>\n<p><strong>La vuelta del p\u00fablico<\/strong><\/p>\n<p>&nbsp;<\/p>\n<p>Por estos d\u00edas se analiza a nivel nacional y provincial el retorno del p\u00fablico a los espect\u00e1culos deportivos. El subsecretario afirm\u00f3 que <strong>se buscar\u00e1 \u201cque retorne el p\u00fablico no solo a nivel profesional sino en todos los niveles\u201d.<\/strong><\/p>\n<p>&nbsp;<\/p>\n<blockquote><p>Sobre el tema, Lovera indic\u00f3 que \u201cvenimos trabajando en una estrategia con el Comit\u00e9 Asesor de Ciencias del Deporte. Tenemos una expectativa de que se prioricen las personas vacunadas en el contexto del retorno del aforo\u201d.<\/p><\/blockquote>\n<p>&nbsp;<\/p>\n<p><img data-recalc-dims=\"1\" loading=\"lazy\" decoding=\"async\" class=\"alignnone size-full wp-image-31060\" src=\"https:\/\/i0.wp.com\/cdnoticias.com\/wp-content\/uploads\/2021\/08\/lovera-03.jpg?resize=800%2C445&#038;ssl=1\" alt=\"\" width=\"800\" height=\"445\" srcset=\"https:\/\/i0.wp.com\/cdnoticias.com\/wp-content\/uploads\/2021\/08\/lovera-03.jpg?w=800&amp;ssl=1 800w, https:\/\/i0.wp.com\/cdnoticias.com\/wp-content\/uploads\/2021\/08\/lovera-03.jpg?resize=300%2C167&amp;ssl=1 300w, https:\/\/i0.wp.com\/cdnoticias.com\/wp-content\/uploads\/2021\/08\/lovera-03.jpg?resize=768%2C427&amp;ssl=1 768w\" sizes=\"auto, (max-width: 800px) 100vw, 800px\" \/><\/p>\n<p>&nbsp;<\/p>\n<p>En ese sentido explic\u00f3 que \u201clas personas vacunadas son las que tienen <strong>m\u00e1s seguridad y menos riesgo<\/strong> de enfermarse\u201d.<\/p>\n<p>&nbsp;<\/p>\n<p>Igualmente, el funcionario dej\u00f3 en claro que las definiciones centrales<strong> \u201cdependen de un decreto nacional\u201d<\/strong> que despu\u00e9s conllevar\u00e1 la adhesi\u00f3n provincial.<\/p>\n","protected":false},"excerpt":{"rendered":"<p>El subsecretario de Deportes de la provincia de Buenos Aires indic\u00f3 que busc\u00f3 \u201cver la realidad del deporte a nivel<\/p>\n","protected":false},"author":4,"featured_media":31062,"comment_status":"closed","ping_status":"closed","sticky":false,"template":"","format":"standard","meta":{"_jetpack_memberships_contains_paid_content":false,"footnotes":""},"categories":[4,1],"tags":[],"class_list":["post-31056","post","type-post","status-publish","format-standard","has-post-thumbnail","hentry","category-politica","category-portada"],"jetpack_featured_media_url":"https:\/\/i0.wp.com\/cdnoticias.com\/wp-content\/uploads\/2021\/08\/lovera-00.jpg?fit=800%2C445&ssl=1","jetpack_sharing_enabled":true,"_links":{"self":[{"href":"https:\/\/cdnoticias.com\/index.php\/wp-json\/wp\/v2\/posts\/31056","targetHints":{"allow":["GET"]}}],"collection":[{"href":"https:\/\/cdnoticias.com\/index.php\/wp-json\/wp\/v2\/posts"}],"about":[{"href":"https:\/\/cdnoticias.com\/index.php\/wp-json\/wp\/v2\/types\/post"}],"author":[{"embeddable":true,"href":"https:\/\/cdnoticias.com\/index.php\/wp-json\/wp\/v2\/users\/4"}],"replies":[{"embeddable":true,"href":"https:\/\/cdnoticias.com\/index.php\/wp-json\/wp\/v2\/comments?post=31056"}],"version-history":[{"count":0,"href":"https:\/\/cdnoticias.com\/index.php\/wp-json\/wp\/v2\/posts\/31056\/revisions"}],"wp:featuredmedia":[{"embeddable":true,"href":"https:\/\/cdnoticias.com\/index.php\/wp-json\/wp\/v2\/media\/31062"}],"wp:attachment":[{"href":"https:\/\/cdnoticias.com\/index.php\/wp-json\/wp\/v2\/media?parent=31056"}],"wp:term":[{"taxonomy":"category","embeddable":true,"href":"https:\/\/cdnoticias.com\/index.php\/wp-json\/wp\/v2\/categories?post=31056"},{"taxonomy":"post_tag","embeddable":true,"href":"https:\/\/cdnoticias.com\/index.php\/wp-json\/wp\/v2\/tags?post=31056"}],"curies":[{"name":"wp","href":"https:\/\/api.w.org\/{rel}","templated":true}]}}