{"id":31049,"date":"2021-08-28T15:18:37","date_gmt":"2021-08-28T18:06:40","guid":{"rendered":"http:\/\/www.centraldenoticias.com.ar\/?p=31049"},"modified":"2025-01-28T22:30:32","modified_gmt":"2025-01-29T01:30:32","slug":"el-subsecretario-de-deportes-provincial-de-recorrida-en-olavarria","status":"publish","type":"post","link":"https:\/\/cdnoticias.com\/index.php\/2021\/08\/28\/el-subsecretario-de-deportes-provincial-de-recorrida-en-olavarria\/","title":{"rendered":"El subsecretario de Deportes provincial, de recorrida en Olavarr\u00eda"},"content":{"rendered":"<p>Javier Lovera estuvo en clubes de Hinojo, Colonia San Miguel y Olavarr\u00eda. Adem\u00e1s, mantuvo un encuentro con dirigentes en Mariano Moreno.<!--more--><\/p>\n<hr \/>\n<p>En compa\u00f1\u00eda de diferentes referentes pol\u00edticos de la Ciudad, el subsecretario de Deportes de la Provincia de Buenos Aires lleg\u00f3 a Olavarr\u00eda pasado el mediod\u00eda de este s\u00e1bado y adem\u00e1s de recorrer diversas entidades deportivas se reuni\u00f3 con dirigentes de la Uni\u00f3n de Clubes.<\/p>\n<p>&nbsp;<\/p>\n<p>Para saber qu\u00e9 actividades realiz\u00f3 el funcionario municipal y con qui\u00e9n se reuni\u00f3 no te pierdas la nota completa de <a href=\"https:\/\/www.centraldenoticias.com.ar\/index.php\/2021\/08\/28\/el-subsecretario-de-deportes-provincial-de-recorrida-en-olavarria\/\">Central de Noticias.<\/a><\/p>\n","protected":false},"excerpt":{"rendered":"<p>Javier Lovera estuvo en clubes de Hinojo, Colonia San Miguel y Olavarr\u00eda. Adem\u00e1s, mantuvo un encuentro con dirigentes en Mariano<\/p>\n","protected":false},"author":96739694,"featured_media":143417,"comment_status":"closed","ping_status":"closed","sticky":false,"template":"","format":"standard","meta":{"_jetpack_memberships_contains_paid_content":false,"footnotes":""},"categories":[30,1],"tags":[],"class_list":["post-31049","post","type-post","status-publish","format-standard","has-post-thumbnail","hentry","category-polideportivo","category-portada"],"jetpack_featured_media_url":"https:\/\/i0.wp.com\/cdnoticias.com\/wp-content\/uploads\/2021\/08\/WhatsApp-Image-2021-08-28-at-14.30.40-1-1024x678.jpeg?fit=1024%2C678&ssl=1","jetpack_sharing_enabled":true,"_links":{"self":[{"href":"https:\/\/cdnoticias.com\/index.php\/wp-json\/wp\/v2\/posts\/31049","targetHints":{"allow":["GET"]}}],"collection":[{"href":"https:\/\/cdnoticias.com\/index.php\/wp-json\/wp\/v2\/posts"}],"about":[{"href":"https:\/\/cdnoticias.com\/index.php\/wp-json\/wp\/v2\/types\/post"}],"author":[{"embeddable":true,"href":"https:\/\/cdnoticias.com\/index.php\/wp-json\/wp\/v2\/users\/96739694"}],"replies":[{"embeddable":true,"href":"https:\/\/cdnoticias.com\/index.php\/wp-json\/wp\/v2\/comments?post=31049"}],"version-history":[{"count":0,"href":"https:\/\/cdnoticias.com\/index.php\/wp-json\/wp\/v2\/posts\/31049\/revisions"}],"wp:featuredmedia":[{"embeddable":true,"href":"https:\/\/cdnoticias.com\/index.php\/wp-json\/wp\/v2\/media\/143417"}],"wp:attachment":[{"href":"https:\/\/cdnoticias.com\/index.php\/wp-json\/wp\/v2\/media?parent=31049"}],"wp:term":[{"taxonomy":"category","embeddable":true,"href":"https:\/\/cdnoticias.com\/index.php\/wp-json\/wp\/v2\/categories?post=31049"},{"taxonomy":"post_tag","embeddable":true,"href":"https:\/\/cdnoticias.com\/index.php\/wp-json\/wp\/v2\/tags?post=31049"}],"curies":[{"name":"wp","href":"https:\/\/api.w.org\/{rel}","templated":true}]}}