{"id":31046,"date":"2021-08-28T13:57:37","date_gmt":"2021-08-28T16:57:37","guid":{"rendered":"http:\/\/www.centraldenoticias.com.ar\/?p=31046"},"modified":"2021-08-28T16:08:34","modified_gmt":"2021-08-28T19:08:34","slug":"un-robo-dejo-sin-luz-a-un-sector-de-villa-aurora","status":"publish","type":"post","link":"https:\/\/cdnoticias.com\/index.php\/2021\/08\/28\/un-robo-dejo-sin-luz-a-un-sector-de-villa-aurora\/","title":{"rendered":"Un robo dej\u00f3 sin luz a un sector de Villa Aurora"},"content":{"rendered":"<p>Coopelectric inform\u00f3 que fue en una subestaci\u00f3n transformadora. Se har\u00e1 la denuncia por el il\u00edcito. Las reparaciones demorar\u00e1n \u201cvarias horas\u201d, se previ\u00f3 desde la cooperativa.<!--more--><\/p>\n<hr \/>\n<p>Coopelectric inform\u00f3 que <strong>un robo registrado en una subestaci\u00f3n transformadora<\/strong> ubicada en las inmediaciones de <strong>Villa Aurora<\/strong>, ocasion\u00f3 da\u00f1os en las instalaciones el\u00e9ctricas de <strong>media y baja tensi\u00f3n por lo que un sector de dicho barrio se encuentra sin suministro el\u00e9ctrico<\/strong>.<\/p>\n<p>&nbsp;<\/p>\n<blockquote><p>Se trata de la zona comprendida por las calles Los Tulipanes &#8211; Las Rosas &#8211; San Mart\u00edn &#8211; Las Orqu\u00eddeas.<\/p><\/blockquote>\n<p><img data-recalc-dims=\"1\" loading=\"lazy\" decoding=\"async\" class=\"aligncenter wp-image-31047\" src=\"https:\/\/i0.wp.com\/cdnoticias.com\/wp-content\/uploads\/2021\/08\/coopelectric-robo.jpg?resize=700%2C561&#038;ssl=1\" alt=\"\" width=\"700\" height=\"561\" srcset=\"https:\/\/i0.wp.com\/cdnoticias.com\/wp-content\/uploads\/2021\/08\/coopelectric-robo.jpg?w=755&amp;ssl=1 755w, https:\/\/i0.wp.com\/cdnoticias.com\/wp-content\/uploads\/2021\/08\/coopelectric-robo.jpg?resize=300%2C240&amp;ssl=1 300w\" sizes=\"auto, (max-width: 700px) 100vw, 700px\" \/><\/p>\n<p>\u201cPor la magnitud de los da\u00f1os registrados, se estima que el personal de <strong>Coopelectric desarrollar\u00e1 tareas en el lugar durante varias horas<\/strong> para poder normalizar el Servicio El\u00e9ctrico\u201d indic\u00f3 la prestadora.<\/p>\n<p>&nbsp;<\/p>\n<blockquote><p>A su vez, se destac\u00f3 que \u201cadem\u00e1s de los inconvenientes que genera para los usuarios, este hecho delictivo representa un perjuicio material por lo que Coopelectric radicar\u00e1 la denuncia correspondiente\u201d.<\/p><\/blockquote>\n","protected":false},"excerpt":{"rendered":"<p>Coopelectric inform\u00f3 que fue en una subestaci\u00f3n transformadora. Se har\u00e1 la denuncia por el il\u00edcito. Las reparaciones demorar\u00e1n \u201cvarias horas\u201d,<\/p>\n","protected":false},"author":4,"featured_media":12971,"comment_status":"closed","ping_status":"closed","sticky":false,"template":"","format":"standard","meta":{"_jetpack_memberships_contains_paid_content":false,"footnotes":""},"categories":[5,1],"tags":[],"class_list":["post-31046","post","type-post","status-publish","format-standard","has-post-thumbnail","hentry","category-informacion-general","category-portada"],"jetpack_featured_media_url":"https:\/\/i0.wp.com\/cdnoticias.com\/wp-content\/uploads\/2021\/02\/Nueva-SET-Villa-Aurora-03.jpg?fit=1024%2C768&ssl=1","jetpack_sharing_enabled":true,"_links":{"self":[{"href":"https:\/\/cdnoticias.com\/index.php\/wp-json\/wp\/v2\/posts\/31046","targetHints":{"allow":["GET"]}}],"collection":[{"href":"https:\/\/cdnoticias.com\/index.php\/wp-json\/wp\/v2\/posts"}],"about":[{"href":"https:\/\/cdnoticias.com\/index.php\/wp-json\/wp\/v2\/types\/post"}],"author":[{"embeddable":true,"href":"https:\/\/cdnoticias.com\/index.php\/wp-json\/wp\/v2\/users\/4"}],"replies":[{"embeddable":true,"href":"https:\/\/cdnoticias.com\/index.php\/wp-json\/wp\/v2\/comments?post=31046"}],"version-history":[{"count":0,"href":"https:\/\/cdnoticias.com\/index.php\/wp-json\/wp\/v2\/posts\/31046\/revisions"}],"wp:featuredmedia":[{"embeddable":true,"href":"https:\/\/cdnoticias.com\/index.php\/wp-json\/wp\/v2\/media\/12971"}],"wp:attachment":[{"href":"https:\/\/cdnoticias.com\/index.php\/wp-json\/wp\/v2\/media?parent=31046"}],"wp:term":[{"taxonomy":"category","embeddable":true,"href":"https:\/\/cdnoticias.com\/index.php\/wp-json\/wp\/v2\/categories?post=31046"},{"taxonomy":"post_tag","embeddable":true,"href":"https:\/\/cdnoticias.com\/index.php\/wp-json\/wp\/v2\/tags?post=31046"}],"curies":[{"name":"wp","href":"https:\/\/api.w.org\/{rel}","templated":true}]}}