{"id":31034,"date":"2021-08-28T12:04:31","date_gmt":"2021-08-28T15:04:31","guid":{"rendered":"http:\/\/www.centraldenoticias.com.ar\/?p=31034"},"modified":"2021-08-28T13:58:29","modified_gmt":"2021-08-28T16:58:29","slug":"el-frente-de-todos-local-posiciono-la-inversion-de-provincia-y-nacion-en-obra-publica-en-olavarria","status":"publish","type":"post","link":"https:\/\/cdnoticias.com\/index.php\/2021\/08\/28\/el-frente-de-todos-local-posiciono-la-inversion-de-provincia-y-nacion-en-obra-publica-en-olavarria\/","title":{"rendered":"El Frente de Todos local posicion\u00f3 la inversi\u00f3n de Provincia y Naci\u00f3n en obra p\u00fablica en Olavarr\u00eda"},"content":{"rendered":"<p>Sostuvo que el 90% de las obras p\u00fablicas tienen financiamiento dispuesto por Axel Kicillof y Alberto Fern\u00e1ndez. Son m\u00e1s de 40 obras con erogaciones por m\u00e1s de 800 millones de pesos, y m\u00e1s trabajos proyectados y anunciados.<!--more--><\/p>\n<hr \/>\n<p><strong>\u201cEl 90% de la obra p\u00fablica del Partido de Olavarr\u00eda es financiada por Provincia y Naci\u00f3n\u201d<\/strong> se inform\u00f3 desde el <strong>Frente de Todos de Olavarr\u00eda<\/strong>.<\/p>\n<p>&nbsp;<\/p>\n<blockquote><p>Se destac\u00f3 \u201cel impulso del gobernador Axel Kicillof y el Presidente Alberto Fern\u00e1ndez a la obra p\u00fablica en el Partido de Olavarr\u00eda que desde el comienzo de la gesti\u00f3n se puso en marcha con un claro compromiso con los olavarrienses, sin distinciones partidarias, producto del di\u00e1logo y gestiones de referentes locales del Frente de Todos que acercan a Olavarr\u00eda las pol\u00edticas del gobierno nacional y provincial\u201d.<\/p><\/blockquote>\n<p>&nbsp;<\/p>\n<p><img data-recalc-dims=\"1\" loading=\"lazy\" decoding=\"async\" class=\"size-full wp-image-31031 aligncenter\" src=\"https:\/\/i0.wp.com\/cdnoticias.com\/wp-content\/uploads\/2021\/08\/obras-frente-de-todos-01.jpg?resize=800%2C477&#038;ssl=1\" alt=\"\" width=\"800\" height=\"477\" srcset=\"https:\/\/i0.wp.com\/cdnoticias.com\/wp-content\/uploads\/2021\/08\/obras-frente-de-todos-01.jpg?w=800&amp;ssl=1 800w, https:\/\/i0.wp.com\/cdnoticias.com\/wp-content\/uploads\/2021\/08\/obras-frente-de-todos-01.jpg?resize=300%2C179&amp;ssl=1 300w, https:\/\/i0.wp.com\/cdnoticias.com\/wp-content\/uploads\/2021\/08\/obras-frente-de-todos-01.jpg?resize=768%2C458&amp;ssl=1 768w\" sizes=\"auto, (max-width: 800px) 100vw, 800px\" \/><\/p>\n<p>&nbsp;<\/p>\n<p>En ese sentido, se detall\u00f3 que <strong>en el \u00faltimo a\u00f1o se anunciaron m\u00e1s de 40 obras financiadas por la Provincia y la Naci\u00f3n<\/strong> en nuestro Partido. Entre las principales obras que se realizan, se encuentra la <a href=\"https:\/\/cdnoticias.com\/index.php\/2021\/04\/26\/se-pavimentaran-ocho-cuadras-de-avenida-pueyrredon-con-el-fim\/\" target=\"_blank\" rel=\"noopener\">pavimentaci\u00f3n de la avenida Pueyrred\u00f3n<\/a> entre La Rioja y Circunvalaci\u00f3n, la repavimentaci\u00f3n de las avenidas <a href=\"https:\/\/cdnoticias.com\/index.php\/2021\/07\/01\/avanza-la-segunda-etapa-de-obra-de-repavimentacion-de-avenida-ituzaingo\/\" target=\"_blank\" rel=\"noopener\">Ituzaing\u00f3<\/a> y <a href=\"https:\/\/cdnoticias.com\/index.php\/2021\/08\/17\/el-intendente-galli-recorrio-la-obra-de-repavimentacion-de-avenida-alberdi\/\" target=\"_blank\" rel=\"noopener\">Alberdi<\/a>. Adem\u00e1s en t\u00e9rminos de seguridad vial el Ministerio de Obras P\u00fablicas de la Naci\u00f3n, present\u00f3 el <a href=\"https:\/\/cdnoticias.com\/index.php\/2021\/07\/15\/obras-en-la-ruta-226-se-construira-una-rotonda-en-el-acceso-a-hinojo\/\" target=\"_blank\" rel=\"noopener\">pliego de licitaci\u00f3n<\/a> por un monto de <strong>$157 millones de pesos para la rotonda de acceso a Hinojo en la Ruta 226<\/strong> y se confirm\u00f3 el <a href=\"https:\/\/cdnoticias.com\/index.php\/2021\/07\/15\/que-llegue-la-mayor-cantidad-de-obras-a-olavarria\/\" target=\"_blank\" rel=\"noopener\">proyecto para construir una rotonda en el acceso de Sierras Bayas<\/a>.<\/p>\n<p>&nbsp;<\/p>\n<p>En el marco del <strong>Programa <a href=\"https:\/\/cdnoticias.com\/index.php\/2020\/11\/14\/gabriel-katopodis-hay-una-valoracion-del-presidente-del-rol-de-los-intendentes\/\" target=\"_blank\" rel=\"noopener\">&#8220;Argentina Hace&#8221;<\/a>, el Gobierno Nacional durante el 2021 invierte m\u00e1s de $115 millones de pesos<\/strong>, que implica obras de repavimentaci\u00f3n, el <a href=\"https:\/\/cdnoticias.com\/index.php\/2021\/08\/26\/se-inicio-la-obra-del-centro-de-atencion-veterinaria\/\" target=\"_blank\" rel=\"noopener\">Centro de Atenci\u00f3n Veterinaria<\/a> y ampliaci\u00f3n de redes cloacales. Desde el Ente Nacional de Obras H\u00eddricas de Saneamiento se lleva adelante desde marzo de este a\u00f1o la <a href=\"https:\/\/cdnoticias.com\/index.php\/2021\/04\/05\/se-inicio-la-ampliacion-de-la-red-de-cloacas-en-loma-negra\/\" target=\"_blank\" rel=\"noopener\">Red Cloacal de Loma Negra<\/a> ($22 millones de pesos), como tambi\u00e9n se giraron fondos al Municipio para la ampliaci\u00f3n del conducto pluvial del Barrio CECO ($9.000.000), la ampliaci\u00f3n de la red de agua para el barrio Bel\u00e9n ($3.000.000), la reactivaci\u00f3n de la ampliaci\u00f3n cloacal para los barrios Hip\u00f3lito Yrigoyen ($14.000.000) y Villa Floresta ($23.000.000).<\/p>\n<p>&nbsp;<\/p>\n<p><img data-recalc-dims=\"1\" loading=\"lazy\" decoding=\"async\" class=\"size-full wp-image-31033 aligncenter\" src=\"https:\/\/i0.wp.com\/cdnoticias.com\/wp-content\/uploads\/2021\/08\/obras-frente-de-todos-03.jpg?resize=800%2C444&#038;ssl=1\" alt=\"\" width=\"800\" height=\"444\" srcset=\"https:\/\/i0.wp.com\/cdnoticias.com\/wp-content\/uploads\/2021\/08\/obras-frente-de-todos-03.jpg?w=800&amp;ssl=1 800w, https:\/\/i0.wp.com\/cdnoticias.com\/wp-content\/uploads\/2021\/08\/obras-frente-de-todos-03.jpg?resize=300%2C167&amp;ssl=1 300w, https:\/\/i0.wp.com\/cdnoticias.com\/wp-content\/uploads\/2021\/08\/obras-frente-de-todos-03.jpg?resize=768%2C426&amp;ssl=1 768w\" sizes=\"auto, (max-width: 800px) 100vw, 800px\" \/><\/p>\n<p>&nbsp;<\/p>\n<p>En materia de Educaci\u00f3n, el gobierno Nacional avanza en la licitaci\u00f3n de la <a href=\"https:\/\/cdnoticias.com\/index.php\/2021\/05\/04\/comienza-la-importante-obra-de-ampliacion-de-la-facultad-de-salud\/\" target=\"_blank\" rel=\"noopener\">construcci\u00f3n de aulas y ampliaci\u00f3n<\/a> de la <strong>Facultad de Salud de la UNICEN por un monto de $240 millones de pesos<\/strong>, adem\u00e1s desde la Provincia <a href=\"https:\/\/cdnoticias.com\/index.php\/2021\/06\/12\/edificio-de-artes-visuales-la-provincia-realizara-la-obra\/\" target=\"_blank\" rel=\"noopener\">comenzaron las obras<\/a> para el <strong>nuevo edificio de la Escuela de Artes Visuales<\/strong> ($23 millones) y del <strong>Jard\u00edn 928 del barrio AOMA<\/strong> ($40 millones). Tambi\u00e9n durante este a\u00f1o se avanz\u00f3 en <em>mejoras edilicias para la Escuela Primaria N\u00b08, Escuela Primaria N\u00b07, CEC N\u00b0 802, Jard\u00edn N\u00b0 904, Escuela Primaria N\u00b0 17, Escuela Primaria N\u00b0 81 y Escuela Primaria N\u00b0 60<\/em> en el marco del <strong>Programa de Emergencia Edilicia 2021<\/strong> ($20 millones).<\/p>\n<p>&nbsp;<\/p>\n<p>A partir del <strong>Fondo de Infraestructura Municipal<\/strong> que la Provincia otorga a los distritos bonaerenses, a pedido del Municipio se lleva adelante la renovaci\u00f3n y puesta en valor del <a href=\"https:\/\/cdnoticias.com\/index.php\/2021\/08\/24\/paseo-de-la-salud-apuntan-a-un-diseno-renovado-moderno-y-confortable\/\" target=\"_blank\" rel=\"noopener\">\u201cPaseo de la Salud\u201d<\/a>, la construcci\u00f3n de <strong>bicisendas hasta el parque \u201cLos Fresnos\u201d de Sierras Bayas<\/strong> y la <strong>repavimentaci\u00f3n de bocacalles en Villa Alfredo Fortabat<\/strong>.<\/p>\n<p>&nbsp;<\/p>\n<p><img data-recalc-dims=\"1\" loading=\"lazy\" decoding=\"async\" class=\"size-full wp-image-31032 aligncenter\" src=\"https:\/\/i0.wp.com\/cdnoticias.com\/wp-content\/uploads\/2021\/08\/obras-frente-de-todos-02.jpg?resize=800%2C445&#038;ssl=1\" alt=\"\" width=\"800\" height=\"445\" srcset=\"https:\/\/i0.wp.com\/cdnoticias.com\/wp-content\/uploads\/2021\/08\/obras-frente-de-todos-02.jpg?w=800&amp;ssl=1 800w, https:\/\/i0.wp.com\/cdnoticias.com\/wp-content\/uploads\/2021\/08\/obras-frente-de-todos-02.jpg?resize=300%2C167&amp;ssl=1 300w, https:\/\/i0.wp.com\/cdnoticias.com\/wp-content\/uploads\/2021\/08\/obras-frente-de-todos-02.jpg?resize=768%2C427&amp;ssl=1 768w\" sizes=\"auto, (max-width: 800px) 100vw, 800px\" \/><\/p>\n<p>&nbsp;<\/p>\n<p>De la misma forma, el gobierno de la Provincia present\u00f3 el <strong>plan quinquenal de Caminos Rurales<\/strong> que involucra la <a href=\"https:\/\/cdnoticias.com\/index.php\/2021\/08\/26\/confirman-la-licitacion-de-la-obra-de-mejoramiento-de-la-ruta-no-51-vieja\/\" target=\"_blank\" rel=\"noopener\">obra de mejoramiento de la \u201cRuta 51 vieja\u201d<\/a> que une Colonia San Miguel con la Ruta 226 y beneficiar\u00e1 la <strong>productividad de las canteras de la zona y de los productores rurales<\/strong> con el acortamiento de distancias y otorgando conectividad para la regi\u00f3n.<\/p>\n<p>&nbsp;<\/p>\n<blockquote><p>Por \u00faltimo, se record\u00f3 que desde la provincia se incluy\u00f3 en el presupuesto de este a\u00f1o la construcci\u00f3n de la autov\u00eda en la Ruta Provincial 51 en el tramo Olavarr\u00eda-Loma Negra, como tambi\u00e9n la proyecci\u00f3n de la obra de la Casa de la Provincia que ya fue licitada para comenzar a realizarse este a\u00f1o con una inversi\u00f3n de $197 millones, generando mano de obra local y constituyendo un ahorro para el alquiler de dependencias provinciales.<\/p><\/blockquote>\n<p>&nbsp;<\/p>\n<p><img data-recalc-dims=\"1\" loading=\"lazy\" decoding=\"async\" class=\"alignnone size-full wp-image-31035\" src=\"https:\/\/i0.wp.com\/cdnoticias.com\/wp-content\/uploads\/2021\/08\/obra-paseo-de-la-salud-00.jpg?resize=800%2C445&#038;ssl=1\" alt=\"\" width=\"800\" height=\"445\" srcset=\"https:\/\/i0.wp.com\/cdnoticias.com\/wp-content\/uploads\/2021\/08\/obra-paseo-de-la-salud-00.jpg?w=800&amp;ssl=1 800w, https:\/\/i0.wp.com\/cdnoticias.com\/wp-content\/uploads\/2021\/08\/obra-paseo-de-la-salud-00.jpg?resize=300%2C167&amp;ssl=1 300w, https:\/\/i0.wp.com\/cdnoticias.com\/wp-content\/uploads\/2021\/08\/obra-paseo-de-la-salud-00.jpg?resize=768%2C427&amp;ssl=1 768w\" sizes=\"auto, (max-width: 800px) 100vw, 800px\" \/><\/p>\n","protected":false},"excerpt":{"rendered":"<p>Sostuvo que el 90% de las obras p\u00fablicas tienen financiamiento dispuesto por Axel Kicillof y Alberto Fern\u00e1ndez. Son m\u00e1s de<\/p>\n","protected":false},"author":4,"featured_media":31030,"comment_status":"closed","ping_status":"closed","sticky":false,"template":"","format":"standard","meta":{"_jetpack_memberships_contains_paid_content":false,"footnotes":""},"categories":[4,1],"tags":[],"class_list":["post-31034","post","type-post","status-publish","format-standard","has-post-thumbnail","hentry","category-politica","category-portada"],"jetpack_featured_media_url":"https:\/\/i0.wp.com\/cdnoticias.com\/wp-content\/uploads\/2021\/08\/obras-frente-de-todos-00.jpg?fit=800%2C445&ssl=1","jetpack_sharing_enabled":true,"_links":{"self":[{"href":"https:\/\/cdnoticias.com\/index.php\/wp-json\/wp\/v2\/posts\/31034","targetHints":{"allow":["GET"]}}],"collection":[{"href":"https:\/\/cdnoticias.com\/index.php\/wp-json\/wp\/v2\/posts"}],"about":[{"href":"https:\/\/cdnoticias.com\/index.php\/wp-json\/wp\/v2\/types\/post"}],"author":[{"embeddable":true,"href":"https:\/\/cdnoticias.com\/index.php\/wp-json\/wp\/v2\/users\/4"}],"replies":[{"embeddable":true,"href":"https:\/\/cdnoticias.com\/index.php\/wp-json\/wp\/v2\/comments?post=31034"}],"version-history":[{"count":0,"href":"https:\/\/cdnoticias.com\/index.php\/wp-json\/wp\/v2\/posts\/31034\/revisions"}],"wp:featuredmedia":[{"embeddable":true,"href":"https:\/\/cdnoticias.com\/index.php\/wp-json\/wp\/v2\/media\/31030"}],"wp:attachment":[{"href":"https:\/\/cdnoticias.com\/index.php\/wp-json\/wp\/v2\/media?parent=31034"}],"wp:term":[{"taxonomy":"category","embeddable":true,"href":"https:\/\/cdnoticias.com\/index.php\/wp-json\/wp\/v2\/categories?post=31034"},{"taxonomy":"post_tag","embeddable":true,"href":"https:\/\/cdnoticias.com\/index.php\/wp-json\/wp\/v2\/tags?post=31034"}],"curies":[{"name":"wp","href":"https:\/\/api.w.org\/{rel}","templated":true}]}}