{"id":31021,"date":"2021-08-28T10:12:22","date_gmt":"2021-08-28T13:12:22","guid":{"rendered":"http:\/\/www.centraldenoticias.com.ar\/?p=31021"},"modified":"2021-08-28T12:05:31","modified_gmt":"2021-08-28T15:05:31","slug":"el-subsecretario-de-deportes-de-la-provincia-estara-en-olavarria","status":"publish","type":"post","link":"https:\/\/cdnoticias.com\/index.php\/2021\/08\/28\/el-subsecretario-de-deportes-de-la-provincia-estara-en-olavarria\/","title":{"rendered":"El subsecretario de Deportes de la Provincia estar\u00e1 en Olavarr\u00eda"},"content":{"rendered":"<p>Javier Lovera har\u00e1 este s\u00e1bado una recorrida por clubes y mantendr\u00e1 una reuni\u00f3n con dirigentes de Pueblo Nuevo, El Fort\u00edn, Ferro, Mariano Moreno y Racing.<!--more--><\/p>\n<hr \/>\n<p>Este s\u00e1bado estar\u00e1 en Olavarr\u00eda el <strong>subsecretario de Deportes de la Provincia, Javier Lovera<\/strong>.<\/p>\n<p>&nbsp;<\/p>\n<p>Seg\u00fan se adelant\u00f3 har\u00e1 una <strong>recorrida por clubes<\/strong> y mantendr\u00e1 una reuni\u00f3n con <strong>dirigentes de Pueblo Nuevo, El Fort\u00edn, Ferro, Mariano Moreno y Racing<\/strong>.<\/p>\n<p>&nbsp;<\/p>\n<p>Pasado el mediod\u00eda se espera que <strong>mantenga un contacto con los medios locales<\/strong>.<\/p>\n","protected":false},"excerpt":{"rendered":"<p>Javier Lovera har\u00e1 este s\u00e1bado una recorrida por clubes y mantendr\u00e1 una reuni\u00f3n con dirigentes de Pueblo Nuevo, El Fort\u00edn,<\/p>\n","protected":false},"author":4,"featured_media":31022,"comment_status":"closed","ping_status":"closed","sticky":false,"template":"","format":"standard","meta":{"_jetpack_memberships_contains_paid_content":false,"footnotes":""},"categories":[4,1],"tags":[],"class_list":["post-31021","post","type-post","status-publish","format-standard","has-post-thumbnail","hentry","category-politica","category-portada"],"jetpack_featured_media_url":"https:\/\/i0.wp.com\/cdnoticias.com\/wp-content\/uploads\/2021\/08\/javier-lovera-deportes800x445.jpg?fit=800%2C445&ssl=1","jetpack_sharing_enabled":true,"_links":{"self":[{"href":"https:\/\/cdnoticias.com\/index.php\/wp-json\/wp\/v2\/posts\/31021","targetHints":{"allow":["GET"]}}],"collection":[{"href":"https:\/\/cdnoticias.com\/index.php\/wp-json\/wp\/v2\/posts"}],"about":[{"href":"https:\/\/cdnoticias.com\/index.php\/wp-json\/wp\/v2\/types\/post"}],"author":[{"embeddable":true,"href":"https:\/\/cdnoticias.com\/index.php\/wp-json\/wp\/v2\/users\/4"}],"replies":[{"embeddable":true,"href":"https:\/\/cdnoticias.com\/index.php\/wp-json\/wp\/v2\/comments?post=31021"}],"version-history":[{"count":0,"href":"https:\/\/cdnoticias.com\/index.php\/wp-json\/wp\/v2\/posts\/31021\/revisions"}],"wp:featuredmedia":[{"embeddable":true,"href":"https:\/\/cdnoticias.com\/index.php\/wp-json\/wp\/v2\/media\/31022"}],"wp:attachment":[{"href":"https:\/\/cdnoticias.com\/index.php\/wp-json\/wp\/v2\/media?parent=31021"}],"wp:term":[{"taxonomy":"category","embeddable":true,"href":"https:\/\/cdnoticias.com\/index.php\/wp-json\/wp\/v2\/categories?post=31021"},{"taxonomy":"post_tag","embeddable":true,"href":"https:\/\/cdnoticias.com\/index.php\/wp-json\/wp\/v2\/tags?post=31021"}],"curies":[{"name":"wp","href":"https:\/\/api.w.org\/{rel}","templated":true}]}}