{"id":31019,"date":"2021-08-28T09:46:52","date_gmt":"2021-08-28T12:46:52","guid":{"rendered":"http:\/\/www.centraldenoticias.com.ar\/?p=31019"},"modified":"2021-08-28T09:46:52","modified_gmt":"2021-08-28T12:46:52","slug":"norma-gladis-fernandez-de-schamberger-q-e-p-d","status":"publish","type":"post","link":"https:\/\/cdnoticias.com\/index.php\/2021\/08\/28\/norma-gladis-fernandez-de-schamberger-q-e-p-d\/","title":{"rendered":"Norma Gladis Fernandez de Schamberger (Q.E.P.D.)"},"content":{"rendered":"<p>Falleci\u00f3 en Olavarr\u00eda el d\u00eda 27 de agosto de 2021 a los 67 a\u00f1os de edad.<\/p>\n<p>&nbsp;<\/p>\n<p>Su esposo: N\u00e9stor Dar\u00edo Schamberger. Su hija: Yesica Schamberger Fernandez. Su hijo pol\u00edtico: Agustin Francomano Ortega y dem\u00e1s deudos participan su fallecimiento.<\/p>\n<p>&nbsp;<\/p>\n<p>Sin velatorio. Responso: a confirmar. Inhumaci\u00f3n: Loma de Paz, s\u00e1bado 28 de agosto a las 14:30.<\/p>\n<p>&nbsp;<\/p>\n<p>Barrio en el que viv\u00eda: Villa Floresta.<\/p>\n<p>&nbsp;<\/p>\n<p>Lugar de nacimiento: C\u00f3rdoba.<\/p>\n<p>&nbsp;<\/p>\n<p>Actividad que desarrollaba: Jubilada.<\/p>\n","protected":false},"excerpt":{"rendered":"<p>Falleci\u00f3 en Olavarr\u00eda el d\u00eda 27 de agosto de 2021 a los 67 a\u00f1os de edad. &nbsp; Su esposo: N\u00e9stor<\/p>\n","protected":false},"author":4,"featured_media":0,"comment_status":"closed","ping_status":"closed","sticky":false,"template":"","format":"standard","meta":{"_jetpack_memberships_contains_paid_content":false,"footnotes":""},"categories":[10],"tags":[],"class_list":["post-31019","post","type-post","status-publish","format-standard","hentry","category-necrologicas"],"jetpack_featured_media_url":"","jetpack_sharing_enabled":true,"_links":{"self":[{"href":"https:\/\/cdnoticias.com\/index.php\/wp-json\/wp\/v2\/posts\/31019","targetHints":{"allow":["GET"]}}],"collection":[{"href":"https:\/\/cdnoticias.com\/index.php\/wp-json\/wp\/v2\/posts"}],"about":[{"href":"https:\/\/cdnoticias.com\/index.php\/wp-json\/wp\/v2\/types\/post"}],"author":[{"embeddable":true,"href":"https:\/\/cdnoticias.com\/index.php\/wp-json\/wp\/v2\/users\/4"}],"replies":[{"embeddable":true,"href":"https:\/\/cdnoticias.com\/index.php\/wp-json\/wp\/v2\/comments?post=31019"}],"version-history":[{"count":0,"href":"https:\/\/cdnoticias.com\/index.php\/wp-json\/wp\/v2\/posts\/31019\/revisions"}],"wp:attachment":[{"href":"https:\/\/cdnoticias.com\/index.php\/wp-json\/wp\/v2\/media?parent=31019"}],"wp:term":[{"taxonomy":"category","embeddable":true,"href":"https:\/\/cdnoticias.com\/index.php\/wp-json\/wp\/v2\/categories?post=31019"},{"taxonomy":"post_tag","embeddable":true,"href":"https:\/\/cdnoticias.com\/index.php\/wp-json\/wp\/v2\/tags?post=31019"}],"curies":[{"name":"wp","href":"https:\/\/api.w.org\/{rel}","templated":true}]}}