{"id":31010,"date":"2021-08-28T10:20:48","date_gmt":"2021-08-28T13:20:48","guid":{"rendered":"http:\/\/www.centraldenoticias.com.ar\/?p=31010"},"modified":"2021-08-28T10:20:48","modified_gmt":"2021-08-28T13:20:48","slug":"hagamos-un-buen-papel-un-centenar-de-nuevos-arboles-en-la-ciudad","status":"publish","type":"post","link":"https:\/\/cdnoticias.com\/index.php\/2021\/08\/28\/hagamos-un-buen-papel-un-centenar-de-nuevos-arboles-en-la-ciudad\/","title":{"rendered":"\u201cHagamos un buen papel\u201d: un centenar de nuevos \u00e1rboles en la ciudad"},"content":{"rendered":"<p>En el marco del convenio de cooperaci\u00f3n entre la Municipalidad de Olavarr\u00eda y Camuzzi, esta semana se iniciaron los trabajos para la plantaci\u00f3n de 100 nuevas especies de \u00e1rboles, en distintos puntos de la ciudad.<!--more--><\/p>\n<hr \/>\n<p>En la ma\u00f1ana de este viernes, el intendente Ezequiel Galli, junto a directivos de la empresa Camuzzi, estuvo en barrio CECO, y particip\u00f3 de las<strong> tareas de plantaci\u00f3n en el separador de avenida Pellegrini, entre avenida Avellaneda y avenida Del Maestro.<\/strong><\/p>\n<p>&nbsp;<\/p>\n<p>Adem\u00e1s, estuvieron presentes el presidente del HCD Bruno Cenizo, el secretario de Desarrollo Humano y Calidad de Vida Diego Robbiani y el secretario de Mantenimiento y Obras P\u00fablicas de la Municipalidad Julio Ferraro.<\/p>\n<p>&nbsp;<\/p>\n<p>Este tipo de acciones tienen por objetivo contribuir con el ambiente y generar <strong>mayor conciencia sobre el cuidado del espacio p\u00fablico y la responsabilidad ambiental.<\/strong><\/p>\n<p>&nbsp;<\/p>\n<blockquote><p>Entre las especies elegidas para plantar en los separadores, se encuentra: Aguaribay, Bauhinia, Espinillo y Cina Cina, que son apropiadas para este tipo de lugares.<\/p><\/blockquote>\n<p>&nbsp;<\/p>\n<p><img data-recalc-dims=\"1\" loading=\"lazy\" decoding=\"async\" class=\"alignnone size-full wp-image-31013\" src=\"https:\/\/i0.wp.com\/cdnoticias.com\/wp-content\/uploads\/2021\/08\/Obras-Plantacion-Municipio-Camuzzi-2-scaled.jpg?resize=800%2C535&#038;ssl=1\" alt=\"\" width=\"800\" height=\"535\" srcset=\"https:\/\/i0.wp.com\/cdnoticias.com\/wp-content\/uploads\/2021\/08\/Obras-Plantacion-Municipio-Camuzzi-2-scaled.jpg?w=2560&amp;ssl=1 2560w, https:\/\/i0.wp.com\/cdnoticias.com\/wp-content\/uploads\/2021\/08\/Obras-Plantacion-Municipio-Camuzzi-2-scaled.jpg?resize=300%2C201&amp;ssl=1 300w, https:\/\/i0.wp.com\/cdnoticias.com\/wp-content\/uploads\/2021\/08\/Obras-Plantacion-Municipio-Camuzzi-2-scaled.jpg?resize=768%2C513&amp;ssl=1 768w, https:\/\/i0.wp.com\/cdnoticias.com\/wp-content\/uploads\/2021\/08\/Obras-Plantacion-Municipio-Camuzzi-2-scaled.jpg?resize=1024%2C684&amp;ssl=1 1024w, https:\/\/i0.wp.com\/cdnoticias.com\/wp-content\/uploads\/2021\/08\/Obras-Plantacion-Municipio-Camuzzi-2-scaled.jpg?resize=272%2C182&amp;ssl=1 272w, https:\/\/i0.wp.com\/cdnoticias.com\/wp-content\/uploads\/2021\/08\/Obras-Plantacion-Municipio-Camuzzi-2-scaled.jpg?w=1600&amp;ssl=1 1600w, https:\/\/i0.wp.com\/cdnoticias.com\/wp-content\/uploads\/2021\/08\/Obras-Plantacion-Municipio-Camuzzi-2-scaled.jpg?w=2400&amp;ssl=1 2400w\" sizes=\"auto, (max-width: 800px) 100vw, 800px\" \/><\/p>\n<p>&nbsp;<\/p>\n<p>Esta iniciativa se enmarca en la <strong>campa\u00f1a de la distribuidora \u201cHagamos un buen Papel\u201d<\/strong>, en la que se compromete a plantar \u00e1rboles nativos en las comunidades donde opera, al tiempo que incentiva a sus usuarios a adherirse a la factura digital para disminuir la tala de \u00e1rboles que se genera con la impresi\u00f3n de boletas de pago.<\/p>\n<p>&nbsp;<\/p>\n<p>Desde su lanzamiento en diciembre de 2020,<strong> m\u00e1s de 250.000 usuarios ya eligieron prescindir de la factura impresa<\/strong>, lo cual permiti\u00f3 disminuir las impresiones de m\u00e1s de 500.000 hojas de papel, que equivalen a la preservaci\u00f3n de 63 \u00e1rboles. En Olavarr\u00eda, el 64% de los usuarios ya recibe su factura en forma digital.<\/p>\n<p>&nbsp;<\/p>\n<p>Desde el Municipio se\u00f1alaron que<em> &#8220;se promueven distintas acciones en el marco de la revalorizaci\u00f3n de nuestros espacios p\u00fablicos y cuidado del ambiente, que son los ejes rectores de las pol\u00edticas de la gesti\u00f3n ambiental&#8221;.<\/em><\/p>\n","protected":false},"excerpt":{"rendered":"<p>En el marco del convenio de cooperaci\u00f3n entre la Municipalidad de Olavarr\u00eda y Camuzzi, esta semana se iniciaron los trabajos<\/p>\n","protected":false},"author":5,"featured_media":31011,"comment_status":"closed","ping_status":"closed","sticky":false,"template":"","format":"standard","meta":{"_jetpack_memberships_contains_paid_content":false,"footnotes":""},"categories":[5,1],"tags":[],"class_list":["post-31010","post","type-post","status-publish","format-standard","has-post-thumbnail","hentry","category-informacion-general","category-portada"],"jetpack_featured_media_url":"https:\/\/i0.wp.com\/cdnoticias.com\/wp-content\/uploads\/2021\/08\/Obras-Plantacion-Municipio-Camuzzi-1-scaled.jpg?fit=2560%2C1711&ssl=1","jetpack_sharing_enabled":true,"_links":{"self":[{"href":"https:\/\/cdnoticias.com\/index.php\/wp-json\/wp\/v2\/posts\/31010","targetHints":{"allow":["GET"]}}],"collection":[{"href":"https:\/\/cdnoticias.com\/index.php\/wp-json\/wp\/v2\/posts"}],"about":[{"href":"https:\/\/cdnoticias.com\/index.php\/wp-json\/wp\/v2\/types\/post"}],"author":[{"embeddable":true,"href":"https:\/\/cdnoticias.com\/index.php\/wp-json\/wp\/v2\/users\/5"}],"replies":[{"embeddable":true,"href":"https:\/\/cdnoticias.com\/index.php\/wp-json\/wp\/v2\/comments?post=31010"}],"version-history":[{"count":0,"href":"https:\/\/cdnoticias.com\/index.php\/wp-json\/wp\/v2\/posts\/31010\/revisions"}],"wp:featuredmedia":[{"embeddable":true,"href":"https:\/\/cdnoticias.com\/index.php\/wp-json\/wp\/v2\/media\/31011"}],"wp:attachment":[{"href":"https:\/\/cdnoticias.com\/index.php\/wp-json\/wp\/v2\/media?parent=31010"}],"wp:term":[{"taxonomy":"category","embeddable":true,"href":"https:\/\/cdnoticias.com\/index.php\/wp-json\/wp\/v2\/categories?post=31010"},{"taxonomy":"post_tag","embeddable":true,"href":"https:\/\/cdnoticias.com\/index.php\/wp-json\/wp\/v2\/tags?post=31010"}],"curies":[{"name":"wp","href":"https:\/\/api.w.org\/{rel}","templated":true}]}}