{"id":30973,"date":"2021-08-27T17:15:00","date_gmt":"2021-08-27T20:19:35","guid":{"rendered":"http:\/\/www.centraldenoticias.com.ar\/?p=30973"},"modified":"2025-01-28T22:30:46","modified_gmt":"2025-01-29T01:30:46","slug":"y-el-bata-va-confirmo-su-participacion-en-liga-argentina","status":"publish","type":"post","link":"https:\/\/cdnoticias.com\/index.php\/2021\/08\/27\/y-el-bata-va-confirmo-su-participacion-en-liga-argentina\/","title":{"rendered":"Y el \u201cBata\u201d va\u2026 confirm\u00f3 su participaci\u00f3n en Liga Argentina"},"content":{"rendered":"<p>Luego de varias semanas de trabajo y debate por parte de la totalidad de los dirigentes del Club Atl\u00e9tico Estudiantes, definieron participar nuevamente en la Liga Argentina.<!--more--><\/p>\n<hr \/>\n<p>A\u00fan sin haber cerrado el presupuesto, el Club Estudiantes anunci\u00f3 que seguir\u00e1 siendo parte de la Liga Argentina e invitan a la comunidad a acercarse a colaborar.<\/p>\n<p>&nbsp;<\/p>\n<p>Tras semanas de intenso debate y de puestas en duda sobre la continuidad del equipo olavarriense en la segunda categor\u00eda, este viernes se oficializ\u00f3 que participar\u00e1 del certamen que dar\u00e1 inicio el 8 de octubre.<\/p>\n<p>&nbsp;<\/p>\n<p><img data-recalc-dims=\"1\" loading=\"lazy\" decoding=\"async\" class=\"aligncenter size-full wp-image-4114\" src=\"https:\/\/i0.wp.com\/centraldeportes.com.ar\/wp-content\/uploads\/2021\/08\/WhatsApp-Image-2021-08-27-at-16.36.06.jpeg?resize=730%2C730\" alt=\"\" width=\"730\" height=\"730\" \/><\/p>\n<p>&nbsp;<\/p>\n<p>Confirmada la participaci\u00f3n es tiempo de empezar a confirmar qui\u00e9nes ser\u00e1n los deportistas que representar\u00e1n al \u201cBataraz\u201d que se sumen a Juli\u00e1n Ruiz -\u00fanico con contrato con la instituci\u00f3n-.<\/p>\n","protected":false},"excerpt":{"rendered":"<p>Luego de varias semanas de trabajo y debate por parte de la totalidad de los dirigentes del Club Atl\u00e9tico Estudiantes,<\/p>\n","protected":false},"author":96739694,"featured_media":0,"comment_status":"closed","ping_status":"closed","sticky":false,"template":"","format":"standard","meta":{"_jetpack_memberships_contains_paid_content":false,"footnotes":""},"categories":[31,32,1],"tags":[],"class_list":["post-30973","post","type-post","status-publish","format-standard","hentry","category-basquet","category-liga-argentina","category-portada"],"jetpack_featured_media_url":"","jetpack_sharing_enabled":true,"_links":{"self":[{"href":"https:\/\/cdnoticias.com\/index.php\/wp-json\/wp\/v2\/posts\/30973","targetHints":{"allow":["GET"]}}],"collection":[{"href":"https:\/\/cdnoticias.com\/index.php\/wp-json\/wp\/v2\/posts"}],"about":[{"href":"https:\/\/cdnoticias.com\/index.php\/wp-json\/wp\/v2\/types\/post"}],"author":[{"embeddable":true,"href":"https:\/\/cdnoticias.com\/index.php\/wp-json\/wp\/v2\/users\/96739694"}],"replies":[{"embeddable":true,"href":"https:\/\/cdnoticias.com\/index.php\/wp-json\/wp\/v2\/comments?post=30973"}],"version-history":[{"count":0,"href":"https:\/\/cdnoticias.com\/index.php\/wp-json\/wp\/v2\/posts\/30973\/revisions"}],"wp:attachment":[{"href":"https:\/\/cdnoticias.com\/index.php\/wp-json\/wp\/v2\/media?parent=30973"}],"wp:term":[{"taxonomy":"category","embeddable":true,"href":"https:\/\/cdnoticias.com\/index.php\/wp-json\/wp\/v2\/categories?post=30973"},{"taxonomy":"post_tag","embeddable":true,"href":"https:\/\/cdnoticias.com\/index.php\/wp-json\/wp\/v2\/tags?post=30973"}],"curies":[{"name":"wp","href":"https:\/\/api.w.org\/{rel}","templated":true}]}}