{"id":30972,"date":"2021-08-27T18:12:33","date_gmt":"2021-08-27T21:12:33","guid":{"rendered":"http:\/\/www.centraldenoticias.com.ar\/?p=30972"},"modified":"2021-08-27T18:12:33","modified_gmt":"2021-08-27T21:12:33","slug":"el-show-de-prisma-experiencia-pink-floyd-en-imagenes","status":"publish","type":"post","link":"https:\/\/cdnoticias.com\/index.php\/2021\/08\/27\/el-show-de-prisma-experiencia-pink-floyd-en-imagenes\/","title":{"rendered":"El show de Prisma: Experiencia Pink Floyd en im\u00e1genes"},"content":{"rendered":"<p>En la mirada de Danisa Jaime, el show de Prisma: Experiencia Pink Floyd los cuales se presentaron el pasado jueves 26 de agosto.\u00a0<!--more--><\/p>\n<hr \/>\n<p>&nbsp;<\/p>\n<p>El pasado jueves 26 de agosto se present\u00f3 en el Teatro Municipal la banda tributo Prisma: Experiencia Pink Floyd los cuales lograron la escencia misma de la banda brit\u00e1nica.<\/p>\n<p>&nbsp;<\/p>\n<p>Luego de dos a\u00f1os sin pisar escenarios, la banda Prisma brill\u00f3 en un show musical acompa\u00f1ado con luces y un proyector con im\u00e1genes y videos de la banda Pink Floyd.<\/p>\n<p>&nbsp;<\/p>\n<p>En el lente de Danisa Jaime, el repaso del show Prisma: Experiencia Pink Floyd.<\/p>\n<p>&nbsp;<\/p>\n<p>[soliloquy id=&#8221;30981&#8243;]<\/p>\n<p>&nbsp;<\/p>\n<p>&nbsp;<\/p>\n","protected":false},"excerpt":{"rendered":"<p>En la mirada de Danisa Jaime, el show de Prisma: Experiencia Pink Floyd los cuales se presentaron el pasado jueves<\/p>\n","protected":false},"author":6,"featured_media":30976,"comment_status":"closed","ping_status":"closed","sticky":false,"template":"","format":"standard","meta":{"_jetpack_memberships_contains_paid_content":false,"footnotes":""},"categories":[9],"tags":[],"class_list":["post-30972","post","type-post","status-publish","format-standard","has-post-thumbnail","hentry","category-cultura"],"jetpack_featured_media_url":"https:\/\/i0.wp.com\/cdnoticias.com\/wp-content\/uploads\/2021\/08\/IMG_2237.jpg?fit=2304%2C1728&ssl=1","jetpack_sharing_enabled":true,"_links":{"self":[{"href":"https:\/\/cdnoticias.com\/index.php\/wp-json\/wp\/v2\/posts\/30972","targetHints":{"allow":["GET"]}}],"collection":[{"href":"https:\/\/cdnoticias.com\/index.php\/wp-json\/wp\/v2\/posts"}],"about":[{"href":"https:\/\/cdnoticias.com\/index.php\/wp-json\/wp\/v2\/types\/post"}],"author":[{"embeddable":true,"href":"https:\/\/cdnoticias.com\/index.php\/wp-json\/wp\/v2\/users\/6"}],"replies":[{"embeddable":true,"href":"https:\/\/cdnoticias.com\/index.php\/wp-json\/wp\/v2\/comments?post=30972"}],"version-history":[{"count":0,"href":"https:\/\/cdnoticias.com\/index.php\/wp-json\/wp\/v2\/posts\/30972\/revisions"}],"wp:featuredmedia":[{"embeddable":true,"href":"https:\/\/cdnoticias.com\/index.php\/wp-json\/wp\/v2\/media\/30976"}],"wp:attachment":[{"href":"https:\/\/cdnoticias.com\/index.php\/wp-json\/wp\/v2\/media?parent=30972"}],"wp:term":[{"taxonomy":"category","embeddable":true,"href":"https:\/\/cdnoticias.com\/index.php\/wp-json\/wp\/v2\/categories?post=30972"},{"taxonomy":"post_tag","embeddable":true,"href":"https:\/\/cdnoticias.com\/index.php\/wp-json\/wp\/v2\/tags?post=30972"}],"curies":[{"name":"wp","href":"https:\/\/api.w.org\/{rel}","templated":true}]}}