{"id":30966,"date":"2021-08-27T18:32:16","date_gmt":"2021-08-27T21:32:16","guid":{"rendered":"http:\/\/www.centraldenoticias.com.ar\/?p=30966"},"modified":"2021-08-27T18:32:16","modified_gmt":"2021-08-27T21:32:16","slug":"german-caputo-para-el-intendente-galli-la-salud-publica-es-prioridad","status":"publish","type":"post","link":"https:\/\/cdnoticias.com\/index.php\/2021\/08\/27\/german-caputo-para-el-intendente-galli-la-salud-publica-es-prioridad\/","title":{"rendered":"Germ\u00e1n Caputo: &#8220;Para el intendente Galli la salud p\u00fablica es prioridad&#8221;"},"content":{"rendered":"<div class=\"page-title\">El Secretario de Salud, Germ\u00e1n Caputo visit\u00f3 la localidad de Espigas en la ma\u00f1ana de este viernes.<\/div>\n<p><!--more--><\/p>\n<hr \/>\n<p>&nbsp;<\/p>\n<p>En la <strong>ma\u00f1ana de este viernes<\/strong>, el <strong>Secretario de Salud, Germ\u00e1n Caputo<\/strong> <strong>visit\u00f3 la localidad de Espigas<\/strong> para r<strong>eunirse con vecinos y empleados del hospital<\/strong> del lugar.<\/p>\n<p>&nbsp;<\/p>\n<div class=\"breadcrumbs\">\n<p><strong>Estuvo acompa\u00f1ado<\/strong> por el Subsecretario de Gobierno, <strong>Emilio Vitale<\/strong>, el Subsecretario de Recursos de la Salud, <strong>Alexis Armanini<\/strong>, la Directora de Atenci\u00f3n Primaria de la Salud, <strong>Virginia Draghi<\/strong>, el delegado municipal <strong>Laureano Pereira<\/strong>, y la concejal <strong>Mar\u00eda Jos\u00e9 Gonz\u00e1lez.<\/strong><\/p>\n<p>&nbsp;<\/p>\n<p>Durante la reuni\u00f3n, <strong>Caputo explic\u00f3 a los presentes c\u00f3mo es la situaci\u00f3n del hospital local<\/strong> y c\u00f3mo<strong> es el proceso de externaci\u00f3n en el nosocomio de la localidad.<\/strong><\/p>\n<p>&nbsp;<\/p>\n<p><strong>\u201cPudimos tener una gran reuni\u00f3n con los empleados del Hospital de Espigas.<\/strong> <strong>Ante los rumores falsos de los \u00faltimos d\u00edas llevamos tranquilidad<\/strong> y les repet\u00ed que <strong>para el intendente Ezequiel Galli la salud p\u00fablica es una prioridad<\/strong> y el hospital va a seguir funcionando\u201d, expres\u00f3 Caputo.<\/p>\n<p>&nbsp;<\/p>\n<p>\u201cPor eso <strong>hemos estado mejorando el sistema de atenci\u00f3n en todas las localidades<\/strong> y <strong>para esta gesti\u00f3n la salud no es un gasto<\/strong>, <strong>es una inversi\u00f3n<\/strong>\u201d,\u00a0a\u00f1adi\u00f3.<\/p>\n<p>&nbsp;<\/p>\n<p>Con respecto a la reuni\u00f3n con los vecinos, <strong>Emilio Vitale<\/strong> indic\u00f3 que:\u00a0\u201ctuvimos una excelente <strong>recepci\u00f3n de parte de los vecinos de Espigas<\/strong> y tuvimos un intercambio enriquecedor con todos\u201d.<\/p>\n<\/div>\n","protected":false},"excerpt":{"rendered":"<p>El Secretario de Salud, Germ\u00e1n Caputo visit\u00f3 la localidad de Espigas en la ma\u00f1ana de este viernes.<\/p>\n","protected":false},"author":6,"featured_media":30967,"comment_status":"closed","ping_status":"closed","sticky":false,"template":"","format":"standard","meta":{"_jetpack_memberships_contains_paid_content":false,"footnotes":""},"categories":[5,1],"tags":[],"class_list":["post-30966","post","type-post","status-publish","format-standard","has-post-thumbnail","hentry","category-informacion-general","category-portada"],"jetpack_featured_media_url":"https:\/\/i0.wp.com\/cdnoticias.com\/wp-content\/uploads\/2021\/08\/caputoespigas-1024x766.jpeg?fit=1024%2C766&ssl=1","jetpack_sharing_enabled":true,"_links":{"self":[{"href":"https:\/\/cdnoticias.com\/index.php\/wp-json\/wp\/v2\/posts\/30966","targetHints":{"allow":["GET"]}}],"collection":[{"href":"https:\/\/cdnoticias.com\/index.php\/wp-json\/wp\/v2\/posts"}],"about":[{"href":"https:\/\/cdnoticias.com\/index.php\/wp-json\/wp\/v2\/types\/post"}],"author":[{"embeddable":true,"href":"https:\/\/cdnoticias.com\/index.php\/wp-json\/wp\/v2\/users\/6"}],"replies":[{"embeddable":true,"href":"https:\/\/cdnoticias.com\/index.php\/wp-json\/wp\/v2\/comments?post=30966"}],"version-history":[{"count":0,"href":"https:\/\/cdnoticias.com\/index.php\/wp-json\/wp\/v2\/posts\/30966\/revisions"}],"wp:featuredmedia":[{"embeddable":true,"href":"https:\/\/cdnoticias.com\/index.php\/wp-json\/wp\/v2\/media\/30967"}],"wp:attachment":[{"href":"https:\/\/cdnoticias.com\/index.php\/wp-json\/wp\/v2\/media?parent=30966"}],"wp:term":[{"taxonomy":"category","embeddable":true,"href":"https:\/\/cdnoticias.com\/index.php\/wp-json\/wp\/v2\/categories?post=30966"},{"taxonomy":"post_tag","embeddable":true,"href":"https:\/\/cdnoticias.com\/index.php\/wp-json\/wp\/v2\/tags?post=30966"}],"curies":[{"name":"wp","href":"https:\/\/api.w.org\/{rel}","templated":true}]}}