{"id":3096,"date":"2020-10-03T16:56:31","date_gmt":"2020-10-03T19:56:31","guid":{"rendered":"http:\/\/www.centraldenoticias.com.ar\/?p=3096"},"modified":"2020-10-03T20:24:22","modified_gmt":"2020-10-03T23:24:22","slug":"mesa-de-emergencia-es-mas-de-lo-mismo-siguen-haciendo-promesas","status":"publish","type":"post","link":"https:\/\/cdnoticias.com\/index.php\/2020\/10\/03\/mesa-de-emergencia-es-mas-de-lo-mismo-siguen-haciendo-promesas\/","title":{"rendered":"Mesa de Emergencia: \u201cEs m\u00e1s de lo mismo, siguen haciendo promesas\u201d"},"content":{"rendered":"<p>As\u00ed lo indic\u00f3 Mart\u00edn Rold\u00e1n, integrante de la Mesa de Emergencia, en el marco de la asamblea que se desarroll\u00f3 este s\u00e1bado en el Paseo Jes\u00fas Mend\u00eda. Reclamaron respuestas al Gobierno Municipal y aseguraron que no levantar\u00e1n la carpa hasta que no obtengan \u201csoluciones concretas\u201d.<!--more--><\/p>\n<hr \/>\n<p>Este s\u00e1bado se llev\u00f3 a cabo una<strong><a href=\"https:\/\/cdnoticias.com\/index.php\/2020\/10\/02\/la-mesa-de-emergencia-convoca-a-una-asamblea-urgente\/\" target=\"_blank\" rel=\"noopener\"> asamblea convocada por la Mesa de Emergencia local<\/a> junto a agrupaciones como 29 de Mayo y el Polo Obrero.<\/strong> Reclamaron respuestas al Gobierno Municipal respecto a la situaci\u00f3n habitacional que atraviesan distintas familias de Olavarr\u00eda y las localidades.<\/p>\n<p>&nbsp;<\/p>\n<p><img data-recalc-dims=\"1\" loading=\"lazy\" decoding=\"async\" class=\"alignnone size-large wp-image-3101\" src=\"https:\/\/i0.wp.com\/cdnoticias.com\/wp-content\/uploads\/2020\/10\/mesaemergenciaasamblea5.jpg?resize=800%2C600&#038;ssl=1\" alt=\"\" width=\"800\" height=\"600\" srcset=\"https:\/\/i0.wp.com\/cdnoticias.com\/wp-content\/uploads\/2020\/10\/mesaemergenciaasamblea5.jpg?resize=1024%2C768&amp;ssl=1 1024w, https:\/\/i0.wp.com\/cdnoticias.com\/wp-content\/uploads\/2020\/10\/mesaemergenciaasamblea5.jpg?resize=300%2C225&amp;ssl=1 300w, https:\/\/i0.wp.com\/cdnoticias.com\/wp-content\/uploads\/2020\/10\/mesaemergenciaasamblea5.jpg?resize=768%2C576&amp;ssl=1 768w, https:\/\/i0.wp.com\/cdnoticias.com\/wp-content\/uploads\/2020\/10\/mesaemergenciaasamblea5.jpg?w=1152&amp;ssl=1 1152w\" sizes=\"auto, (max-width: 800px) 100vw, 800px\" \/><\/p>\n<p>&nbsp;<\/p>\n<p>Desde las 15:00, el Paseo Jes\u00fas Mend\u00eda fue el lugar elegido para manifestar la preocupaci\u00f3n de distintos sectores <em>\u201cante la falta de respuestas del Ejecutivo local sobre la situaci\u00f3n de vulnerabilidad de varias familias de nuestra ciudad\u201d<\/em>. Recordemos que<a href=\"https:\/\/cdnoticias.com\/index.php\/2020\/09\/30\/la-mesa-de-emergencia-volvio-a-acampar-frente-a-la-municipalidad-le-dimos-tiempo-hasta-hoy\/\" target=\"_blank\" rel=\"noopener\"> d\u00edas atr\u00e1s se volvi\u00f3 a instalar frente al Palacio San Mart\u00edn una carpa para visibilizar el reclamo de la agrupaci\u00f3n.<\/a><\/p>\n<p>&nbsp;<\/p>\n<blockquote><p>Alrededor de 50 personas se concentraron frente a la Municipalidad para debatir \u201cun plan de lucha\u201d y definir \u201clos pasos a seguir\u201d. Estuvieron presenten en la asamblea la concejal Alicia Almada y el secretario de la concejal Victoria De Bellis.<\/p><\/blockquote>\n<p>&nbsp;<\/p>\n<p>Mart\u00edn Rold\u00e1n, uno de los referentes del espacio, habl\u00f3 con Central de Noticias y se\u00f1al\u00f3 que <em>\u201cla intenci\u00f3n es determinar c\u00f3mo sigue el reclamo. El objetivo es que las familias sean parte del proceso de asamblea\u201d.<\/em><\/p>\n<p>&nbsp;<\/p>\n<p><img data-recalc-dims=\"1\" loading=\"lazy\" decoding=\"async\" class=\"alignnone size-large wp-image-3102\" src=\"https:\/\/i0.wp.com\/cdnoticias.com\/wp-content\/uploads\/2020\/10\/mesaemergenciaasamblea6.jpg?resize=800%2C600&#038;ssl=1\" alt=\"\" width=\"800\" height=\"600\" srcset=\"https:\/\/i0.wp.com\/cdnoticias.com\/wp-content\/uploads\/2020\/10\/mesaemergenciaasamblea6.jpg?resize=1024%2C768&amp;ssl=1 1024w, https:\/\/i0.wp.com\/cdnoticias.com\/wp-content\/uploads\/2020\/10\/mesaemergenciaasamblea6.jpg?resize=300%2C225&amp;ssl=1 300w, https:\/\/i0.wp.com\/cdnoticias.com\/wp-content\/uploads\/2020\/10\/mesaemergenciaasamblea6.jpg?resize=768%2C576&amp;ssl=1 768w, https:\/\/i0.wp.com\/cdnoticias.com\/wp-content\/uploads\/2020\/10\/mesaemergenciaasamblea6.jpg?w=1152&amp;ssl=1 1152w\" sizes=\"auto, (max-width: 800px) 100vw, 800px\" \/><\/p>\n<p>&nbsp;<\/p>\n<p>En ese sentido, al inicio del encuentro, <strong>cada familia cont\u00f3 la situaci\u00f3n particular que atraviesa y resaltaron los problemas urgentes a resolver.<\/strong> En todos los casos se habl\u00f3 de respuestas parciales o insuficientes del Municipio.<\/p>\n<p>&nbsp;<\/p>\n<p><em>\u201cHay un abandono social importante\u201d<\/em>, asegur\u00f3 una mujer despu\u00e9s de escuchar el testimonio de otras personas que contaron que viven en casas que sufrieron incendios, casas prestadas o habitaciones sin vidrios en las ventanas o viviendas sin ba\u00f1os.<\/p>\n<p>&nbsp;<\/p>\n<p><img data-recalc-dims=\"1\" loading=\"lazy\" decoding=\"async\" class=\"alignnone size-large wp-image-3098\" src=\"https:\/\/i0.wp.com\/cdnoticias.com\/wp-content\/uploads\/2020\/10\/mesaemergenciaasamblea2.jpg?resize=800%2C600&#038;ssl=1\" alt=\"\" width=\"800\" height=\"600\" srcset=\"https:\/\/i0.wp.com\/cdnoticias.com\/wp-content\/uploads\/2020\/10\/mesaemergenciaasamblea2.jpg?resize=1024%2C768&amp;ssl=1 1024w, https:\/\/i0.wp.com\/cdnoticias.com\/wp-content\/uploads\/2020\/10\/mesaemergenciaasamblea2.jpg?resize=300%2C225&amp;ssl=1 300w, https:\/\/i0.wp.com\/cdnoticias.com\/wp-content\/uploads\/2020\/10\/mesaemergenciaasamblea2.jpg?resize=768%2C576&amp;ssl=1 768w, https:\/\/i0.wp.com\/cdnoticias.com\/wp-content\/uploads\/2020\/10\/mesaemergenciaasamblea2.jpg?w=1152&amp;ssl=1 1152w\" sizes=\"auto, (max-width: 800px) 100vw, 800px\" \/><\/p>\n<p>&nbsp;<\/p>\n<p><strong><em>\u201cCada vez se van sumando m\u00e1s familias\u201d<\/em><\/strong>, asegur\u00f3 Rold\u00e1n y afirm\u00f3 que <em>\u201cla comunicaci\u00f3n que tenemos con el Municipio es flojita. Un secretario de Robbiani que no sabemos bien qu\u00e9 lugar ocupa, es el que habla con una de las compa\u00f1eras que est\u00e1 en la carpa y le dice cuando se acercan a la casa de alguna familia. Es m\u00e1s de los mismo, siguen haciendo promesas\u201d.<\/em><\/p>\n<p>&nbsp;<\/p>\n<p>Por \u00faltimo, Rold\u00e1n indic\u00f3 que <em>\u201cellos dicen que est\u00e1n abordando los temas, pero las soluciones no est\u00e1n. Vamos a seguir hasta que est\u00e9n las soluciones concretas\u201d.<\/em><\/p>\n","protected":false},"excerpt":{"rendered":"<p>As\u00ed lo indic\u00f3 Mart\u00edn Rold\u00e1n, integrante de la Mesa de Emergencia, en el marco de la asamblea que se desarroll\u00f3<\/p>\n","protected":false},"author":2,"featured_media":3100,"comment_status":"closed","ping_status":"closed","sticky":false,"template":"","format":"standard","meta":{"_jetpack_memberships_contains_paid_content":false,"footnotes":""},"categories":[5,1],"tags":[],"class_list":["post-3096","post","type-post","status-publish","format-standard","has-post-thumbnail","hentry","category-informacion-general","category-portada"],"jetpack_featured_media_url":"https:\/\/i0.wp.com\/cdnoticias.com\/wp-content\/uploads\/2020\/10\/mesaemergenciaasamblea4.jpg?fit=1152%2C864&ssl=1","jetpack_sharing_enabled":true,"_links":{"self":[{"href":"https:\/\/cdnoticias.com\/index.php\/wp-json\/wp\/v2\/posts\/3096","targetHints":{"allow":["GET"]}}],"collection":[{"href":"https:\/\/cdnoticias.com\/index.php\/wp-json\/wp\/v2\/posts"}],"about":[{"href":"https:\/\/cdnoticias.com\/index.php\/wp-json\/wp\/v2\/types\/post"}],"author":[{"embeddable":true,"href":"https:\/\/cdnoticias.com\/index.php\/wp-json\/wp\/v2\/users\/2"}],"replies":[{"embeddable":true,"href":"https:\/\/cdnoticias.com\/index.php\/wp-json\/wp\/v2\/comments?post=3096"}],"version-history":[{"count":0,"href":"https:\/\/cdnoticias.com\/index.php\/wp-json\/wp\/v2\/posts\/3096\/revisions"}],"wp:featuredmedia":[{"embeddable":true,"href":"https:\/\/cdnoticias.com\/index.php\/wp-json\/wp\/v2\/media\/3100"}],"wp:attachment":[{"href":"https:\/\/cdnoticias.com\/index.php\/wp-json\/wp\/v2\/media?parent=3096"}],"wp:term":[{"taxonomy":"category","embeddable":true,"href":"https:\/\/cdnoticias.com\/index.php\/wp-json\/wp\/v2\/categories?post=3096"},{"taxonomy":"post_tag","embeddable":true,"href":"https:\/\/cdnoticias.com\/index.php\/wp-json\/wp\/v2\/tags?post=3096"}],"curies":[{"name":"wp","href":"https:\/\/api.w.org\/{rel}","templated":true}]}}