{"id":30952,"date":"2021-08-27T19:07:02","date_gmt":"2021-08-27T22:07:02","guid":{"rendered":"http:\/\/www.centraldenoticias.com.ar\/?p=30952"},"modified":"2021-08-27T20:06:38","modified_gmt":"2021-08-27T23:06:38","slug":"andrea-coronel-nuestro-interes-es-trabajar-para-los-vecinos","status":"publish","type":"post","link":"https:\/\/cdnoticias.com\/index.php\/2021\/08\/27\/andrea-coronel-nuestro-interes-es-trabajar-para-los-vecinos\/","title":{"rendered":"Andrea Coronel: \u201cnuestro inter\u00e9s es trabajar para los vecinos\u201d"},"content":{"rendered":"<p>La precandidata a concejal por la lista de \u201cVamos con Vos\u201d habl\u00f3 con Central de Noticias sobre la participaci\u00f3n del vecinalismo en el espacio que lidera Florencio Randazzo. Los ejes de la campa\u00f1a y la mirada puesta en construir una tercera fuerza.<!--more--><\/p>\n<hr \/>\n<p>Andrea Coronel, precandidata en primer lugar del frente \u201cVamos con Vos\u201d que se referencia en Florencio Randazzo analiz\u00f3 la participaci\u00f3n del vecinalismo como un <strong><em>&#8220;salto cualitativo\u201d<\/em> a nivel local.<\/strong><\/p>\n<p>&nbsp;<\/p>\n<p>En di\u00e1logo con <em>Central de Noticias<\/em>, describi\u00f3 al frente como<em> \u201cun espacio que nos integra, con una diversidad de espacios pol\u00edticos que si bien cada uno tiene su ideolog\u00eda, representan un bien com\u00fan: <strong>un nuevo camino, una nueva forma de hacer pol\u00edtica<\/strong>\u201d.<\/em><\/p>\n<p>&nbsp;<\/p>\n<p>Para Coronel, la figura de Randazzo <em>\u201cconcentra la ideas que el vecinalismo quiere llevar adelante: el trabajo, la educaci\u00f3n, la salud, apoyar a las peque\u00f1as y medianas empresas, a los comercios\u201d<\/em>. Asimismo, resalt\u00f3 que \u201c<strong><em>en toda la provincia vemos que las listas est\u00e1n integradas por personas comunes que se suman a hacer un nueva pol\u00edtica\u201d.<\/em><\/strong><\/p>\n<p>&nbsp;<\/p>\n<p>De lleno en la campa\u00f1a, indic\u00f3 que <em>\u201cen la calle vemos que la gente est\u00e1 muy descontenta. La pandemia ha desnudado una gran crisis, que si bien ven\u00eda desde antes, se dej\u00f3 muy en evidencia\u201d<\/em>. En ese sentido, afirm\u00f3 que<em><strong> \u201cla gente esta enojada y cansada de las promesas en tiempos de campa\u00f1a que despu\u00e9s no se cumplen\u201d.<\/strong><\/em><\/p>\n<p>&nbsp;<\/p>\n<blockquote><p>Sentimos lo mismo que el vecino, nosotros no nos sentimos pol\u00edticos. Yo no me siento un ser pol\u00edtico, no le hablo a los pol\u00edticos, le hablo a la gente.<\/p><\/blockquote>\n<p>&nbsp;<\/p>\n<p><img data-recalc-dims=\"1\" loading=\"lazy\" decoding=\"async\" class=\"alignnone size-full wp-image-30942\" src=\"https:\/\/i0.wp.com\/cdnoticias.com\/wp-content\/uploads\/2021\/08\/coronelcdn1.jpg?resize=800%2C445&#038;ssl=1\" alt=\"\" width=\"800\" height=\"445\" srcset=\"https:\/\/i0.wp.com\/cdnoticias.com\/wp-content\/uploads\/2021\/08\/coronelcdn1.jpg?w=4608&amp;ssl=1 4608w, https:\/\/i0.wp.com\/cdnoticias.com\/wp-content\/uploads\/2021\/08\/coronelcdn1.jpg?resize=300%2C167&amp;ssl=1 300w, https:\/\/i0.wp.com\/cdnoticias.com\/wp-content\/uploads\/2021\/08\/coronelcdn1.jpg?resize=768%2C427&amp;ssl=1 768w, https:\/\/i0.wp.com\/cdnoticias.com\/wp-content\/uploads\/2021\/08\/coronelcdn1.jpg?resize=1024%2C570&amp;ssl=1 1024w, https:\/\/i0.wp.com\/cdnoticias.com\/wp-content\/uploads\/2021\/08\/coronelcdn1.jpg?resize=800%2C445&amp;ssl=1 800w, https:\/\/i0.wp.com\/cdnoticias.com\/wp-content\/uploads\/2021\/08\/coronelcdn1.jpg?w=1600&amp;ssl=1 1600w, https:\/\/i0.wp.com\/cdnoticias.com\/wp-content\/uploads\/2021\/08\/coronelcdn1.jpg?w=2400&amp;ssl=1 2400w\" sizes=\"auto, (max-width: 800px) 100vw, 800px\" \/><\/p>\n<p>&nbsp;<\/p>\n<p>Respecto a las expectativas para estas <strong>elecciones primarias<\/strong> indic\u00f3 que<em> \u201cpor supuesto que nos gustar\u00eda pasarlas y crecer pol\u00edticamente\u201d<\/em>. Adem\u00e1s, afirm\u00f3 que <em>\u201cen mi caso quiero llegar al Concejo Deliberante porque sabemos que las herramientas est\u00e1n ah\u00ed\u201d.<\/em><\/p>\n<p>&nbsp;<\/p>\n<p>La precandidata se\u00f1al\u00f3 que <em>\u201ccreo que va a ser posible instalarnos como una <strong>tercera opci\u00f3n<\/strong>. Nosotros podemos mostrarle al vecino que no estamos ac\u00e1 porque es una campa\u00f1a pol\u00edtica. Apostamos a trabajar y a construir una nueva alternativa pol\u00edtica. Nuestro inter\u00e9s es trabajar para los vecinos\u201d.<\/em><\/p>\n<p>&nbsp;<\/p>\n<p><strong><em>\u201cNuestro partido vecinal se destaca porque no est\u00e1 ni de un lado, ni del otro. Esta de tu lado, del lado del vecino\u201d<\/em><\/strong>, concluy\u00f3 Coronel.<\/p>\n","protected":false},"excerpt":{"rendered":"<p>La precandidata a concejal por la lista de \u201cVamos con Vos\u201d habl\u00f3 con Central de Noticias sobre la participaci\u00f3n del<\/p>\n","protected":false},"author":5,"featured_media":30946,"comment_status":"closed","ping_status":"closed","sticky":false,"template":"","format":"standard","meta":{"_jetpack_memberships_contains_paid_content":false,"footnotes":""},"categories":[4,1],"tags":[],"class_list":["post-30952","post","type-post","status-publish","format-standard","has-post-thumbnail","hentry","category-politica","category-portada"],"jetpack_featured_media_url":"https:\/\/i0.wp.com\/cdnoticias.com\/wp-content\/uploads\/2021\/08\/coronelcdn5.jpg?fit=4608%2C2564&ssl=1","jetpack_sharing_enabled":true,"_links":{"self":[{"href":"https:\/\/cdnoticias.com\/index.php\/wp-json\/wp\/v2\/posts\/30952","targetHints":{"allow":["GET"]}}],"collection":[{"href":"https:\/\/cdnoticias.com\/index.php\/wp-json\/wp\/v2\/posts"}],"about":[{"href":"https:\/\/cdnoticias.com\/index.php\/wp-json\/wp\/v2\/types\/post"}],"author":[{"embeddable":true,"href":"https:\/\/cdnoticias.com\/index.php\/wp-json\/wp\/v2\/users\/5"}],"replies":[{"embeddable":true,"href":"https:\/\/cdnoticias.com\/index.php\/wp-json\/wp\/v2\/comments?post=30952"}],"version-history":[{"count":0,"href":"https:\/\/cdnoticias.com\/index.php\/wp-json\/wp\/v2\/posts\/30952\/revisions"}],"wp:featuredmedia":[{"embeddable":true,"href":"https:\/\/cdnoticias.com\/index.php\/wp-json\/wp\/v2\/media\/30946"}],"wp:attachment":[{"href":"https:\/\/cdnoticias.com\/index.php\/wp-json\/wp\/v2\/media?parent=30952"}],"wp:term":[{"taxonomy":"category","embeddable":true,"href":"https:\/\/cdnoticias.com\/index.php\/wp-json\/wp\/v2\/categories?post=30952"},{"taxonomy":"post_tag","embeddable":true,"href":"https:\/\/cdnoticias.com\/index.php\/wp-json\/wp\/v2\/tags?post=30952"}],"curies":[{"name":"wp","href":"https:\/\/api.w.org\/{rel}","templated":true}]}}