{"id":30947,"date":"2021-08-27T18:09:37","date_gmt":"2021-08-27T21:09:37","guid":{"rendered":"http:\/\/www.centraldenoticias.com.ar\/?p=30947"},"modified":"2021-08-27T18:09:37","modified_gmt":"2021-08-27T21:09:37","slug":"prisma-se-presento-en-el-teatro-municipal-y-brillo-a-lo-pink-floyd","status":"publish","type":"post","link":"https:\/\/cdnoticias.com\/index.php\/2021\/08\/27\/prisma-se-presento-en-el-teatro-municipal-y-brillo-a-lo-pink-floyd\/","title":{"rendered":"Prisma se present\u00f3 en el Teatro Municipal y brill\u00f3 a lo Pink Floyd"},"content":{"rendered":"<p>La banda latinoamericana tributo a Pink Floyd se destac\u00f3 en el escenario del Teatro Municipal este pasado jueves 26 de agosto. Los detalles del show.<\/p>\n<p><!--more--><\/p>\n<hr \/>\n<p><em>Por: Danisa Jaime<\/em><\/p>\n<p>&nbsp;<\/p>\n<p>Siendo las <strong>20:30 en el Teatro Municipa<\/strong>l, <strong>la fila de gente llegaba hasta el reconocido bar Liverpool<\/strong> en la calle San Mart\u00edn. Luego, el teatro <strong>se llen\u00f3 por completo<\/strong> con un <strong>p\u00fablico fan\u00e1tico de Pink Floyd<\/strong> para poder escuchar un show que<strong> iba a\u00a0transmitir la escencia misma de la banda brit\u00e1nica.\u00a0<\/strong><\/p>\n<p>&nbsp;<\/p>\n<p><strong>Prisma: experiencia Pink Floyd comenz\u00f3 el show a las 21:15<\/strong> con la primera canci\u00f3n del gran repertorio de muchas, titulada <em><strong>&#8220;Shine on You Crazy Diamond&#8221;<\/strong><\/em> y <strong>termin\u00f3 a las 23:15<\/strong> con la reconocida pieza <em><strong>&#8220;Comfortably Numb&#8221;<\/strong><\/em><\/p>\n<p>&nbsp;<\/p>\n<p><img data-recalc-dims=\"1\" loading=\"lazy\" decoding=\"async\" class=\"aligncenter wp-image-30954 size-large\" src=\"https:\/\/i0.wp.com\/cdnoticias.com\/wp-content\/uploads\/2021\/08\/IMG_2435.jpg?resize=800%2C600&#038;ssl=1\" alt=\"\" width=\"800\" height=\"600\" srcset=\"https:\/\/i0.wp.com\/cdnoticias.com\/wp-content\/uploads\/2021\/08\/IMG_2435.jpg?resize=1024%2C768&amp;ssl=1 1024w, https:\/\/i0.wp.com\/cdnoticias.com\/wp-content\/uploads\/2021\/08\/IMG_2435.jpg?resize=300%2C225&amp;ssl=1 300w, https:\/\/i0.wp.com\/cdnoticias.com\/wp-content\/uploads\/2021\/08\/IMG_2435.jpg?resize=768%2C576&amp;ssl=1 768w, https:\/\/i0.wp.com\/cdnoticias.com\/wp-content\/uploads\/2021\/08\/IMG_2435.jpg?w=1600&amp;ssl=1 1600w\" sizes=\"auto, (max-width: 800px) 100vw, 800px\" \/><\/p>\n<p>&nbsp;<\/p>\n<p>Con un <strong>incre\u00edble juego de luces y un proyector circular<\/strong> en el cual se pasaban<strong> im\u00e1genes y videos ic\u00f3nicos de la banda Pink Floyd<\/strong>, el <strong>p\u00fablico disfrut\u00f3 una noche a puro canto y aplausos<\/strong>.\u00a0 Espectadores de todas las edades se mostraron emocionados,\u00a0<strong>grabando con sus celulares el recital y cantando a todo pulm\u00f3n<\/strong> el repertorio de canciones.<\/p>\n<p>&nbsp;<\/p>\n<p>La banda <strong>Prisma la conforman nueve integrantes<\/strong>:<strong>\u00a0Francisco Fresard<\/strong> en voz; <strong>Diego Mart\u00ednez<\/strong> y <strong>Franco Stramana<\/strong> en guitarras; <strong>Maxi Vegas<\/strong> en bater\u00eda, <strong>Mariano Caraccioli<\/strong> en bajo; <strong>Fausto Penacca<\/strong> en teclados; <strong>Mili Bottiniy<\/strong> y <strong>Melany Flores<\/strong> en coros, y <strong>\u00c1ngel Villafa\u00f1e<\/strong> en saxo, percusi\u00f3n y coros.<\/p>\n<p>&nbsp;<\/p>\n<p><img data-recalc-dims=\"1\" loading=\"lazy\" decoding=\"async\" class=\"aligncenter wp-image-30955 size-large\" src=\"https:\/\/i0.wp.com\/cdnoticias.com\/wp-content\/uploads\/2021\/08\/IMG_2381.jpg?resize=800%2C600&#038;ssl=1\" alt=\"\" width=\"800\" height=\"600\" srcset=\"https:\/\/i0.wp.com\/cdnoticias.com\/wp-content\/uploads\/2021\/08\/IMG_2381.jpg?resize=1024%2C768&amp;ssl=1 1024w, https:\/\/i0.wp.com\/cdnoticias.com\/wp-content\/uploads\/2021\/08\/IMG_2381.jpg?resize=300%2C225&amp;ssl=1 300w, https:\/\/i0.wp.com\/cdnoticias.com\/wp-content\/uploads\/2021\/08\/IMG_2381.jpg?resize=768%2C576&amp;ssl=1 768w, https:\/\/i0.wp.com\/cdnoticias.com\/wp-content\/uploads\/2021\/08\/IMG_2381.jpg?w=1600&amp;ssl=1 1600w\" sizes=\"auto, (max-width: 800px) 100vw, 800px\" \/><\/p>\n<p>&nbsp;<\/p>\n<p>El tributo pas\u00f3 por un <strong>gran repertorio de canciones<\/strong>, entre ellos <em><strong>&#8220;Mother&#8221;, &#8220;Wish You Here Here&#8221;, &#8220;Another Brick in the Wall&#8221;, &#8220;Money&#8221;, &#8220;Hey You&#8221;, &#8220;Welcome to the machine&#8221;, y &#8220;Time&#8221;<\/strong><\/em>.\u00a0<strong>El p\u00fablico estall\u00f3 en <em>&#8220;Another Brick in the Wall&#8221;<\/em><\/strong> cantando junto a la banda, la ic\u00f3nica canci\u00f3n <strong>del disco <em>&#8220;The Wall&#8221;.<\/em><\/strong><\/p>\n<p>&nbsp;<\/p>\n<p>Luego de <strong>presentarse varias veces en Olavarr\u00eda<\/strong>, el cantante principal <strong>Francisco Fresard<\/strong> explic\u00f3 al p\u00fablico que <strong>hace dos a\u00f1os no tocaban un escenario en un teatro<\/strong>, debido al contexto por la <strong>pandemia de Covid 19.\u00a0<\/strong><\/p>\n<p>&nbsp;<\/p>\n<p><img data-recalc-dims=\"1\" loading=\"lazy\" decoding=\"async\" class=\"aligncenter wp-image-30957 size-large\" src=\"https:\/\/i0.wp.com\/cdnoticias.com\/wp-content\/uploads\/2021\/08\/IMG_2158.jpg?resize=800%2C600&#038;ssl=1\" alt=\"\" width=\"800\" height=\"600\" srcset=\"https:\/\/i0.wp.com\/cdnoticias.com\/wp-content\/uploads\/2021\/08\/IMG_2158.jpg?resize=1024%2C768&amp;ssl=1 1024w, https:\/\/i0.wp.com\/cdnoticias.com\/wp-content\/uploads\/2021\/08\/IMG_2158.jpg?resize=300%2C225&amp;ssl=1 300w, https:\/\/i0.wp.com\/cdnoticias.com\/wp-content\/uploads\/2021\/08\/IMG_2158.jpg?resize=768%2C576&amp;ssl=1 768w, https:\/\/i0.wp.com\/cdnoticias.com\/wp-content\/uploads\/2021\/08\/IMG_2158.jpg?w=1600&amp;ssl=1 1600w, https:\/\/i0.wp.com\/cdnoticias.com\/wp-content\/uploads\/2021\/08\/IMG_2158.jpg?w=2400&amp;ssl=1 2400w\" sizes=\"auto, (max-width: 800px) 100vw, 800px\" \/><\/p>\n<p>&nbsp;<\/p>\n<p>En este show, <strong>hicieron una recorrida por casi todas las \u00e9pocas de Pink Floyd<\/strong>, algo <strong>casi imposible<\/strong> debido a la <strong>gran cantidad de discograf\u00eda<\/strong>, pero de todas maneras,\u00a0<strong> pasaron desde la psicodelia de los 60 en la \u00e9poca del cantante y l\u00edder\u00a0Syd Barrett<\/strong>, hasta algo <strong>m\u00e1s moderno llegando a sus \u00faltimos discos.<\/strong><\/p>\n<p>&nbsp;<\/p>\n<p><strong>Prisma: experiencia Pink Floyd<\/strong> <strong>empez\u00f3 su gira 2021 en Olavarr\u00eda<\/strong>, ma\u00f1ana s\u00e1bado estar\u00e1n en <strong>Necochea<\/strong>, el domingo en <strong>Tandil<\/strong>, el 17 septiembre en <strong>Mar del plata<\/strong>, el\u00a0 14 de octubre en el<strong> Coliseo de Buenos Aires<\/strong>, entre otras ciudades m\u00e1s.<\/p>\n<p>&nbsp;<\/p>\n<p><img data-recalc-dims=\"1\" loading=\"lazy\" decoding=\"async\" class=\"aligncenter wp-image-30958 size-large\" src=\"https:\/\/i0.wp.com\/cdnoticias.com\/wp-content\/uploads\/2021\/08\/IMG_2327.jpg?resize=800%2C530&#038;ssl=1\" alt=\"\" width=\"800\" height=\"530\" srcset=\"https:\/\/i0.wp.com\/cdnoticias.com\/wp-content\/uploads\/2021\/08\/IMG_2327.jpg?resize=1024%2C679&amp;ssl=1 1024w, https:\/\/i0.wp.com\/cdnoticias.com\/wp-content\/uploads\/2021\/08\/IMG_2327.jpg?resize=300%2C199&amp;ssl=1 300w, https:\/\/i0.wp.com\/cdnoticias.com\/wp-content\/uploads\/2021\/08\/IMG_2327.jpg?resize=768%2C509&amp;ssl=1 768w, https:\/\/i0.wp.com\/cdnoticias.com\/wp-content\/uploads\/2021\/08\/IMG_2327.jpg?w=1600&amp;ssl=1 1600w\" sizes=\"auto, (max-width: 800px) 100vw, 800px\" \/><\/p>\n<p>&nbsp;<\/p>\n<p>&nbsp;<\/p>\n<p>Por \u00faltimo, hacia el final del recital, <strong>el guitarrista Diego Mart\u00ednez coment\u00f3 que \u201cseguramente hay gente que le gusta una \u00e9poca m\u00e1s que otra, pero lo que nos une es Pink Floyd&#8221;.<\/strong><\/p>\n<p>&nbsp;<\/p>\n<p>&nbsp;<\/p>\n","protected":false},"excerpt":{"rendered":"<p>La banda latinoamericana tributo a Pink Floyd se destac\u00f3 en el escenario del Teatro Municipal este pasado jueves 26 de<\/p>\n","protected":false},"author":6,"featured_media":30948,"comment_status":"closed","ping_status":"closed","sticky":false,"template":"","format":"standard","meta":{"_jetpack_memberships_contains_paid_content":false,"footnotes":""},"categories":[9,1],"tags":[],"class_list":["post-30947","post","type-post","status-publish","format-standard","has-post-thumbnail","hentry","category-cultura","category-portada"],"jetpack_featured_media_url":"https:\/\/i0.wp.com\/cdnoticias.com\/wp-content\/uploads\/2021\/08\/IMG_2348.jpg?fit=2304%2C1728&ssl=1","jetpack_sharing_enabled":true,"_links":{"self":[{"href":"https:\/\/cdnoticias.com\/index.php\/wp-json\/wp\/v2\/posts\/30947","targetHints":{"allow":["GET"]}}],"collection":[{"href":"https:\/\/cdnoticias.com\/index.php\/wp-json\/wp\/v2\/posts"}],"about":[{"href":"https:\/\/cdnoticias.com\/index.php\/wp-json\/wp\/v2\/types\/post"}],"author":[{"embeddable":true,"href":"https:\/\/cdnoticias.com\/index.php\/wp-json\/wp\/v2\/users\/6"}],"replies":[{"embeddable":true,"href":"https:\/\/cdnoticias.com\/index.php\/wp-json\/wp\/v2\/comments?post=30947"}],"version-history":[{"count":0,"href":"https:\/\/cdnoticias.com\/index.php\/wp-json\/wp\/v2\/posts\/30947\/revisions"}],"wp:featuredmedia":[{"embeddable":true,"href":"https:\/\/cdnoticias.com\/index.php\/wp-json\/wp\/v2\/media\/30948"}],"wp:attachment":[{"href":"https:\/\/cdnoticias.com\/index.php\/wp-json\/wp\/v2\/media?parent=30947"}],"wp:term":[{"taxonomy":"category","embeddable":true,"href":"https:\/\/cdnoticias.com\/index.php\/wp-json\/wp\/v2\/categories?post=30947"},{"taxonomy":"post_tag","embeddable":true,"href":"https:\/\/cdnoticias.com\/index.php\/wp-json\/wp\/v2\/tags?post=30947"}],"curies":[{"name":"wp","href":"https:\/\/api.w.org\/{rel}","templated":true}]}}