{"id":30936,"date":"2021-08-27T16:30:21","date_gmt":"2021-08-27T19:30:21","guid":{"rendered":"http:\/\/www.centraldenoticias.com.ar\/?p=30936"},"modified":"2021-08-27T16:49:14","modified_gmt":"2021-08-27T19:49:14","slug":"sufrio-lesiones-leves-el-hombre-accidentado-en-ruta-226","status":"publish","type":"post","link":"https:\/\/cdnoticias.com\/index.php\/2021\/08\/27\/sufrio-lesiones-leves-el-hombre-accidentado-en-ruta-226\/","title":{"rendered":"Sufri\u00f3 lesiones leves el hombre accidentado en ruta 226"},"content":{"rendered":"<p>Es un vecino de Hinojo de 60 a\u00f1os. La dotaci\u00f3n de Bomberos de Sierras Bayas trabaj\u00f3 por 45 minutos en el lugar.<!--more--><\/p>\n<hr \/>\n<p>La v\u00edctima del<a href=\"https:\/\/cdnoticias.com\/index.php\/2021\/08\/27\/un-hombre-resulto-herido-en-un-siniestro-vial-sobre-ruta-226\/\" target=\"_blank\" rel=\"noopener\"> siniestro vial registrado en la ma\u00f1ana de este viernes en la ruta 226<\/a> <strong>sufri\u00f3 lesiones de car\u00e1cter leve<\/strong>. As\u00ed pudo saber <strong>Central de Noticias<\/strong> a trav\u00e9s de fuentes de Salud.<\/p>\n<p>&nbsp;<\/p>\n<p>Se trata de <strong>Mario S\u00e1nchez, de 60 a\u00f1os, domiciliado en la localidad de Hinojo.<\/strong> El hombre iba al mando de un Renault 19 que impact\u00f3 con un cami\u00f3n Ford.<\/p>\n<p><img data-recalc-dims=\"1\" loading=\"lazy\" decoding=\"async\" class=\"size-large wp-image-30940 aligncenter\" src=\"https:\/\/i0.wp.com\/cdnoticias.com\/wp-content\/uploads\/2021\/08\/accidentessbb4.jpg?resize=800%2C534&#038;ssl=1\" alt=\"\" width=\"800\" height=\"534\" srcset=\"https:\/\/i0.wp.com\/cdnoticias.com\/wp-content\/uploads\/2021\/08\/accidentessbb4.jpg?resize=1024%2C683&amp;ssl=1 1024w, https:\/\/i0.wp.com\/cdnoticias.com\/wp-content\/uploads\/2021\/08\/accidentessbb4.jpg?resize=300%2C200&amp;ssl=1 300w, https:\/\/i0.wp.com\/cdnoticias.com\/wp-content\/uploads\/2021\/08\/accidentessbb4.jpg?resize=768%2C512&amp;ssl=1 768w, https:\/\/i0.wp.com\/cdnoticias.com\/wp-content\/uploads\/2021\/08\/accidentessbb4.jpg?resize=272%2C182&amp;ssl=1 272w, https:\/\/i0.wp.com\/cdnoticias.com\/wp-content\/uploads\/2021\/08\/accidentessbb4.jpg?w=1600&amp;ssl=1 1600w, https:\/\/i0.wp.com\/cdnoticias.com\/wp-content\/uploads\/2021\/08\/accidentessbb4.jpg?w=2400&amp;ssl=1 2400w\" sizes=\"auto, (max-width: 800px) 100vw, 800px\" \/><\/p>\n<p>&nbsp;<\/p>\n<p>El conductor del cami\u00f3n que transportaba botellas fue identificado como <strong>Pablo Saruga, de 50 a\u00f1os, domiciliado en Bah\u00eda Blanca<\/strong>. Result\u00f3 ileso.<\/p>\n<p>&nbsp;<\/p>\n<p>En tanto, desde el Destacamento 2 de Bomberos de Sierras Bayas se inform\u00f3 que <strong>trabaj\u00f3 la Unidad 14<\/strong> a cargo del suboficial Sebasti\u00e1n Rikal. Se desempe\u00f1\u00f3 <strong>entre las 10.55 y las 11.40<\/strong>. Los voluntarios cortaron la bater\u00eda del auto siniestrado y colaboraron en el retiro del herido del Renault 19.<\/p>\n<p>&nbsp;<\/p>\n<p>El siniestro se registr\u00f3 sobre la ruta a un kil\u00f3metro del acceso\u00a0 a Sierras Bayas, sobre la mano que circula en el sentido Hinojo-Olavarr\u00eda.<\/p>\n<p><img data-recalc-dims=\"1\" loading=\"lazy\" decoding=\"async\" class=\"alignnone size-large wp-image-30938\" src=\"https:\/\/i0.wp.com\/cdnoticias.com\/wp-content\/uploads\/2021\/08\/accidentessbb2.jpg?resize=800%2C445&#038;ssl=1\" alt=\"\" width=\"800\" height=\"445\" srcset=\"https:\/\/i0.wp.com\/cdnoticias.com\/wp-content\/uploads\/2021\/08\/accidentessbb2.jpg?resize=1024%2C570&amp;ssl=1 1024w, https:\/\/i0.wp.com\/cdnoticias.com\/wp-content\/uploads\/2021\/08\/accidentessbb2.jpg?resize=300%2C167&amp;ssl=1 300w, https:\/\/i0.wp.com\/cdnoticias.com\/wp-content\/uploads\/2021\/08\/accidentessbb2.jpg?resize=768%2C427&amp;ssl=1 768w, https:\/\/i0.wp.com\/cdnoticias.com\/wp-content\/uploads\/2021\/08\/accidentessbb2.jpg?resize=800%2C445&amp;ssl=1 800w, https:\/\/i0.wp.com\/cdnoticias.com\/wp-content\/uploads\/2021\/08\/accidentessbb2.jpg?w=1600&amp;ssl=1 1600w, https:\/\/i0.wp.com\/cdnoticias.com\/wp-content\/uploads\/2021\/08\/accidentessbb2.jpg?w=2400&amp;ssl=1 2400w\" sizes=\"auto, (max-width: 800px) 100vw, 800px\" \/><\/p>\n<p><img data-recalc-dims=\"1\" loading=\"lazy\" decoding=\"async\" class=\"alignnone size-large wp-image-30939\" src=\"https:\/\/i0.wp.com\/cdnoticias.com\/wp-content\/uploads\/2021\/08\/accidentessbb3.jpg?resize=800%2C534&#038;ssl=1\" alt=\"\" width=\"800\" height=\"534\" srcset=\"https:\/\/i0.wp.com\/cdnoticias.com\/wp-content\/uploads\/2021\/08\/accidentessbb3.jpg?resize=1024%2C683&amp;ssl=1 1024w, https:\/\/i0.wp.com\/cdnoticias.com\/wp-content\/uploads\/2021\/08\/accidentessbb3.jpg?resize=300%2C200&amp;ssl=1 300w, https:\/\/i0.wp.com\/cdnoticias.com\/wp-content\/uploads\/2021\/08\/accidentessbb3.jpg?resize=768%2C512&amp;ssl=1 768w, https:\/\/i0.wp.com\/cdnoticias.com\/wp-content\/uploads\/2021\/08\/accidentessbb3.jpg?resize=272%2C182&amp;ssl=1 272w, https:\/\/i0.wp.com\/cdnoticias.com\/wp-content\/uploads\/2021\/08\/accidentessbb3.jpg?w=1600&amp;ssl=1 1600w, https:\/\/i0.wp.com\/cdnoticias.com\/wp-content\/uploads\/2021\/08\/accidentessbb3.jpg?w=2400&amp;ssl=1 2400w\" sizes=\"auto, (max-width: 800px) 100vw, 800px\" \/><\/p>\n","protected":false},"excerpt":{"rendered":"<p>Es un vecino de Hinojo de 60 a\u00f1os. La dotaci\u00f3n de Bomberos de Sierras Bayas trabaj\u00f3 por 45 minutos en<\/p>\n","protected":false},"author":4,"featured_media":30937,"comment_status":"closed","ping_status":"closed","sticky":false,"template":"","format":"standard","meta":{"_jetpack_memberships_contains_paid_content":false,"footnotes":""},"categories":[14,1],"tags":[],"class_list":["post-30936","post","type-post","status-publish","format-standard","has-post-thumbnail","hentry","category-policiales","category-portada"],"jetpack_featured_media_url":"https:\/\/i0.wp.com\/cdnoticias.com\/wp-content\/uploads\/2021\/08\/accidentessbb1.jpg?fit=4608%2C2564&ssl=1","jetpack_sharing_enabled":true,"_links":{"self":[{"href":"https:\/\/cdnoticias.com\/index.php\/wp-json\/wp\/v2\/posts\/30936","targetHints":{"allow":["GET"]}}],"collection":[{"href":"https:\/\/cdnoticias.com\/index.php\/wp-json\/wp\/v2\/posts"}],"about":[{"href":"https:\/\/cdnoticias.com\/index.php\/wp-json\/wp\/v2\/types\/post"}],"author":[{"embeddable":true,"href":"https:\/\/cdnoticias.com\/index.php\/wp-json\/wp\/v2\/users\/4"}],"replies":[{"embeddable":true,"href":"https:\/\/cdnoticias.com\/index.php\/wp-json\/wp\/v2\/comments?post=30936"}],"version-history":[{"count":0,"href":"https:\/\/cdnoticias.com\/index.php\/wp-json\/wp\/v2\/posts\/30936\/revisions"}],"wp:featuredmedia":[{"embeddable":true,"href":"https:\/\/cdnoticias.com\/index.php\/wp-json\/wp\/v2\/media\/30937"}],"wp:attachment":[{"href":"https:\/\/cdnoticias.com\/index.php\/wp-json\/wp\/v2\/media?parent=30936"}],"wp:term":[{"taxonomy":"category","embeddable":true,"href":"https:\/\/cdnoticias.com\/index.php\/wp-json\/wp\/v2\/categories?post=30936"},{"taxonomy":"post_tag","embeddable":true,"href":"https:\/\/cdnoticias.com\/index.php\/wp-json\/wp\/v2\/tags?post=30936"}],"curies":[{"name":"wp","href":"https:\/\/api.w.org\/{rel}","templated":true}]}}