{"id":30927,"date":"2021-08-27T11:54:34","date_gmt":"2021-08-27T14:54:34","guid":{"rendered":"http:\/\/www.centraldenoticias.com.ar\/?p=30927"},"modified":"2021-08-27T13:31:08","modified_gmt":"2021-08-27T16:31:08","slug":"un-hombre-resulto-herido-en-un-siniestro-vial-sobre-ruta-226","status":"publish","type":"post","link":"https:\/\/cdnoticias.com\/index.php\/2021\/08\/27\/un-hombre-resulto-herido-en-un-siniestro-vial-sobre-ruta-226\/","title":{"rendered":"Un hombre result\u00f3 herido en un siniestro vial sobre ruta 226"},"content":{"rendered":"<p>Un cami\u00f3n y un auto se vieron involucrados pasadas las 11 de este viernes. Bomberos debi\u00f3 rescatar al conductor del rodado menor.<!--more--><\/p>\n<hr \/>\n<p><strong>Un siniestro vial se registr\u00f3 pasadas las 11 de este viernes sobre la ruta nacional 226<\/strong>, a un kil\u00f3metro del acceso a Sierras Bayas.<\/p>\n<p>&nbsp;<\/p>\n<p>Producto del caso <strong>un hombre result\u00f3 herido<\/strong> y fue derivado al Hospital Municipal.<\/p>\n<p>&nbsp;<\/p>\n<p><img data-recalc-dims=\"1\" loading=\"lazy\" decoding=\"async\" class=\"alignnone size-full wp-image-30922\" src=\"https:\/\/i0.wp.com\/cdnoticias.com\/wp-content\/uploads\/2021\/08\/choque-ruta-226-800x445C.jpg?resize=800%2C444&#038;ssl=1\" alt=\"\" width=\"800\" height=\"444\" srcset=\"https:\/\/i0.wp.com\/cdnoticias.com\/wp-content\/uploads\/2021\/08\/choque-ruta-226-800x445C.jpg?w=800&amp;ssl=1 800w, https:\/\/i0.wp.com\/cdnoticias.com\/wp-content\/uploads\/2021\/08\/choque-ruta-226-800x445C.jpg?resize=300%2C167&amp;ssl=1 300w, https:\/\/i0.wp.com\/cdnoticias.com\/wp-content\/uploads\/2021\/08\/choque-ruta-226-800x445C.jpg?resize=768%2C426&amp;ssl=1 768w\" sizes=\"auto, (max-width: 800px) 100vw, 800px\" \/><\/p>\n<p><img data-recalc-dims=\"1\" loading=\"lazy\" decoding=\"async\" class=\"alignnone size-full wp-image-30923\" src=\"https:\/\/i0.wp.com\/cdnoticias.com\/wp-content\/uploads\/2021\/08\/choque-ruta-226-800x445D.jpg?resize=800%2C444&#038;ssl=1\" alt=\"\" width=\"800\" height=\"444\" srcset=\"https:\/\/i0.wp.com\/cdnoticias.com\/wp-content\/uploads\/2021\/08\/choque-ruta-226-800x445D.jpg?w=800&amp;ssl=1 800w, https:\/\/i0.wp.com\/cdnoticias.com\/wp-content\/uploads\/2021\/08\/choque-ruta-226-800x445D.jpg?resize=300%2C167&amp;ssl=1 300w, https:\/\/i0.wp.com\/cdnoticias.com\/wp-content\/uploads\/2021\/08\/choque-ruta-226-800x445D.jpg?resize=768%2C426&amp;ssl=1 768w\" sizes=\"auto, (max-width: 800px) 100vw, 800px\" \/><\/p>\n<p>Se vieron involucrados <strong>un auto, un Renault 19, y un cami\u00f3n Ford<\/strong> que transitaban sobre la mano Hinojo-Olavarr\u00eda.<\/p>\n<p>&nbsp;<\/p>\n<p>Al lugar fue convocado personal policial de la <strong>Subcomisar\u00eda de Hinojo<\/strong> as\u00ed como tambi\u00e9n <strong>Bomberos de Sierras Bayas<\/strong>. En este sentido, la dotaci\u00f3n de voluntarios debi\u00f3 trabajar en el rescate del ocupante del auto que hab\u00eda quedado atrapado en el rodado, seg\u00fan se indic\u00f3 a <strong>Central de Noticias.<\/strong><\/p>\n<p>&nbsp;<\/p>\n<p><img data-recalc-dims=\"1\" loading=\"lazy\" decoding=\"async\" class=\"alignnone size-full wp-image-30925\" src=\"https:\/\/i0.wp.com\/cdnoticias.com\/wp-content\/uploads\/2021\/08\/choque-ruta-226-800x445A.jpg?resize=800%2C444&#038;ssl=1\" alt=\"\" width=\"800\" height=\"444\" srcset=\"https:\/\/i0.wp.com\/cdnoticias.com\/wp-content\/uploads\/2021\/08\/choque-ruta-226-800x445A.jpg?w=800&amp;ssl=1 800w, https:\/\/i0.wp.com\/cdnoticias.com\/wp-content\/uploads\/2021\/08\/choque-ruta-226-800x445A.jpg?resize=300%2C167&amp;ssl=1 300w, https:\/\/i0.wp.com\/cdnoticias.com\/wp-content\/uploads\/2021\/08\/choque-ruta-226-800x445A.jpg?resize=768%2C426&amp;ssl=1 768w\" sizes=\"auto, (max-width: 800px) 100vw, 800px\" \/><\/p>\n<p><img data-recalc-dims=\"1\" loading=\"lazy\" decoding=\"async\" class=\"alignnone size-full wp-image-30924\" src=\"https:\/\/i0.wp.com\/cdnoticias.com\/wp-content\/uploads\/2021\/08\/choque-ruta-226-800x445E.jpg?resize=800%2C444&#038;ssl=1\" alt=\"\" width=\"800\" height=\"444\" srcset=\"https:\/\/i0.wp.com\/cdnoticias.com\/wp-content\/uploads\/2021\/08\/choque-ruta-226-800x445E.jpg?w=800&amp;ssl=1 800w, https:\/\/i0.wp.com\/cdnoticias.com\/wp-content\/uploads\/2021\/08\/choque-ruta-226-800x445E.jpg?resize=300%2C167&amp;ssl=1 300w, https:\/\/i0.wp.com\/cdnoticias.com\/wp-content\/uploads\/2021\/08\/choque-ruta-226-800x445E.jpg?resize=768%2C426&amp;ssl=1 768w\" sizes=\"auto, (max-width: 800px) 100vw, 800px\" \/><\/p>\n<p>A su vez, <strong>una ambulancia traslad\u00f3 a la v\u00edctima<\/strong> quien recibi\u00f3 asistencia m\u00e9dica inmediata.<\/p>\n<p>&nbsp;<\/p>\n<p>En el tramo <strong>est\u00e1 cortado el tr\u00e1nsito vehicular<\/strong> hacia nuestra ciudad y se redujo la circulaci\u00f3n en la mano contraria, hacia Azul. Para acceder hacia Olavarr\u00eda se dispuso el desv\u00edo del tr\u00e1nsito hacia Hinojo.<\/p>\n","protected":false},"excerpt":{"rendered":"<p>Un cami\u00f3n y un auto se vieron involucrados pasadas las 11 de este viernes. Bomberos debi\u00f3 rescatar al conductor del<\/p>\n","protected":false},"author":4,"featured_media":30921,"comment_status":"closed","ping_status":"closed","sticky":false,"template":"","format":"standard","meta":{"_jetpack_memberships_contains_paid_content":false,"footnotes":""},"categories":[14,1],"tags":[],"class_list":["post-30927","post","type-post","status-publish","format-standard","has-post-thumbnail","hentry","category-policiales","category-portada"],"jetpack_featured_media_url":"https:\/\/i0.wp.com\/cdnoticias.com\/wp-content\/uploads\/2021\/08\/choque-ruta-226-800x445B.jpg?fit=800%2C444&ssl=1","jetpack_sharing_enabled":true,"_links":{"self":[{"href":"https:\/\/cdnoticias.com\/index.php\/wp-json\/wp\/v2\/posts\/30927","targetHints":{"allow":["GET"]}}],"collection":[{"href":"https:\/\/cdnoticias.com\/index.php\/wp-json\/wp\/v2\/posts"}],"about":[{"href":"https:\/\/cdnoticias.com\/index.php\/wp-json\/wp\/v2\/types\/post"}],"author":[{"embeddable":true,"href":"https:\/\/cdnoticias.com\/index.php\/wp-json\/wp\/v2\/users\/4"}],"replies":[{"embeddable":true,"href":"https:\/\/cdnoticias.com\/index.php\/wp-json\/wp\/v2\/comments?post=30927"}],"version-history":[{"count":0,"href":"https:\/\/cdnoticias.com\/index.php\/wp-json\/wp\/v2\/posts\/30927\/revisions"}],"wp:featuredmedia":[{"embeddable":true,"href":"https:\/\/cdnoticias.com\/index.php\/wp-json\/wp\/v2\/media\/30921"}],"wp:attachment":[{"href":"https:\/\/cdnoticias.com\/index.php\/wp-json\/wp\/v2\/media?parent=30927"}],"wp:term":[{"taxonomy":"category","embeddable":true,"href":"https:\/\/cdnoticias.com\/index.php\/wp-json\/wp\/v2\/categories?post=30927"},{"taxonomy":"post_tag","embeddable":true,"href":"https:\/\/cdnoticias.com\/index.php\/wp-json\/wp\/v2\/tags?post=30927"}],"curies":[{"name":"wp","href":"https:\/\/api.w.org\/{rel}","templated":true}]}}