{"id":30848,"date":"2021-09-08T15:52:25","date_gmt":"2021-09-08T18:52:25","guid":{"rendered":"http:\/\/www.centraldenoticias.com.ar\/?p=30848"},"modified":"2021-09-08T15:52:25","modified_gmt":"2021-09-08T18:52:25","slug":"master-stroke-se-presentara-en-el-teatro-municipal","status":"publish","type":"post","link":"https:\/\/cdnoticias.com\/index.php\/2021\/09\/08\/master-stroke-se-presentara-en-el-teatro-municipal\/","title":{"rendered":"\u201cMaster Stroke\u201d se presentar\u00e1 en el Teatro Municipal"},"content":{"rendered":"<p>La banda tributo a Queen se presentar\u00e1 el pr\u00f3ximo 18 de septiembre a las 21:00.<\/p>\n<p><!--more--><\/p>\n<hr \/>\n<p>&nbsp;<\/p>\n<p><strong>&#8220;Master Stroke&#8221; se presentar\u00e1 en el Teatro Municipal el pr\u00f3ximo 18 de septiembre a las 21:00.<\/strong> <strong>La banda tributo a Queen<\/strong>, promete un repaso por un repertorio con las <strong>canciones m\u00e1s emblem\u00e1ticas<\/strong> y recordadas de la <strong>m\u00edtica banda brit\u00e1nica.\u00a0<\/strong><\/p>\n<p>&nbsp;<\/p>\n<p><strong>\u201cMaster Stroke\u201d, naci\u00f3 en el a\u00f1o 2016, de la mano de Emanuel Caradoso<\/strong> (voz)\u00a0 <strong>y Brian Morua<\/strong> (guitarra y coros) , con diferentes <strong>covers en su canal de YouTube<\/strong>. <strong>En 2017<\/strong> este tributo <strong>termin\u00f3 de conformarse<\/strong> con la llegada de\u00a0<strong>Manuel Olveira<\/strong> (bajo y coros) ,\u00a0<strong>Agust\u00edn Albertini<\/strong> (bater\u00eda y coros)\u00a0 y\u00a0<strong>Alberto Ludue\u00f1a<\/strong> (teclados), atravesando un camino en ascenso hasta el d\u00eda de hoy.<\/p>\n<p>&nbsp;<\/p>\n<p><strong>En agosto de 2016, el gran guitarrista de Queen\u00a0comparti\u00f3 en sus cuentas oficiales de Twitter y Facebook la versi\u00f3n de \u2018Lily Of The Valley\u2019 alcanzando as\u00ed, a todos los fans en diferentes partes del mundo, el talento de \u201cMaster Stroke\u201d.<\/strong><\/p>\n<p>&nbsp;<\/p>\n<p>En <strong>septiembre de 2019, Emanuel Caradoso fue convocado<\/strong> especialmente <strong>por el compositor \u00c1ngel Mahler<\/strong> <strong>y el director art\u00edstico\u00a0Luis Pascual<\/strong> para ser una de las <strong>voces principales del show Rapsodia Bohemia Sinf\u00f3nico en el Teatro Coliseo de Buenos Aires.<\/strong><\/p>\n<p>&nbsp;<\/p>\n<p>La <strong>entrada general ya se encuentra en la boleter\u00eda del teatro y tiene un valor de $1000 (venta en efectivo).<\/strong><\/p>\n","protected":false},"excerpt":{"rendered":"<p>La banda tributo a Queen se presentar\u00e1 el pr\u00f3ximo 18 de septiembre a las 21:00.<\/p>\n","protected":false},"author":6,"featured_media":0,"comment_status":"closed","ping_status":"closed","sticky":false,"template":"","format":"standard","meta":{"_jetpack_memberships_contains_paid_content":false,"footnotes":""},"categories":[9,1],"tags":[],"class_list":["post-30848","post","type-post","status-publish","format-standard","hentry","category-cultura","category-portada"],"jetpack_featured_media_url":"","jetpack_sharing_enabled":true,"_links":{"self":[{"href":"https:\/\/cdnoticias.com\/index.php\/wp-json\/wp\/v2\/posts\/30848","targetHints":{"allow":["GET"]}}],"collection":[{"href":"https:\/\/cdnoticias.com\/index.php\/wp-json\/wp\/v2\/posts"}],"about":[{"href":"https:\/\/cdnoticias.com\/index.php\/wp-json\/wp\/v2\/types\/post"}],"author":[{"embeddable":true,"href":"https:\/\/cdnoticias.com\/index.php\/wp-json\/wp\/v2\/users\/6"}],"replies":[{"embeddable":true,"href":"https:\/\/cdnoticias.com\/index.php\/wp-json\/wp\/v2\/comments?post=30848"}],"version-history":[{"count":0,"href":"https:\/\/cdnoticias.com\/index.php\/wp-json\/wp\/v2\/posts\/30848\/revisions"}],"wp:attachment":[{"href":"https:\/\/cdnoticias.com\/index.php\/wp-json\/wp\/v2\/media?parent=30848"}],"wp:term":[{"taxonomy":"category","embeddable":true,"href":"https:\/\/cdnoticias.com\/index.php\/wp-json\/wp\/v2\/categories?post=30848"},{"taxonomy":"post_tag","embeddable":true,"href":"https:\/\/cdnoticias.com\/index.php\/wp-json\/wp\/v2\/tags?post=30848"}],"curies":[{"name":"wp","href":"https:\/\/api.w.org\/{rel}","templated":true}]}}