{"id":30843,"date":"2021-08-26T15:25:20","date_gmt":"2021-08-26T18:25:20","guid":{"rendered":"http:\/\/www.centraldenoticias.com.ar\/?p=30843"},"modified":"2021-08-26T19:35:25","modified_gmt":"2021-08-26T22:35:25","slug":"rige-un-alerta-amarillo-por-fuertes-vientos-para-olavarria-y-la-zona","status":"publish","type":"post","link":"https:\/\/cdnoticias.com\/index.php\/2021\/08\/26\/rige-un-alerta-amarillo-por-fuertes-vientos-para-olavarria-y-la-zona\/","title":{"rendered":"Rige un alerta \u201camarillo\u201d por fuertes vientos para Olavarr\u00eda y la zona"},"content":{"rendered":"<p>La advertencia abarca toda la tarde de este jueves y anticipa la posibilidad de r\u00e1fagas de hasta 80 km\/h.<!--more--><\/p>\n<hr \/>\n<p><strong>Con la tarde de este jueves comenz\u00f3 a regir para Olavarr\u00eda y la zona un alerta amarillo por fuertes vientos<\/strong>, que inclusive alcanza diversos sectores de Provincias vecinas y parte del sur del pa\u00eds.<\/p>\n<p>&nbsp;<\/p>\n<p><strong>\u201cEl \u00e1rea ser\u00e1 afectadas por vientos del sector oeste con velocidades entre 30 y 50 km\/h, con r\u00e1fagas que podr\u00edan superar los 80 km\/h\u201d<\/strong>, fue lo que advirti\u00f3 el Servicio Meteorol\u00f3gico Nacional, desde donde adem\u00e1s se precis\u00f3 que el alerta tendr\u00e1 vigencia hasta la noche de este jueves.<\/p>\n<p>&nbsp;<\/p>\n<p>Si bien la advertencia cesar\u00e1 con el cierre de la jornada, <strong>se espera que igualmente persistan fuertes vientos azotando la zona, pero con r\u00e1fagas m\u00e1ximas estimadas en los 50 km\/h.<\/strong><\/p>\n<p>&nbsp;<\/p>\n<p>Esto tambi\u00e9n tendr\u00e1 su correlato en una baja de la temperatura hasta las 8 grados. Vale destacar que este jueves se registraron valores m\u00e1ximos por encima de los 20\u00b0. <strong>El viernes, adem\u00e1s, se espera que sea a\u00fan m\u00e1s fresco, con una m\u00ednima de 1\u00b0 grado durante la madrugada y una m\u00e1xima de apenas 14\u00b0 durante la tarde.<\/strong><\/p>\n","protected":false},"excerpt":{"rendered":"<p>La advertencia abarca toda la tarde de este jueves y anticipa la posibilidad de r\u00e1fagas de hasta 80 km\/h.<\/p>\n","protected":false},"author":2,"featured_media":30846,"comment_status":"closed","ping_status":"closed","sticky":false,"template":"","format":"standard","meta":{"_jetpack_memberships_contains_paid_content":false,"footnotes":""},"categories":[5],"tags":[],"class_list":["post-30843","post","type-post","status-publish","format-standard","has-post-thumbnail","hentry","category-informacion-general"],"jetpack_featured_media_url":"https:\/\/i0.wp.com\/cdnoticias.com\/wp-content\/uploads\/2021\/08\/alerta-amarillo.jpg?fit=800%2C445&ssl=1","jetpack_sharing_enabled":true,"_links":{"self":[{"href":"https:\/\/cdnoticias.com\/index.php\/wp-json\/wp\/v2\/posts\/30843","targetHints":{"allow":["GET"]}}],"collection":[{"href":"https:\/\/cdnoticias.com\/index.php\/wp-json\/wp\/v2\/posts"}],"about":[{"href":"https:\/\/cdnoticias.com\/index.php\/wp-json\/wp\/v2\/types\/post"}],"author":[{"embeddable":true,"href":"https:\/\/cdnoticias.com\/index.php\/wp-json\/wp\/v2\/users\/2"}],"replies":[{"embeddable":true,"href":"https:\/\/cdnoticias.com\/index.php\/wp-json\/wp\/v2\/comments?post=30843"}],"version-history":[{"count":0,"href":"https:\/\/cdnoticias.com\/index.php\/wp-json\/wp\/v2\/posts\/30843\/revisions"}],"wp:featuredmedia":[{"embeddable":true,"href":"https:\/\/cdnoticias.com\/index.php\/wp-json\/wp\/v2\/media\/30846"}],"wp:attachment":[{"href":"https:\/\/cdnoticias.com\/index.php\/wp-json\/wp\/v2\/media?parent=30843"}],"wp:term":[{"taxonomy":"category","embeddable":true,"href":"https:\/\/cdnoticias.com\/index.php\/wp-json\/wp\/v2\/categories?post=30843"},{"taxonomy":"post_tag","embeddable":true,"href":"https:\/\/cdnoticias.com\/index.php\/wp-json\/wp\/v2\/tags?post=30843"}],"curies":[{"name":"wp","href":"https:\/\/api.w.org\/{rel}","templated":true}]}}