{"id":30812,"date":"2021-08-26T11:34:50","date_gmt":"2021-08-26T14:34:50","guid":{"rendered":"http:\/\/www.centraldenoticias.com.ar\/?p=30812"},"modified":"2021-08-26T12:56:49","modified_gmt":"2021-08-26T15:56:49","slug":"sin-el-oficialismo-se-aprobo-la-creacion-de-un-organismo-de-control-de-servicios-publicos","status":"publish","type":"post","link":"https:\/\/cdnoticias.com\/index.php\/2021\/08\/26\/sin-el-oficialismo-se-aprobo-la-creacion-de-un-organismo-de-control-de-servicios-publicos\/","title":{"rendered":"Sin el oficialismo, se aprob\u00f3 la creaci\u00f3n de un organismo de control de servicios p\u00fablicos"},"content":{"rendered":"<p>Es una propuesta de Mart\u00edn Lastape (UCR) presentada en 2019. Por mayor\u00eda el HCD aval\u00f3 su creaci\u00f3n. \u201cTenemos todas las sesiones alg\u00fan reclamo sobre la forma en que se prestan los servicios\u201d dijo Germ\u00e1n Aramburu (Renovaci\u00f3n Peronista).<!--more--><\/p>\n<hr \/>\n<p><strong>El Concejo Deliberante aprob\u00f3 por mayor\u00eda la creaci\u00f3n del Organismo de Control de los Servicios P\u00fablicos Concesionados por la Municipalidad de Olavarr\u00eda<\/strong>. Las bancadas opositoras avalaron la iniciativa presentada en 2019 por el concejal <strong>Mart\u00edn Lastape, del bloque UCR<\/strong>, mientras que<strong> el oficialismo vot\u00f3 en contra<\/strong> con lo que permanece en duda si el Ejecutivo promulgar\u00e1 la ordenanza.<\/p>\n<p>&nbsp;<\/p>\n<p>Lastape present\u00f3 el proyecto en la sesi\u00f3n y agradeci\u00f3 a los concejales radicales que <strong>en 2010 y en 2014<\/strong> avanzaron en el Deliberativo con la misma propuesta. En aquellas ocasiones no se logr\u00f3 que llegara a la aprobaci\u00f3n.<\/p>\n<p><img data-recalc-dims=\"1\" loading=\"lazy\" decoding=\"async\" class=\"size-full wp-image-30819 aligncenter\" src=\"https:\/\/i0.wp.com\/cdnoticias.com\/wp-content\/uploads\/2021\/08\/HCD-votacion-mayoria.jpg?resize=800%2C445&#038;ssl=1\" alt=\"\" width=\"800\" height=\"445\" srcset=\"https:\/\/i0.wp.com\/cdnoticias.com\/wp-content\/uploads\/2021\/08\/HCD-votacion-mayoria.jpg?w=839&amp;ssl=1 839w, https:\/\/i0.wp.com\/cdnoticias.com\/wp-content\/uploads\/2021\/08\/HCD-votacion-mayoria.jpg?resize=300%2C167&amp;ssl=1 300w, https:\/\/i0.wp.com\/cdnoticias.com\/wp-content\/uploads\/2021\/08\/HCD-votacion-mayoria.jpg?resize=768%2C427&amp;ssl=1 768w, https:\/\/i0.wp.com\/cdnoticias.com\/wp-content\/uploads\/2021\/08\/HCD-votacion-mayoria.jpg?resize=800%2C445&amp;ssl=1 800w\" sizes=\"auto, (max-width: 800px) 100vw, 800px\" \/><\/p>\n<p>&nbsp;<\/p>\n<p>\u201cTiene por objeto crear un organismo de control de los servicios concesionados por la Municipalidad de Olavarr\u00eda\u201d dijo el concejal quien enumer\u00f3 que se cuentan el <strong>transporte p\u00fablico de pasajeros, abastecimiento de agua potable, corriente y desag\u00fces cloacales; la distribuci\u00f3n de energ\u00eda el\u00e9ctrica, recolecci\u00f3n de residuos, recolecci\u00f3n de residuos patog\u00e9nicos y sistema de estacionamiento medido<\/strong>.<\/p>\n<p>&nbsp;<\/p>\n<blockquote><p>\u201cLa complejidad y diversidad de los mismos hace necesario que la administraci\u00f3n municipal cuente con las estructuras de control adecuadas a fin de verificar el cumplimiento de pliegos, contratos y calidad de prestaci\u00f3n\u201d a\u00f1adi\u00f3 el radical.<\/p><\/blockquote>\n<p>&nbsp;<\/p>\n<p><img data-recalc-dims=\"1\" loading=\"lazy\" decoding=\"async\" class=\"size-full wp-image-30818 aligncenter\" src=\"https:\/\/i0.wp.com\/cdnoticias.com\/wp-content\/uploads\/2021\/08\/HCD-lastape.jpg?resize=800%2C445&#038;ssl=1\" alt=\"\" width=\"800\" height=\"445\" srcset=\"https:\/\/i0.wp.com\/cdnoticias.com\/wp-content\/uploads\/2021\/08\/HCD-lastape.jpg?w=839&amp;ssl=1 839w, https:\/\/i0.wp.com\/cdnoticias.com\/wp-content\/uploads\/2021\/08\/HCD-lastape.jpg?resize=300%2C167&amp;ssl=1 300w, https:\/\/i0.wp.com\/cdnoticias.com\/wp-content\/uploads\/2021\/08\/HCD-lastape.jpg?resize=768%2C427&amp;ssl=1 768w, https:\/\/i0.wp.com\/cdnoticias.com\/wp-content\/uploads\/2021\/08\/HCD-lastape.jpg?resize=800%2C445&amp;ssl=1 800w\" sizes=\"auto, (max-width: 800px) 100vw, 800px\" \/><\/p>\n<p>&nbsp;<\/p>\n<p>El concejal <strong>Germ\u00e1n Aramburu (Renovaci\u00f3n Peronista)<\/strong> adelant\u00f3 su voto favorable y record\u00f3 tambi\u00e9n que \u201ces un proyecto que se trabaj\u00f3 desde hace un par de a\u00f1os\u201d. Consider\u00f3 que la propuesta \u201ces atinada porque sabemos c\u00f3mo estamos sometidos, la Municipalidad y los vecinos, con respecto a las prestadoras de servicio. <strong>En Olavarr\u00eda tenemos todas las sesiones alg\u00fan reclamo sobre la forma en que se prestan los servicios<\/strong>\u201d subray\u00f3.<\/p>\n<p>&nbsp;<\/p>\n<blockquote><p>\u201cTal vez a la Municipalidad le falte la herramienta o la voluntad pol\u00edtica, comprendo que a veces es dif\u00edcil tratar con empresas que por otro lado son de alguna manera monop\u00f3licas. Por eso me parece que este proyecto es virtuoso\u201d dijo Aramburu.<\/p><\/blockquote>\n<p>&nbsp;<\/p>\n<p><img data-recalc-dims=\"1\" loading=\"lazy\" decoding=\"async\" class=\"size-full wp-image-30816 aligncenter\" src=\"https:\/\/i0.wp.com\/cdnoticias.com\/wp-content\/uploads\/2021\/08\/HCD-aramburu.jpg?resize=800%2C445&#038;ssl=1\" alt=\"\" width=\"800\" height=\"445\" srcset=\"https:\/\/i0.wp.com\/cdnoticias.com\/wp-content\/uploads\/2021\/08\/HCD-aramburu.jpg?w=839&amp;ssl=1 839w, https:\/\/i0.wp.com\/cdnoticias.com\/wp-content\/uploads\/2021\/08\/HCD-aramburu.jpg?resize=300%2C167&amp;ssl=1 300w, https:\/\/i0.wp.com\/cdnoticias.com\/wp-content\/uploads\/2021\/08\/HCD-aramburu.jpg?resize=768%2C427&amp;ssl=1 768w, https:\/\/i0.wp.com\/cdnoticias.com\/wp-content\/uploads\/2021\/08\/HCD-aramburu.jpg?resize=800%2C445&amp;ssl=1 800w\" sizes=\"auto, (max-width: 800px) 100vw, 800px\" \/><\/p>\n<p>&nbsp;<\/p>\n<p>Por \u00faltimo, el <strong>presidente del bloque Juntos, Mart\u00edn Endere<\/strong>, inform\u00f3 que \u201cno tenemos una opini\u00f3n que nos permita avanzar en el acompa\u00f1amiento del proyecto por <strong>no poder haber analizado en profundidad las distintas regulaciones que pueden convivir respecto de los servicios p\u00fablicos<\/strong>\u201d. De esa manera adelant\u00f3 que el oficialismo iba a votar en rechazo a la propuesta.<\/p>\n<p>&nbsp;<\/p>\n<p><strong>La ordenanza 4.708 fue votada por mayor\u00eda<\/strong> por los bloques UCR, Frente de Todos, Renovaci\u00f3n Peronista y Ahora Olavarr\u00eda. La postura del bloque Juntos permite prever que<strong> el intendente Galli podr\u00eda vetar esta iniciativa<\/strong>.<\/p>\n<p>&nbsp;<\/p>\n<p><img data-recalc-dims=\"1\" loading=\"lazy\" decoding=\"async\" class=\"size-full wp-image-30817 aligncenter\" src=\"https:\/\/i0.wp.com\/cdnoticias.com\/wp-content\/uploads\/2021\/08\/HCD-endere1.jpg?resize=800%2C445&#038;ssl=1\" alt=\"\" width=\"800\" height=\"445\" srcset=\"https:\/\/i0.wp.com\/cdnoticias.com\/wp-content\/uploads\/2021\/08\/HCD-endere1.jpg?w=839&amp;ssl=1 839w, https:\/\/i0.wp.com\/cdnoticias.com\/wp-content\/uploads\/2021\/08\/HCD-endere1.jpg?resize=300%2C167&amp;ssl=1 300w, https:\/\/i0.wp.com\/cdnoticias.com\/wp-content\/uploads\/2021\/08\/HCD-endere1.jpg?resize=768%2C427&amp;ssl=1 768w, https:\/\/i0.wp.com\/cdnoticias.com\/wp-content\/uploads\/2021\/08\/HCD-endere1.jpg?resize=800%2C445&amp;ssl=1 800w\" sizes=\"auto, (max-width: 800px) 100vw, 800px\" \/><\/p>\n","protected":false},"excerpt":{"rendered":"<p>Es una propuesta de Mart\u00edn Lastape (UCR) presentada en 2019. Por mayor\u00eda el HCD aval\u00f3 su creaci\u00f3n. \u201cTenemos todas las<\/p>\n","protected":false},"author":4,"featured_media":1824,"comment_status":"closed","ping_status":"closed","sticky":false,"template":"","format":"standard","meta":{"_jetpack_memberships_contains_paid_content":false,"footnotes":""},"categories":[4,1],"tags":[],"class_list":["post-30812","post","type-post","status-publish","format-standard","has-post-thumbnail","hentry","category-politica","category-portada"],"jetpack_featured_media_url":"https:\/\/i0.wp.com\/cdnoticias.com\/wp-content\/uploads\/2020\/09\/HCD-lastape.jpg?fit=703%2C414&ssl=1","jetpack_sharing_enabled":true,"_links":{"self":[{"href":"https:\/\/cdnoticias.com\/index.php\/wp-json\/wp\/v2\/posts\/30812","targetHints":{"allow":["GET"]}}],"collection":[{"href":"https:\/\/cdnoticias.com\/index.php\/wp-json\/wp\/v2\/posts"}],"about":[{"href":"https:\/\/cdnoticias.com\/index.php\/wp-json\/wp\/v2\/types\/post"}],"author":[{"embeddable":true,"href":"https:\/\/cdnoticias.com\/index.php\/wp-json\/wp\/v2\/users\/4"}],"replies":[{"embeddable":true,"href":"https:\/\/cdnoticias.com\/index.php\/wp-json\/wp\/v2\/comments?post=30812"}],"version-history":[{"count":0,"href":"https:\/\/cdnoticias.com\/index.php\/wp-json\/wp\/v2\/posts\/30812\/revisions"}],"wp:featuredmedia":[{"embeddable":true,"href":"https:\/\/cdnoticias.com\/index.php\/wp-json\/wp\/v2\/media\/1824"}],"wp:attachment":[{"href":"https:\/\/cdnoticias.com\/index.php\/wp-json\/wp\/v2\/media?parent=30812"}],"wp:term":[{"taxonomy":"category","embeddable":true,"href":"https:\/\/cdnoticias.com\/index.php\/wp-json\/wp\/v2\/categories?post=30812"},{"taxonomy":"post_tag","embeddable":true,"href":"https:\/\/cdnoticias.com\/index.php\/wp-json\/wp\/v2\/tags?post=30812"}],"curies":[{"name":"wp","href":"https:\/\/api.w.org\/{rel}","templated":true}]}}