{"id":30773,"date":"2021-08-25T20:02:49","date_gmt":"2021-08-25T23:02:49","guid":{"rendered":"http:\/\/www.centraldenoticias.com.ar\/?p=30773"},"modified":"2021-08-25T20:02:49","modified_gmt":"2021-08-25T23:02:49","slug":"docente-de-la-fio-participara-de-un-plan-nacional-de-ciencia","status":"publish","type":"post","link":"https:\/\/cdnoticias.com\/index.php\/2021\/08\/25\/docente-de-la-fio-participara-de-un-plan-nacional-de-ciencia\/","title":{"rendered":"Docente de la FIO participar\u00e1 de un Plan Nacional de Ciencia"},"content":{"rendered":"<p>La Doctora Bettina Bravo trabajar\u00e1 junto al reconocido cient\u00edfico Diego Golombek.<!--more--><\/p>\n<hr \/>\n<p>La docente de la Facultad de Ingenier\u00eda de la UNICEN e investigadora del CONICET, doctora Bettina Bravo, fue invitada a integrar un Consejo Asesor que acompa\u00f1ar\u00e1 la implementaci\u00f3n del Plan Nacional de Ciencia y Tecnolog\u00eda en la Escuela,<strong> una iniciativa que busca fortalecer la presencia cient\u00edfica en los niveles inicial, primario y secundario.<\/strong><\/p>\n<p>&nbsp;<\/p>\n<p>La invitaci\u00f3n lleg\u00f3 de la mano del reconocido doctor en ciencias biol\u00f3gicas y de amplia trayectoria en la difusi\u00f3n de la ciencia, <strong>Diego Golombek, actual director del Instituto Nacional de Educaci\u00f3n Tecnol\u00f3gica (INET)<\/strong>, perteneciente al Ministerio de Educaci\u00f3n de la Naci\u00f3n.<\/p>\n<p>&nbsp;<\/p>\n<p>Este Plan fue presentado d\u00edas pasados entre el ministro de Ciencia, Tecnolog\u00eda e Innovaci\u00f3n, Roberto Salvarezza; su par de Educaci\u00f3n, Nicol\u00e1s Trotta; la presidenta del CONICET, Ana Mar\u00eda Franchi; la secretaria de Educaci\u00f3n, Marisa D\u00edaz; y el propio Golombek. En l\u00edneas generales,<strong> la propuesta activar\u00e1 la generaci\u00f3n de contenidos, la formaci\u00f3n docente, nuevos espacios curriculares y equipamiento did\u00e1ctico.\u00a0<\/strong><\/p>\n<p>&nbsp;<\/p>\n<p><img data-recalc-dims=\"1\" loading=\"lazy\" decoding=\"async\" class=\"alignnone size-full wp-image-30775\" src=\"https:\/\/i0.wp.com\/cdnoticias.com\/wp-content\/uploads\/2021\/08\/bettina3.jpg?resize=800%2C397&#038;ssl=1\" alt=\"\" width=\"800\" height=\"397\" srcset=\"https:\/\/i0.wp.com\/cdnoticias.com\/wp-content\/uploads\/2021\/08\/bettina3.jpg?w=900&amp;ssl=1 900w, https:\/\/i0.wp.com\/cdnoticias.com\/wp-content\/uploads\/2021\/08\/bettina3.jpg?resize=300%2C149&amp;ssl=1 300w, https:\/\/i0.wp.com\/cdnoticias.com\/wp-content\/uploads\/2021\/08\/bettina3.jpg?resize=768%2C381&amp;ssl=1 768w\" sizes=\"auto, (max-width: 800px) 100vw, 800px\" \/><\/p>\n<p>&nbsp;<\/p>\n<p>En este contexto, Golombek le indic\u00f3 a Bettina Bravo que desde este Plan <em>\u201cqueremos continuar con algunas de las acciones que han probado tener impacto, y tambi\u00e9n proponer unas nuevas que nos permitan mejorar la ense\u00f1anza de Ciencia y T\u00e9cnica, y disminuir las enormes desigualdades que encontramos en este tema en el pa\u00eds\u201d<\/em>.<\/p>\n<p>&nbsp;<\/p>\n<p>La invitaci\u00f3n representa una gran emoci\u00f3n para Bettina, a quien le ilusiona poder participar en las discusiones que se dan en ese nivel, y m\u00e1s con un plan que, seg\u00fan sus palabras <em>\u201ccomparto al ciento por ciento, sobre todo por su esencia, sus objetivos m\u00e1s amplios que implican intentar favorecer la alfabetizaci\u00f3n cient\u00edfico \u2013 tecnol\u00f3gica de todos los ni\u00f1os y j\u00f3venes, reconoci\u00e9ndolo como un derecho que debe garantizarse con el aporte de distintos espacios sociales, incluida la universidad\u201d.<\/em><\/p>\n<p>&nbsp;<\/p>\n<p><strong>Experiencia cient\u00edfica<\/strong><\/p>\n<p>&nbsp;<\/p>\n<p>Bettina forma parte de un grupo de docentes de Ingenier\u00eda que ya han implementado distintos <strong>proyectos de innovaci\u00f3n did\u00e1ctica y divulgaci\u00f3n cient\u00edfica, pensados para el aula moderna.<\/strong><\/p>\n<p>&nbsp;<\/p>\n<p><img data-recalc-dims=\"1\" loading=\"lazy\" decoding=\"async\" class=\"alignnone size-full wp-image-30776\" src=\"https:\/\/i0.wp.com\/cdnoticias.com\/wp-content\/uploads\/2021\/08\/bettina5.jpg?resize=800%2C535&#038;ssl=1\" alt=\"\" width=\"800\" height=\"535\" srcset=\"https:\/\/i0.wp.com\/cdnoticias.com\/wp-content\/uploads\/2021\/08\/bettina5.jpg?w=900&amp;ssl=1 900w, https:\/\/i0.wp.com\/cdnoticias.com\/wp-content\/uploads\/2021\/08\/bettina5.jpg?resize=300%2C201&amp;ssl=1 300w, https:\/\/i0.wp.com\/cdnoticias.com\/wp-content\/uploads\/2021\/08\/bettina5.jpg?resize=768%2C514&amp;ssl=1 768w, https:\/\/i0.wp.com\/cdnoticias.com\/wp-content\/uploads\/2021\/08\/bettina5.jpg?resize=272%2C182&amp;ssl=1 272w\" sizes=\"auto, (max-width: 800px) 100vw, 800px\" \/><\/p>\n<p>&nbsp;<\/p>\n<p>Uno de esos se denomina <strong><em>\u201cIPACT: Innovaci\u00f3n curricular para la alfabetizaci\u00f3n cient\u00edfico-tecnol\u00f3gica\u201d<\/em><\/strong>. Con distinciones a nivel nacional, este proyecto busca fortalecer la ense\u00f1anza de la f\u00edsica, la matem\u00e1tica y las nuevas tecnolog\u00edas en los niveles educativos preuniversitarios. Adem\u00e1s de promover una innovadora experiencia de aprendizaje de ni\u00f1os y j\u00f3venes, apunta a favorecer la formaci\u00f3n cient\u00edfica, tecnol\u00f3gica y did\u00e1ctica de los docentes de ese nivel.<\/p>\n<p>&nbsp;<\/p>\n<p>La doctora Bravo tambi\u00e9n participa del proyecto de divulgaci\u00f3n cient\u00edfica conocido como <strong><em>\u201cEureka Juegos Conectados\u201d<\/em><\/strong>, que exhibe sus propias distinciones a nivel provincial. A partir de un trabajo multidisciplinario en la FIO, la idea de Eureka se concret\u00f3 con la instalaci\u00f3n de la <strong>primera plaza cient\u00edfica de Olavarr\u00eda, ubicada junto al Museo de las Ciencias.<\/strong> All\u00ed, hamacas, toboganes, subibajas y calesitas invitan a aprender sobre f\u00edsica, matem\u00e1tica, qu\u00edmica y tecnolog\u00eda de una manera informal y jugando.<\/p>\n<p>&nbsp;<\/p>\n<p>Todas estas iniciativas, y la del Plan Nacional que est\u00e1 en marcha, estimulan la formaci\u00f3n temprana y continua en ciencia y tecnolog\u00eda, lo que se traduce en ciudadanos capaces de <strong>pensar el mundo con ojos cient\u00edficos<\/strong>, entendiendo sus fen\u00f3menos, alentando la inclusi\u00f3n y la igualdad de oportunidades.<\/p>\n","protected":false},"excerpt":{"rendered":"<p>La Doctora Bettina Bravo trabajar\u00e1 junto al reconocido cient\u00edfico Diego Golombek.<\/p>\n","protected":false},"author":5,"featured_media":30774,"comment_status":"closed","ping_status":"closed","sticky":false,"template":"","format":"standard","meta":{"_jetpack_memberships_contains_paid_content":false,"footnotes":""},"categories":[5],"tags":[],"class_list":["post-30773","post","type-post","status-publish","format-standard","has-post-thumbnail","hentry","category-informacion-general"],"jetpack_featured_media_url":"https:\/\/i0.wp.com\/cdnoticias.com\/wp-content\/uploads\/2021\/08\/battina_dest.jpeg?fit=1040%2C780&ssl=1","jetpack_sharing_enabled":true,"_links":{"self":[{"href":"https:\/\/cdnoticias.com\/index.php\/wp-json\/wp\/v2\/posts\/30773","targetHints":{"allow":["GET"]}}],"collection":[{"href":"https:\/\/cdnoticias.com\/index.php\/wp-json\/wp\/v2\/posts"}],"about":[{"href":"https:\/\/cdnoticias.com\/index.php\/wp-json\/wp\/v2\/types\/post"}],"author":[{"embeddable":true,"href":"https:\/\/cdnoticias.com\/index.php\/wp-json\/wp\/v2\/users\/5"}],"replies":[{"embeddable":true,"href":"https:\/\/cdnoticias.com\/index.php\/wp-json\/wp\/v2\/comments?post=30773"}],"version-history":[{"count":0,"href":"https:\/\/cdnoticias.com\/index.php\/wp-json\/wp\/v2\/posts\/30773\/revisions"}],"wp:featuredmedia":[{"embeddable":true,"href":"https:\/\/cdnoticias.com\/index.php\/wp-json\/wp\/v2\/media\/30774"}],"wp:attachment":[{"href":"https:\/\/cdnoticias.com\/index.php\/wp-json\/wp\/v2\/media?parent=30773"}],"wp:term":[{"taxonomy":"category","embeddable":true,"href":"https:\/\/cdnoticias.com\/index.php\/wp-json\/wp\/v2\/categories?post=30773"},{"taxonomy":"post_tag","embeddable":true,"href":"https:\/\/cdnoticias.com\/index.php\/wp-json\/wp\/v2\/tags?post=30773"}],"curies":[{"name":"wp","href":"https:\/\/api.w.org\/{rel}","templated":true}]}}