{"id":30757,"date":"2023-02-22T17:49:17","date_gmt":"2023-02-22T20:49:17","guid":{"rendered":"http:\/\/centraldeportes.com.ar\/?p=30757"},"modified":"2025-02-10T23:26:19","modified_gmt":"2025-02-11T02:26:19","slug":"la-divisional-b-se-prepara-para-el-arranque-de-la-temporada","status":"publish","type":"post","link":"https:\/\/cdnoticias.com\/index.php\/2023\/02\/22\/la-divisional-b-se-prepara-para-el-arranque-de-la-temporada\/","title":{"rendered":"La Divisional B se prepara para el arranque de la temporada"},"content":{"rendered":"<p>El certamen de ascenso organizado por la Liga de F\u00fatbol de Olavarr\u00eda, que dar\u00e1 comienzo el pr\u00f3ximo viernes, dio a conocer el fixture completo del Torneo Preparaci\u00f3n.<!--more--><\/p>\n<hr \/>\n<p>La actividad futbol\u00edstica arrancar\u00e1 con todo este fin de semana, no solo por inicio del Torneo Uni\u00f3n Deportiva Regional sino tambi\u00e9n por el comienzo de la <strong>Divisional B<\/strong>, que contar\u00e1 con m\u00e1s equipos que la edici\u00f3n del a\u00f1o pasado.<\/p>\n<p>&nbsp;<\/p>\n<p>Esta vez <strong>ser\u00e1n 9 los protagonistas que integrar\u00e1n el certamen<\/strong> y que buscar\u00e1n el ascenso a la categor\u00eda principal cuando se realice de manera oficial. Asimismo, <strong>la Liga de F\u00fatbol de Olavarr\u00eda confirm\u00f3 el fixture para la venidera competencia denominada Torneo Preparaci\u00f3n<\/strong>.<\/p>\n<p>&nbsp;<\/p>\n<p><strong>La 1\u00b0 fecha comenzar\u00e1 este viernes 24<\/strong>, <strong>con el duelo entre Colonias y Cerros<\/strong> (comandado t\u00e9cnicamente por el ex Luj\u00e1n, Diego Del Castillo) <strong>y Defensores de Hinojo en cancha de Ferro Carril Sud<\/strong>. Se enfrentar\u00e1n desde las 19:30 en Reserva y 21:30 en Primera.<\/p>\n<p>&nbsp;<\/p>\n<p>Mientras tanto, <strong>la jornada se completar\u00e1 el domingo 26<\/strong> con los cruces entre Independiente \u2013 Villa Magdalena (en Colonia San Miguel), Recalde \u2013 Sociedad de Fomento San Lorenzo (en Villa Mi Serran\u00eda), Pueyrred\u00f3n \u2013 Crotto (en Santa \u00c1gueda) y Mu\u00f1oz cumpliendo fecha libre.<\/p>\n<p>&nbsp;<\/p>\n<h6><strong>Fixture completo:<\/strong><\/h6>\n<p>&nbsp;<\/p>\n<h6><strong>2\u00b0 fecha \u2013 05\/03:<\/strong><\/h6>\n<p>Villa Magdalena \u2013 Colonias y Cerros (Villa Mi Serran\u00eda)<\/p>\n<p>Sociedad de Fomento San Lorenzo \u2013 Pueyrred\u00f3n (Colonia San Miguel)<\/p>\n<p>Crotto \u2013 Mu\u00f1oz (cancha de Crotto)<\/p>\n<p>Defensores de Hinojo \u2013 Independiente de Colonia San Miguel (Santa \u00c1gueda)<\/p>\n<p>Libre: Recalde.<\/p>\n<p>&nbsp;<\/p>\n<h6><strong>3\u00b0 fecha \u2013 12\/03:<\/strong><\/h6>\n<p>Recalde \u2013 Crotto (Villa Mi Serran\u00eda)<\/p>\n<p>Pueyrred\u00f3n \u2013 Villa Magdalena (Santa \u00c1gueda)<\/p>\n<p>Mu\u00f1oz \u2013 Defensores de Hinojo (Clemente Di Carlo)<\/p>\n<p>Independiente \u2013 Sociedad de Fomento San Lorenzo (Colonia San Miguel)<\/p>\n<p>Libre: Colonias y Cerros.<\/p>\n<p>&nbsp;<\/p>\n<h6><strong>4\u00b0 fecha \u2013 19\/03:<\/strong><\/h6>\n<p>Colonias y Cerros \u2013 Independiente (Domingo Colasurdo)<\/p>\n<p>Defensores de Hinojo \u2013 Pueyrred\u00f3n (Santa \u00c1gueda)<\/p>\n<p>Villa Magdalena \u2013 Recalde (Villa Mi Serran\u00eda)<\/p>\n<p>Sociedad de Fomento San Lorenzo \u2013 Mu\u00f1oz (Colonia San Miguel)<\/p>\n<p>Libre: Crotto.<\/p>\n<p>&nbsp;<\/p>\n<h6><strong>5\u00b0 fecha \u2013 26\/03:<\/strong><\/h6>\n<p>Independiente \u2013 Crotto (Colonia San Miguel)<\/p>\n<p>Pueyrred\u00f3n \u2013 Colonias y Cerros (Santa \u00c1gueda)<\/p>\n<p>Recalde \u2013 Defensores de Hinojo (Villa Mi Serran\u00eda)<\/p>\n<p>Mu\u00f1oz \u2013 Villa Magdalena (Clemente Di Carlo)<\/p>\n<p>Libre: Sociedad de Fomento San Lorenzo.<\/p>\n<p>&nbsp;<\/p>\n<h6><strong>6\u00b0 fecha \u2013 02\/04:<\/strong><\/h6>\n<p>Crotto \u2013 Sociedad de Fomento San Lorenzo (cancha de Crotto)<\/p>\n<p>Colonias y Cerros \u2013 Recalde (Domingo Colasurdo)<\/p>\n<p>Villa Magdalena \u2013 Defensores de Hinojo (Villa Mi Serran\u00eda)<\/p>\n<p>Independiente \u2013 Mu\u00f1oz (Colonia San Miguel)<\/p>\n<p>Libre: Pueyrred\u00f3n.<\/p>\n<p>&nbsp;<\/p>\n<h6><strong>7\u00b0 fecha \u2013 09\/04:<\/strong><\/h6>\n<p>Recalde \u2013 Pueyrred\u00f3n (Villa Mi Serran\u00eda)<\/p>\n<p>Mu\u00f1oz \u2013 Colonias y Cerros (Clemente Di Carlo)<\/p>\n<p>Sociedad de Fomento San Lorenzo \u2013 Defensores de Hinojo (Colonia San Miguel)<\/p>\n<p>Crotto \u2013 Villa Magdalena (cancha de Crotto)<\/p>\n<p>Libre: Independiente.<\/p>\n<p>&nbsp;<\/p>\n<h6><strong>8\u00b0 fecha \u2013 16\/04:<\/strong><\/h6>\n<p>Pueyrred\u00f3n \u2013 Independiente (Santa \u00c1gueda)<\/p>\n<p>Colonias y Cerros \u2013 Crotto (Domingo Colasurdo)<\/p>\n<p>Recalde \u2013 Mu\u00f1oz (Villa Mi Serran\u00eda)<\/p>\n<p>Sociedad de Fomento San Lorenzo \u2013 Villa Magdalena (Colonia San Miguel)<\/p>\n<p>Libre: Defensores de Hinojo.<\/p>\n<p>&nbsp;<\/p>\n<h6><strong>9\u00b0 fecha \u2013 23\/04:<\/strong><\/h6>\n<p>Independiente \u2013 Recalde (Colonia San Miguel)<\/p>\n<p>Colonias y Cerros \u2013 Sociedad de Fomento San Lorenzo (Domingo Colasurdo)<\/p>\n<p>Crotto \u2013 Defensores de Hinojo (cancha de Crotto)<\/p>\n<p>Pueyrred\u00f3n \u2013 Mu\u00f1oz (Santa \u00c1gueda)<\/p>\n<p>Libre: Villa Magdalena.<\/p>\n","protected":false},"excerpt":{"rendered":"<p>El certamen de ascenso organizado por la Liga de F\u00fatbol de Olavarr\u00eda, que dar\u00e1 comienzo el pr\u00f3ximo viernes, dio a<\/p>\n","protected":false},"author":96739694,"featured_media":150196,"comment_status":"closed","ping_status":"closed","sticky":false,"template":"","format":"standard","meta":{"_jetpack_memberships_contains_paid_content":false,"footnotes":""},"categories":[35,1,41],"tags":[],"class_list":["post-30757","post","type-post","status-publish","format-standard","has-post-thumbnail","hentry","category-futbol","category-portada","category-primera-y-reserva"],"jetpack_featured_media_url":"https:\/\/i0.wp.com\/cdnoticias.com\/wp-content\/uploads\/2022\/09\/primera-b-5.jpeg?fit=1500%2C1000&ssl=1","jetpack_sharing_enabled":true,"_links":{"self":[{"href":"https:\/\/cdnoticias.com\/index.php\/wp-json\/wp\/v2\/posts\/30757","targetHints":{"allow":["GET"]}}],"collection":[{"href":"https:\/\/cdnoticias.com\/index.php\/wp-json\/wp\/v2\/posts"}],"about":[{"href":"https:\/\/cdnoticias.com\/index.php\/wp-json\/wp\/v2\/types\/post"}],"author":[{"embeddable":true,"href":"https:\/\/cdnoticias.com\/index.php\/wp-json\/wp\/v2\/users\/96739694"}],"replies":[{"embeddable":true,"href":"https:\/\/cdnoticias.com\/index.php\/wp-json\/wp\/v2\/comments?post=30757"}],"version-history":[{"count":0,"href":"https:\/\/cdnoticias.com\/index.php\/wp-json\/wp\/v2\/posts\/30757\/revisions"}],"wp:featuredmedia":[{"embeddable":true,"href":"https:\/\/cdnoticias.com\/index.php\/wp-json\/wp\/v2\/media\/150196"}],"wp:attachment":[{"href":"https:\/\/cdnoticias.com\/index.php\/wp-json\/wp\/v2\/media?parent=30757"}],"wp:term":[{"taxonomy":"category","embeddable":true,"href":"https:\/\/cdnoticias.com\/index.php\/wp-json\/wp\/v2\/categories?post=30757"},{"taxonomy":"post_tag","embeddable":true,"href":"https:\/\/cdnoticias.com\/index.php\/wp-json\/wp\/v2\/tags?post=30757"}],"curies":[{"name":"wp","href":"https:\/\/api.w.org\/{rel}","templated":true}]}}