{"id":30735,"date":"2021-08-25T13:48:33","date_gmt":"2021-08-25T16:48:33","guid":{"rendered":"http:\/\/www.centraldenoticias.com.ar\/?p=30735"},"modified":"2021-08-25T16:07:29","modified_gmt":"2021-08-25T19:07:29","slug":"ramiro-borzi-sube-la-vacunacion-y-bajan-los-casos-positivos-activos","status":"publish","type":"post","link":"https:\/\/cdnoticias.com\/index.php\/2021\/08\/25\/ramiro-borzi-sube-la-vacunacion-y-bajan-los-casos-positivos-activos\/","title":{"rendered":"Ramiro Borzi: \u201cSube la vacunaci\u00f3n y bajan los casos positivos activos\u201d"},"content":{"rendered":"<p>El director de la Regi\u00f3n Sanitaria IX expuso el balance de la segunda ola de contagios de Covid. De los 79.410 olavarrienses vacunados, m\u00e1s de 40 mil ya completaron las dos dosis.<!--more--><\/p>\n<hr \/>\n<p><strong>Autoridades de la Regi\u00f3n Sanitaria IX brindaron informaci\u00f3n sobre el avance de la campa\u00f1a de vacunaci\u00f3n<\/strong> contra el Covid en Olavarr\u00eda.<\/p>\n<p>&nbsp;<\/p>\n<p>Destacaron la <strong>relaci\u00f3n entre el avance de la inmunizaci\u00f3n y la reducci\u00f3n de los contagios en la segunda ola<\/strong>, y en el detalle de las aplicaciones se dej\u00f3 en claro que <strong>la mitad de los vacunados ya tiene las dos dosis previstas<\/strong>.<\/p>\n<p>&nbsp;<\/p>\n<p>Estuvieron en el Club Estrella de Villa Floresta los <em>titulares de la Regi\u00f3n IX, Ramiro Borzi y Norma \u00c1lvarez Morello<\/em>, y la <em>encargada de una de las postas de vacunaci\u00f3n y precandidata a concejal del Frente de Todos, Natalia \u00c1lvarez<\/em>.<\/p>\n<p>&nbsp;<\/p>\n<p><img data-recalc-dims=\"1\" loading=\"lazy\" decoding=\"async\" class=\"size-large wp-image-30723 aligncenter\" src=\"https:\/\/i0.wp.com\/cdnoticias.com\/wp-content\/uploads\/2021\/08\/sanitaria-2.jpg?resize=800%2C445&#038;ssl=1\" alt=\"\" width=\"800\" height=\"445\" srcset=\"https:\/\/i0.wp.com\/cdnoticias.com\/wp-content\/uploads\/2021\/08\/sanitaria-2.jpg?resize=1024%2C570&amp;ssl=1 1024w, https:\/\/i0.wp.com\/cdnoticias.com\/wp-content\/uploads\/2021\/08\/sanitaria-2.jpg?resize=300%2C167&amp;ssl=1 300w, https:\/\/i0.wp.com\/cdnoticias.com\/wp-content\/uploads\/2021\/08\/sanitaria-2.jpg?resize=768%2C427&amp;ssl=1 768w, https:\/\/i0.wp.com\/cdnoticias.com\/wp-content\/uploads\/2021\/08\/sanitaria-2.jpg?resize=800%2C445&amp;ssl=1 800w, https:\/\/i0.wp.com\/cdnoticias.com\/wp-content\/uploads\/2021\/08\/sanitaria-2.jpg?w=1600&amp;ssl=1 1600w, https:\/\/i0.wp.com\/cdnoticias.com\/wp-content\/uploads\/2021\/08\/sanitaria-2.jpg?w=2400&amp;ssl=1 2400w\" sizes=\"auto, (max-width: 800px) 100vw, 800px\" \/><\/p>\n<p>&nbsp;<\/p>\n<blockquote><p>Se han aplicado m\u00e1s de 120 mil dosis en Olavarr\u00eda: 79.410 son de primera dosis \u2013\u201cese es el n\u00famero de olavarrienses vacunados en este momento\u201d dijo Borzi- y 40.831 de segunda dosis.<\/p><\/blockquote>\n<p>&nbsp;<\/p>\n<p>\u201c<strong>Estamos pr\u00f3ximos a llegar a 80 mil olavarrienses vacunados<\/strong>. Se va a dar con el correr de los d\u00edas porque el n\u00famero de vacunados diarios se da por goteo\u201d indic\u00f3 el director regional.<\/p>\n<p>&nbsp;<\/p>\n<p>Record\u00f3 la vigencia de la <strong>vacunaci\u00f3n libre para mayores de 18 a\u00f1os en el distrito<\/strong>, as\u00ed como las campa\u00f1as efectuadas para sumar m\u00e1s inscriptos en recorridas casa por casa, con el colectivo de \u201cvacunaci\u00f3n m\u00f3vil\u201d que recorri\u00f3 el sector de Bel\u00e9n y Mataderos, y los recorridos por las localidades.<\/p>\n<p>&nbsp;<\/p>\n<p>\u201cConsideramos que es un excelente n\u00famero, pero<strong> vamos a seguir para aumentar la cobertura<\/strong> de nuestra ciudad\u201d enfatiz\u00f3 el funcionario del Ministerio de Salud provincial.<\/p>\n<p>&nbsp;<\/p>\n<p><img data-recalc-dims=\"1\" loading=\"lazy\" decoding=\"async\" class=\"alignnone size-large wp-image-30725\" src=\"https:\/\/i0.wp.com\/cdnoticias.com\/wp-content\/uploads\/2021\/08\/sanitaria-4.jpg?resize=800%2C445&#038;ssl=1\" alt=\"\" width=\"800\" height=\"445\" srcset=\"https:\/\/i0.wp.com\/cdnoticias.com\/wp-content\/uploads\/2021\/08\/sanitaria-4.jpg?resize=1024%2C570&amp;ssl=1 1024w, https:\/\/i0.wp.com\/cdnoticias.com\/wp-content\/uploads\/2021\/08\/sanitaria-4.jpg?resize=300%2C167&amp;ssl=1 300w, https:\/\/i0.wp.com\/cdnoticias.com\/wp-content\/uploads\/2021\/08\/sanitaria-4.jpg?resize=768%2C427&amp;ssl=1 768w, https:\/\/i0.wp.com\/cdnoticias.com\/wp-content\/uploads\/2021\/08\/sanitaria-4.jpg?resize=800%2C445&amp;ssl=1 800w, https:\/\/i0.wp.com\/cdnoticias.com\/wp-content\/uploads\/2021\/08\/sanitaria-4.jpg?w=1600&amp;ssl=1 1600w, https:\/\/i0.wp.com\/cdnoticias.com\/wp-content\/uploads\/2021\/08\/sanitaria-4.jpg?w=2400&amp;ssl=1 2400w\" sizes=\"auto, (max-width: 800px) 100vw, 800px\" \/><\/p>\n<p>&nbsp;<\/p>\n<p>Se detall\u00f3 durante la conferencia el <strong>alcance por edad de las vacunas de primera dosis<\/strong>: hay 21.862 vacunados mayores de 60 a\u00f1os (28%); de 18 a 59 a\u00f1os se cuentan 56.443 inmunizados (71%) y de 12 a 17 a\u00f1os suman 1.105 personas vacunadas (1%).<\/p>\n<p>&nbsp;<\/p>\n<p>En cuanto a las <strong>segundas dosis<\/strong>, la proporci\u00f3n alcanzada baja cuanto m\u00e1s joven es el grupo poblacional. Se cuentan 81% de los mayores de 60 a\u00f1os vacunados (21.862 personas) y 71% de 50 a 59 a\u00f1os (12.189 vacunados).<\/p>\n<p>&nbsp;<\/p>\n<p>En tanto, de 40 a 49 a\u00f1os son 14.047 vacunados con la segunda dosis, lo que representa 52%; de 30 a 39 a\u00f1os son 13.834 quienes tienen el esquema completo, 32%; y de 18 a 29 a\u00f1os hay 16.373 con esquema completo, 17%.<\/p>\n<p>&nbsp;<\/p>\n<p><strong>Segunda ola<\/strong><\/p>\n<p>&nbsp;<\/p>\n<p>Durante la conferencia se detall\u00f3 adem\u00e1s el <strong>impacto de la vacunaci\u00f3n en el transcurso de la segunda ola de contagios<\/strong> que comenz\u00f3 el 1\u00b0 de abril.<\/p>\n<p>&nbsp;<\/p>\n<p><img data-recalc-dims=\"1\" loading=\"lazy\" decoding=\"async\" class=\"size-large wp-image-30722 aligncenter\" src=\"https:\/\/i0.wp.com\/cdnoticias.com\/wp-content\/uploads\/2021\/08\/sanitaria-1.jpg?resize=800%2C445&#038;ssl=1\" alt=\"\" width=\"800\" height=\"445\" srcset=\"https:\/\/i0.wp.com\/cdnoticias.com\/wp-content\/uploads\/2021\/08\/sanitaria-1.jpg?resize=1024%2C570&amp;ssl=1 1024w, https:\/\/i0.wp.com\/cdnoticias.com\/wp-content\/uploads\/2021\/08\/sanitaria-1.jpg?resize=300%2C167&amp;ssl=1 300w, https:\/\/i0.wp.com\/cdnoticias.com\/wp-content\/uploads\/2021\/08\/sanitaria-1.jpg?resize=768%2C427&amp;ssl=1 768w, https:\/\/i0.wp.com\/cdnoticias.com\/wp-content\/uploads\/2021\/08\/sanitaria-1.jpg?resize=800%2C445&amp;ssl=1 800w, https:\/\/i0.wp.com\/cdnoticias.com\/wp-content\/uploads\/2021\/08\/sanitaria-1.jpg?w=1600&amp;ssl=1 1600w, https:\/\/i0.wp.com\/cdnoticias.com\/wp-content\/uploads\/2021\/08\/sanitaria-1.jpg?w=2400&amp;ssl=1 2400w\" sizes=\"auto, (max-width: 800px) 100vw, 800px\" \/><\/p>\n<p>&nbsp;<\/p>\n<blockquote><p>\u201cClaramente se ve como sube la vacunaci\u00f3n y bajan los casos positivos activos en nuestra ciudad\u201d subray\u00f3 Borzi.<\/p><\/blockquote>\n<p>&nbsp;<\/p>\n<p><strong>Mostr\u00f3 los datos en paralelo<\/strong> para se\u00f1alar que \u201ca principios de abril ten\u00edamos 10.227 dosis aplicadas y 7.446 personas vacunadas. Ya sub\u00eda la segunda ola y a mitad de abril, 12.246 personas vacunadas est\u00e1bamos en el pico de la segunda ola con m\u00e1s de 1.100 casos activos\u201d.<\/p>\n<p>&nbsp;<\/p>\n<p>Consider\u00f3 que la mayor aceleraci\u00f3n se dio en mayo y en junio. \u201cA principios de mayo se hab\u00edan doblado la cantidad de vacunas aplicadas respecto de principios de abril. En un mes, m\u00e1s del doble de vacunas aplicadas. Detall\u00f3 que <strong>a principios de junio se registraban 39.473 vacunas aplicadas y para mitad de ese mes ya se contaban 53.638<\/strong>. \u201cAh\u00ed se empieza a ver tambi\u00e9n las segundas dosis c\u00f3mo se van completando los esquemas\u201d dijo.<\/p>\n<p>&nbsp;<\/p>\n<blockquote><p>\u201cEsto muestra c\u00f3mo la vacunaci\u00f3n aument\u00f3 y en pleno invierno se logr\u00f3 controlar la segunda ola de la pandemia que en principio puso al Hospital en una situaci\u00f3n de saturaci\u00f3n con alta ocupaci\u00f3n de camas\u201d sostuvo Borzi.<\/p><\/blockquote>\n<p>&nbsp;<\/p>\n<p><img data-recalc-dims=\"1\" loading=\"lazy\" decoding=\"async\" class=\"size-full wp-image-30715 aligncenter\" src=\"https:\/\/i0.wp.com\/cdnoticias.com\/wp-content\/uploads\/2021\/08\/conferencia-vacuna02.jpg?resize=800%2C446&#038;ssl=1\" alt=\"\" width=\"800\" height=\"446\" srcset=\"https:\/\/i0.wp.com\/cdnoticias.com\/wp-content\/uploads\/2021\/08\/conferencia-vacuna02.jpg?w=800&amp;ssl=1 800w, https:\/\/i0.wp.com\/cdnoticias.com\/wp-content\/uploads\/2021\/08\/conferencia-vacuna02.jpg?resize=300%2C167&amp;ssl=1 300w, https:\/\/i0.wp.com\/cdnoticias.com\/wp-content\/uploads\/2021\/08\/conferencia-vacuna02.jpg?resize=768%2C428&amp;ssl=1 768w\" sizes=\"auto, (max-width: 800px) 100vw, 800px\" \/><\/p>\n<p>&nbsp;<\/p>\n<p>Apunt\u00f3 a la <strong>situaci\u00f3n de toda la Regi\u00f3n IX,<\/strong> \u201cpudimos sostener los hospitales sin que colapsen, hubo un momento donde tuvimos que hacer derivaci\u00f3n, pero lo pudimos sobrellevar\u201d evalu\u00f3. En el pico de la segunda ola, a nivel regional se registraron 3.150 casos diarios y actualmente el promedio diario de contagios alcanza a 420. <strong>La baja \u201cse dio en forma simult\u00e1nea con el ritmo acelerado de la vacunaci\u00f3n\u201d<\/strong> expres\u00f3.<\/p>\n<p>&nbsp;<\/p>\n<p><strong>Alcance total<\/strong><\/p>\n<p>&nbsp;<\/p>\n<blockquote><p>Natalia \u00c1lvarez enfatiz\u00f3 que \u201cno tiene que quedar nadie sin darse la primera dosis a esta altura de la campa\u00f1a\u201d.<\/p><\/blockquote>\n<p>&nbsp;<\/p>\n<p>Record\u00f3 que <strong>funcionan cuatro sedes<\/strong> desde las 8 a las 18 en el STM 2, Mutual Carlos Moreno (de 9 a 16), Centro Cultural Universitario y Facultad de Salud. Las primeras dosis se aplican sin turno y las segundas, con turno.<\/p>\n<p><img data-recalc-dims=\"1\" loading=\"lazy\" decoding=\"async\" class=\"size-large wp-image-30724 aligncenter\" src=\"https:\/\/i0.wp.com\/cdnoticias.com\/wp-content\/uploads\/2021\/08\/sanitaria-3.jpg?resize=800%2C445&#038;ssl=1\" alt=\"\" width=\"800\" height=\"445\" srcset=\"https:\/\/i0.wp.com\/cdnoticias.com\/wp-content\/uploads\/2021\/08\/sanitaria-3.jpg?resize=1024%2C570&amp;ssl=1 1024w, https:\/\/i0.wp.com\/cdnoticias.com\/wp-content\/uploads\/2021\/08\/sanitaria-3.jpg?resize=300%2C167&amp;ssl=1 300w, https:\/\/i0.wp.com\/cdnoticias.com\/wp-content\/uploads\/2021\/08\/sanitaria-3.jpg?resize=768%2C427&amp;ssl=1 768w, https:\/\/i0.wp.com\/cdnoticias.com\/wp-content\/uploads\/2021\/08\/sanitaria-3.jpg?resize=800%2C445&amp;ssl=1 800w, https:\/\/i0.wp.com\/cdnoticias.com\/wp-content\/uploads\/2021\/08\/sanitaria-3.jpg?w=1600&amp;ssl=1 1600w, https:\/\/i0.wp.com\/cdnoticias.com\/wp-content\/uploads\/2021\/08\/sanitaria-3.jpg?w=2400&amp;ssl=1 2400w\" sizes=\"auto, (max-width: 800px) 100vw, 800px\" \/><\/p>\n<p>&nbsp;<\/p>\n<p>Por otro lado, la psic\u00f3loga se refiri\u00f3 a la <strong>entrega de carnets de vacunaci\u00f3n.<\/strong> \u201cUna vez que tienen la segunda dosis, 15 a 20 d\u00edas despu\u00e9s pueden pasar por la posta de vacunaci\u00f3n donde se dieron la primera dosis y el carnet seguramente est\u00e9 disponible. Para hacer un trabajo organizado necesitamos que vayan con el carnet de la primera dosis y el DNI\u201d explic\u00f3.\u00a0Quienes se aplicaron la primera dosis en el Hospital de Oncolog\u00eda deben dirigirse al Centro Cultural Universitario.<\/p>\n<p>&nbsp;<\/p>\n<p>Este carnet y constancia de vacunaci\u00f3n tambi\u00e9n est\u00e1 disponible de forma online<strong> en la app \u201cMi Argentina\u201d<\/strong>.<\/p>\n<p>&nbsp;<\/p>\n<blockquote><p>Consultada sobre la aceptaci\u00f3n de las vacunas combinadas, \u00c1lvarez indic\u00f3 que \u201cla gente decide vacunarse con combinada, entiende la seguridad de un estudio que tiene que ver con una cuesti\u00f3n cient\u00edfica, y va y se vacuna. Los porcentajes de ausentismo son bastante bajos para la vacunaci\u00f3n\u201d.<\/p><\/blockquote>\n<p>&nbsp;<\/p>\n<p>Por \u00faltimo, Borzi inform\u00f3 que es sostenido el arribo de vacunas de Olavarr\u00eda. \u201c<strong>Entre ayer y hoy llegaron 1.200 vacunas, Astrazeneca<\/strong>, que se aplican tambi\u00e9n para completar esquemas de Sputnik. Tenemos el stock habitual\u201d.<\/p>\n<p><img data-recalc-dims=\"1\" loading=\"lazy\" decoding=\"async\" class=\"size-full wp-image-30716 aligncenter\" src=\"https:\/\/i0.wp.com\/cdnoticias.com\/wp-content\/uploads\/2021\/08\/conferencia-vacuna03.jpg?resize=800%2C444&#038;ssl=1\" alt=\"\" width=\"800\" height=\"444\" srcset=\"https:\/\/i0.wp.com\/cdnoticias.com\/wp-content\/uploads\/2021\/08\/conferencia-vacuna03.jpg?w=800&amp;ssl=1 800w, https:\/\/i0.wp.com\/cdnoticias.com\/wp-content\/uploads\/2021\/08\/conferencia-vacuna03.jpg?resize=300%2C167&amp;ssl=1 300w, https:\/\/i0.wp.com\/cdnoticias.com\/wp-content\/uploads\/2021\/08\/conferencia-vacuna03.jpg?resize=768%2C426&amp;ssl=1 768w\" sizes=\"auto, (max-width: 800px) 100vw, 800px\" \/><\/p>\n","protected":false},"excerpt":{"rendered":"<p>El director de la Regi\u00f3n Sanitaria IX expuso el balance de la segunda ola de contagios de Covid. De los<\/p>\n","protected":false},"author":4,"featured_media":30717,"comment_status":"closed","ping_status":"closed","sticky":false,"template":"","format":"standard","meta":{"_jetpack_memberships_contains_paid_content":false,"footnotes":""},"categories":[5,1],"tags":[],"class_list":["post-30735","post","type-post","status-publish","format-standard","has-post-thumbnail","hentry","category-informacion-general","category-portada"],"jetpack_featured_media_url":"https:\/\/i0.wp.com\/cdnoticias.com\/wp-content\/uploads\/2021\/08\/conferencia-vacuna00.jpg?fit=800%2C444&ssl=1","jetpack_sharing_enabled":true,"_links":{"self":[{"href":"https:\/\/cdnoticias.com\/index.php\/wp-json\/wp\/v2\/posts\/30735","targetHints":{"allow":["GET"]}}],"collection":[{"href":"https:\/\/cdnoticias.com\/index.php\/wp-json\/wp\/v2\/posts"}],"about":[{"href":"https:\/\/cdnoticias.com\/index.php\/wp-json\/wp\/v2\/types\/post"}],"author":[{"embeddable":true,"href":"https:\/\/cdnoticias.com\/index.php\/wp-json\/wp\/v2\/users\/4"}],"replies":[{"embeddable":true,"href":"https:\/\/cdnoticias.com\/index.php\/wp-json\/wp\/v2\/comments?post=30735"}],"version-history":[{"count":0,"href":"https:\/\/cdnoticias.com\/index.php\/wp-json\/wp\/v2\/posts\/30735\/revisions"}],"wp:featuredmedia":[{"embeddable":true,"href":"https:\/\/cdnoticias.com\/index.php\/wp-json\/wp\/v2\/media\/30717"}],"wp:attachment":[{"href":"https:\/\/cdnoticias.com\/index.php\/wp-json\/wp\/v2\/media?parent=30735"}],"wp:term":[{"taxonomy":"category","embeddable":true,"href":"https:\/\/cdnoticias.com\/index.php\/wp-json\/wp\/v2\/categories?post=30735"},{"taxonomy":"post_tag","embeddable":true,"href":"https:\/\/cdnoticias.com\/index.php\/wp-json\/wp\/v2\/tags?post=30735"}],"curies":[{"name":"wp","href":"https:\/\/api.w.org\/{rel}","templated":true}]}}