{"id":30693,"date":"2021-08-24T19:58:55","date_gmt":"2021-08-24T22:58:55","guid":{"rendered":"http:\/\/www.centraldenoticias.com.ar\/?p=30693"},"modified":"2021-08-24T19:58:55","modified_gmt":"2021-08-24T22:58:55","slug":"vacunacion-contra-el-covid-este-martes-se-aplicaron-mas-de-400-dosis","status":"publish","type":"post","link":"https:\/\/cdnoticias.com\/index.php\/2021\/08\/24\/vacunacion-contra-el-covid-este-martes-se-aplicaron-mas-de-400-dosis\/","title":{"rendered":"Vacunaci\u00f3n contra el Covid: este martes se aplicaron m\u00e1s de 400 dosis"},"content":{"rendered":"<p>Adem\u00e1s, en el centro de testeos que funciona en el Club El Fort\u00edn, se realizaron 48 hisopados de los cuales 8 resultaron positivos.<!--more--><\/p>\n<hr \/>\n<p>Desde Regi\u00f3n Sanitaria IX se inform\u00f3 que durante este martes <strong>se aplicaron 490 vacunas contra el Covid-19,<\/strong> distribuidas de la siguiente manera: en el<strong> Centro Cultural Universitario<\/strong> se vacunaron 60 personas, de las cuales 12 pertenecen a segundo componente y 48 a primeras dosis, en la <strong>Facultad de Ciencias de la Salud<\/strong> se inocularon 100 vecinas y vecinos, de las cuales 76 corresponden a primeras dosis y 24 con segundo componente, en la<strong> Mutual Carlos Alberto Moreno de Suteba<\/strong> se vacunaron 117 personas con segundas dosis, y en el <strong>Servicio Territorial N\u00b02<\/strong> se aplicaron 213 vacunas, de las cuales 71 corresponden a primeras dosis (43 menores de 18 a\u00f1os) y 142 a segundo componente.<\/p>\n<p>&nbsp;<\/p>\n<p>En cuanto a las actividades preventivas que se realizan en el Centro Provincial de Testeos que funciona en las instalaciones del Club El Fort\u00edn (Urquiza 2980), de lunes a viernes de 8 a 12 hs, durante la jornada\u00a0<strong>se realizaron 48 hisopados, de los cuales 8 resultaron positivos.<\/strong><\/p>\n<p>&nbsp;<\/p>\n<p>Con respecto a las <strong>aplicaciones de segundas dosis,<\/strong> se recuerda que es \u00fanicamente por turnos, por lo que se le pide a los vecinos y vecinas que est\u00e9n atentos a las notificaciones que se env\u00edan desde el Ministerio de Salud provincial.<\/p>\n<p>&nbsp;<\/p>\n<p>A la par, contin\u00faa la<strong> inscripci\u00f3n a menores de 12 a 17 a\u00f1os<\/strong> a trav\u00e9s del sitio web <a href=\"https:\/\/vacunatepba.gba.gob.ar\/\" target=\"_blank\" rel=\"noopener\">www.vacunatepba.gba.gob.ar<\/a> para obtener el turno correspondiente y recibir la primera dosis, priorizando a quienes pertenecen a grupos de riesgo.<\/p>\n<p>&nbsp;<\/p>\n<p>Adem\u00e1s, sigue desarroll\u00e1ndose la <strong>vacunaci\u00f3n libre para mayores de 18 a\u00f1os<\/strong> que acrediten domicilio en la localidad present\u00e1ndose con su DNI en cualquiera de las postas de vacunaci\u00f3n.<\/p>\n","protected":false},"excerpt":{"rendered":"<p>Adem\u00e1s, en el centro de testeos que funciona en el Club El Fort\u00edn, se realizaron 48 hisopados de los cuales<\/p>\n","protected":false},"author":5,"featured_media":25801,"comment_status":"closed","ping_status":"closed","sticky":false,"template":"","format":"standard","meta":{"_jetpack_memberships_contains_paid_content":false,"footnotes":""},"categories":[16,1],"tags":[],"class_list":["post-30693","post","type-post","status-publish","format-standard","has-post-thumbnail","hentry","category-covid-19","category-portada"],"jetpack_featured_media_url":"https:\/\/i0.wp.com\/cdnoticias.com\/wp-content\/uploads\/2021\/07\/vacunacion-14.jpg?fit=4608%2C3072&ssl=1","jetpack_sharing_enabled":true,"_links":{"self":[{"href":"https:\/\/cdnoticias.com\/index.php\/wp-json\/wp\/v2\/posts\/30693","targetHints":{"allow":["GET"]}}],"collection":[{"href":"https:\/\/cdnoticias.com\/index.php\/wp-json\/wp\/v2\/posts"}],"about":[{"href":"https:\/\/cdnoticias.com\/index.php\/wp-json\/wp\/v2\/types\/post"}],"author":[{"embeddable":true,"href":"https:\/\/cdnoticias.com\/index.php\/wp-json\/wp\/v2\/users\/5"}],"replies":[{"embeddable":true,"href":"https:\/\/cdnoticias.com\/index.php\/wp-json\/wp\/v2\/comments?post=30693"}],"version-history":[{"count":0,"href":"https:\/\/cdnoticias.com\/index.php\/wp-json\/wp\/v2\/posts\/30693\/revisions"}],"wp:featuredmedia":[{"embeddable":true,"href":"https:\/\/cdnoticias.com\/index.php\/wp-json\/wp\/v2\/media\/25801"}],"wp:attachment":[{"href":"https:\/\/cdnoticias.com\/index.php\/wp-json\/wp\/v2\/media?parent=30693"}],"wp:term":[{"taxonomy":"category","embeddable":true,"href":"https:\/\/cdnoticias.com\/index.php\/wp-json\/wp\/v2\/categories?post=30693"},{"taxonomy":"post_tag","embeddable":true,"href":"https:\/\/cdnoticias.com\/index.php\/wp-json\/wp\/v2\/tags?post=30693"}],"curies":[{"name":"wp","href":"https:\/\/api.w.org\/{rel}","templated":true}]}}