{"id":30680,"date":"2021-08-25T08:35:33","date_gmt":"2021-08-25T11:35:33","guid":{"rendered":"http:\/\/www.centraldenoticias.com.ar\/?p=30680"},"modified":"2021-08-25T08:35:33","modified_gmt":"2021-08-25T11:35:33","slug":"desde-la-provincia-aclaran-que-los-boliches-por-ahora-siguen-cerrados","status":"publish","type":"post","link":"https:\/\/cdnoticias.com\/index.php\/2021\/08\/25\/desde-la-provincia-aclaran-que-los-boliches-por-ahora-siguen-cerrados\/","title":{"rendered":"Desde la Provincia aclaran que los boliches por ahora siguen cerrados"},"content":{"rendered":"<p>\u201cNo permitiremos ninguna actividad que implique aglomeraci\u00f3n de personas&#8221;, se\u00f1al\u00f3 Bianco, luego de que\u00a0se conociera que se permiten actividades en lugares cerrados.<\/p>\n<p><!--more--><\/p>\n<hr \/>\n<p>&nbsp;<\/p>\n<p>El <strong>jefe de Gabinete de la provincia de Buenos Aires, Carlos Bianco<\/strong>,<strong> aclar\u00f3 este martes que<\/strong> como parte de las restricciones sanitarias por la pandemia de coronavirus<strong> est\u00e1n suspendidas las actividades en los boliches bailables del distrito.<\/strong><\/p>\n<p>&nbsp;<\/p>\n<blockquote><p>\u201cNo est\u00e1n permitidas las actividades en los boliches del distrito. Algunos medios titularon que estaban permitidas las reuniones en esos locales y que los horarios se extend\u00edan hasta las 3 de la ma\u00f1ana. Esto no es as\u00ed. No permitiremos ninguna actividad que implique aglomeraci\u00f3n de personas\u201d, se\u00f1al\u00f3 Bianco durante una conferencia de prensa en La Plata.<\/p><\/blockquote>\n<p>&nbsp;<\/p>\n<p>En ese sentido, <strong>el funcionario apunt\u00f3 que el Ejecutivo bonaerense \u201cno estir\u00f3 el horario de las actividades nocturnas, si no que les puso un l\u00edmite a bares y restaurantes\u201d.<\/strong><\/p>\n<p>&nbsp;<\/p>\n<p>Mientras <strong>el descenso de los casos en la provincia de Buenos Aires se acent\u00faa<\/strong> y la ca\u00edda acumula un 86% desde el pico de este a\u00f1o, el Gobierno horas atr\u00e1s habilit\u00f3 que se puedan realizan eventos masivos hasta 1.000 personas, inclusive en lugares cerrados. <strong>Esto fue lo que gener\u00f3 confusi\u00f3n en torno a la habilitaci\u00f3n de boliches, algo que por el momento no pasar\u00e1.<\/strong><\/p>\n<p>&nbsp;<\/p>\n<p><em>Fuente: DIB<\/em><\/p>\n<p>&nbsp;<\/p>\n","protected":false},"excerpt":{"rendered":"<p>\u201cNo permitiremos ninguna actividad que implique aglomeraci\u00f3n de personas&#8221;, se\u00f1al\u00f3 Bianco, luego de que\u00a0se conociera que se permiten actividades en<\/p>\n","protected":false},"author":6,"featured_media":30681,"comment_status":"closed","ping_status":"closed","sticky":false,"template":"","format":"standard","meta":{"_jetpack_memberships_contains_paid_content":false,"footnotes":""},"categories":[6,1],"tags":[],"class_list":["post-30680","post","type-post","status-publish","format-standard","has-post-thumbnail","hentry","category-nacionales","category-portada"],"jetpack_featured_media_url":"https:\/\/i0.wp.com\/cdnoticias.com\/wp-content\/uploads\/2021\/08\/boliche-scaled.jpg?fit=2560%2C1714&ssl=1","jetpack_sharing_enabled":true,"_links":{"self":[{"href":"https:\/\/cdnoticias.com\/index.php\/wp-json\/wp\/v2\/posts\/30680","targetHints":{"allow":["GET"]}}],"collection":[{"href":"https:\/\/cdnoticias.com\/index.php\/wp-json\/wp\/v2\/posts"}],"about":[{"href":"https:\/\/cdnoticias.com\/index.php\/wp-json\/wp\/v2\/types\/post"}],"author":[{"embeddable":true,"href":"https:\/\/cdnoticias.com\/index.php\/wp-json\/wp\/v2\/users\/6"}],"replies":[{"embeddable":true,"href":"https:\/\/cdnoticias.com\/index.php\/wp-json\/wp\/v2\/comments?post=30680"}],"version-history":[{"count":0,"href":"https:\/\/cdnoticias.com\/index.php\/wp-json\/wp\/v2\/posts\/30680\/revisions"}],"wp:featuredmedia":[{"embeddable":true,"href":"https:\/\/cdnoticias.com\/index.php\/wp-json\/wp\/v2\/media\/30681"}],"wp:attachment":[{"href":"https:\/\/cdnoticias.com\/index.php\/wp-json\/wp\/v2\/media?parent=30680"}],"wp:term":[{"taxonomy":"category","embeddable":true,"href":"https:\/\/cdnoticias.com\/index.php\/wp-json\/wp\/v2\/categories?post=30680"},{"taxonomy":"post_tag","embeddable":true,"href":"https:\/\/cdnoticias.com\/index.php\/wp-json\/wp\/v2\/tags?post=30680"}],"curies":[{"name":"wp","href":"https:\/\/api.w.org\/{rel}","templated":true}]}}