{"id":30677,"date":"2021-08-24T18:20:06","date_gmt":"2021-08-24T21:20:06","guid":{"rendered":"http:\/\/www.centraldenoticias.com.ar\/?p=30677"},"modified":"2021-08-24T19:32:15","modified_gmt":"2021-08-24T22:32:15","slug":"beatles-sinfonico-a-beneficio-del-cfp-n401","status":"publish","type":"post","link":"https:\/\/cdnoticias.com\/index.php\/2021\/08\/24\/beatles-sinfonico-a-beneficio-del-cfp-n401\/","title":{"rendered":"\u201cBeatles Sinf\u00f3nico\u201d a beneficio del CFP N\u00b0401"},"content":{"rendered":"<p>El mismo ser\u00e1 el pr\u00f3ximo 5 de septiembre a las 20:30 en el Teatro Municipal.\u00a0En esta ocasi\u00f3n, ser\u00e1 a beneficio del Centro de Formaci\u00f3n Profesional N\u00b0401.<\/p>\n<p><!--more--><\/p>\n<hr \/>\n<p>&nbsp;<\/p>\n<p>El pr\u00f3ximo <strong>domingo 5 de septiembre a las 20:30<\/strong> se realizar\u00e1\u00a0un nuevo concierto del <strong>ciclo Cl\u00e1sica y Solidaria<\/strong>, <strong>a cargo de la Orquesta Sinf\u00f3nica Municipal \u201cMtro. Mario Patan\u00e9\u201d en el Teatro Municipal.<\/strong> En esta ocasi\u00f3n, <strong>ser\u00e1 a beneficio del Centro de Formaci\u00f3n Profesional N\u00b0401.<\/strong><\/p>\n<p>&nbsp;<\/p>\n<p>Esta vez, <strong>realizar\u00e1n un concierto denominado &#8220;Beatles Sinf\u00f3nico&#8221;<\/strong>\u00a0<strong>que tendr\u00e1 como repertorio a la cl\u00e1sica y famosa banda The Beatles<\/strong>.\u00a0<strong>Contar\u00e1 con la participaci\u00f3n del grupo \u201cFive O\u00b4Clock\u201d<\/strong>, integrado por: <strong>\u201cTito\u201d Catani<\/strong> (guitarra 1 y voz), <strong>Elvio Digiani<\/strong> (guitarra 2), <strong>Daniel Rodr\u00edguez<\/strong> (bajo y voz), <strong>Roberto Rosell\u00f3<\/strong> (bater\u00eda y voz) y <strong>Federico S\u00e1nchez<\/strong> (piano). Adem\u00e1s, <strong>en los arreglos orquestales, Daniel Rodr\u00edguez, Direcci\u00f3n: Mtro. Diego Lurbe.<\/strong><\/p>\n<p>&nbsp;<\/p>\n<p><strong>La entrada tiene un valor general de $300. Para estudiantes de m\u00fasica el precio ser\u00e1 de $200. Las entradas pueden adquirirse en la boleter\u00eda del teatro, de martes a viernes de 08:00 a 12:00.<\/strong><\/p>\n<p>&nbsp;<\/p>\n<p>&nbsp;<\/p>\n<p>&nbsp;<\/p>\n<p>&nbsp;<\/p>\n","protected":false},"excerpt":{"rendered":"<p>El mismo ser\u00e1 el pr\u00f3ximo 5 de septiembre a las 20:30 en el Teatro Municipal.\u00a0En esta ocasi\u00f3n, ser\u00e1 a beneficio<\/p>\n","protected":false},"author":6,"featured_media":30678,"comment_status":"closed","ping_status":"closed","sticky":false,"template":"","format":"standard","meta":{"_jetpack_memberships_contains_paid_content":false,"footnotes":""},"categories":[9],"tags":[],"class_list":["post-30677","post","type-post","status-publish","format-standard","has-post-thumbnail","hentry","category-cultura"],"jetpack_featured_media_url":"https:\/\/i0.wp.com\/cdnoticias.com\/wp-content\/uploads\/2021\/08\/Cultura-Sinf%C3%B3nica-1024x510.jpg?fit=1024%2C510&ssl=1","jetpack_sharing_enabled":true,"_links":{"self":[{"href":"https:\/\/cdnoticias.com\/index.php\/wp-json\/wp\/v2\/posts\/30677","targetHints":{"allow":["GET"]}}],"collection":[{"href":"https:\/\/cdnoticias.com\/index.php\/wp-json\/wp\/v2\/posts"}],"about":[{"href":"https:\/\/cdnoticias.com\/index.php\/wp-json\/wp\/v2\/types\/post"}],"author":[{"embeddable":true,"href":"https:\/\/cdnoticias.com\/index.php\/wp-json\/wp\/v2\/users\/6"}],"replies":[{"embeddable":true,"href":"https:\/\/cdnoticias.com\/index.php\/wp-json\/wp\/v2\/comments?post=30677"}],"version-history":[{"count":0,"href":"https:\/\/cdnoticias.com\/index.php\/wp-json\/wp\/v2\/posts\/30677\/revisions"}],"wp:featuredmedia":[{"embeddable":true,"href":"https:\/\/cdnoticias.com\/index.php\/wp-json\/wp\/v2\/media\/30678"}],"wp:attachment":[{"href":"https:\/\/cdnoticias.com\/index.php\/wp-json\/wp\/v2\/media?parent=30677"}],"wp:term":[{"taxonomy":"category","embeddable":true,"href":"https:\/\/cdnoticias.com\/index.php\/wp-json\/wp\/v2\/categories?post=30677"},{"taxonomy":"post_tag","embeddable":true,"href":"https:\/\/cdnoticias.com\/index.php\/wp-json\/wp\/v2\/tags?post=30677"}],"curies":[{"name":"wp","href":"https:\/\/api.w.org\/{rel}","templated":true}]}}