{"id":30655,"date":"2021-08-24T15:55:46","date_gmt":"2021-08-24T18:55:46","guid":{"rendered":"http:\/\/www.centraldenoticias.com.ar\/?p=30655"},"modified":"2021-08-24T15:55:46","modified_gmt":"2021-08-24T18:55:46","slug":"camuzzi-presenta-la-segunda-temporada-de-historias-que-conectan","status":"publish","type":"post","link":"https:\/\/cdnoticias.com\/index.php\/2021\/08\/24\/camuzzi-presenta-la-segunda-temporada-de-historias-que-conectan\/","title":{"rendered":"Camuzzi presenta la segunda temporada de \u201cHistorias que conectan\u201d"},"content":{"rendered":"<p>El ciclo cuenta con la narraci\u00f3n del reconocido historiador Daniel Balmaceda. El pr\u00f3ximo cap\u00edtulo se emitir\u00e1 el 26 de agosto a las 18:00 por Facebook y abordar\u00e1 la historia de Juan Manuel Fangio.<!--more--><\/p>\n<hr \/>\n<p>Tras el \u00e9xito de la primera edici\u00f3n de \u201cHistorias que conectan\u201d, Camuzzi relanzar\u00e1 en su perfil de Facebook, un nuevo ciclo. Ser\u00e1 a partir del <strong>jueves 26 de agosto a las 18:00.<\/strong><\/p>\n<p>&nbsp;<\/p>\n<p>Se trata de la miniserie <strong>protagonizada por Daniel Balmaceda<\/strong> que rememora <strong>sucesos que marcaron a las distintas ciudades en donde opera la empresa.<\/strong><\/p>\n<p>&nbsp;<\/p>\n<p>Durante la primera temporada, Balmaceda narr\u00f3 historias in\u00e9ditas sobre <strong>Azul, R\u00edo Gallegos, Mar del Plata, Chascom\u00fas, Bariloche, Santa Rosa, Comodoro Rivadavia, Bah\u00eda Blanca, Neuqu\u00e9n y Ushuaia.<\/strong><\/p>\n<p>&nbsp;<\/p>\n<p>A trav\u00e9s de un contenido y producci\u00f3n original, la propuesta permiti\u00f3 que<strong> m\u00e1s de 300.000 usuarios se sumergieran en los detalles m\u00e1s desconocidos de cada una de estas ciudades<\/strong>, generando un notorio inter\u00e9s durante las 10 semanas de transmisi\u00f3n.<\/p>\n<p>&nbsp;<\/p>\n<p>En este sentido,<strong> Rodrigo Espinosa, Gerente de Relaciones Institucionales de Camuzzi<\/strong>, expres\u00f3<em> \u201cHistorias que Conectan super\u00f3 nuestras expectativas, y tuvo una gran aprobaci\u00f3n por parte del p\u00fablico. Gracias a esta respuesta, decidimos llevar adelante la segunda temporada, para continuar difundiendo las distintas historias de las ciudades donde operamos, y que conectan a los argentinos con la identidad de cada una\u201d.<\/em><\/p>\n<p>&nbsp;<\/p>\n<p><strong>La segunda temporada tendr\u00e1 8 cap\u00edtulos.<\/strong> Comenzar\u00e1 con <strong>Balcarce y la historia de uno de los pilotos de automovilismo m\u00e1s destacados a nivel mundial, Juan Manuel Fangio.<\/strong> A trav\u00e9s de un breve recorrido por sucesos poco conocidos sobre su familia y vida profesional, Balmaceda relatar\u00e1 c\u00f3mo el piloto logr\u00f3 posicionarse como uno de los mejores del mundo, y el impacto que su ciudad tuvo en ello.<\/p>\n<p>&nbsp;<\/p>\n<p>A Balcarce le seguir\u00e1n episodios sobre<strong> Necochea, La Plata, Tandil, Trelew, Trenque Lauquen y Viedma<\/strong>, los cuales se transmitir\u00e1n todos los jueves a las 18 horas en el perfil de <a href=\"https:\/\/www.facebook.com\/camuzzigas\" target=\"_blank\" rel=\"noopener\">Facebook de Camuzzi.<\/a><\/p>\n","protected":false},"excerpt":{"rendered":"<p>El ciclo cuenta con la narraci\u00f3n del reconocido historiador Daniel Balmaceda. El pr\u00f3ximo cap\u00edtulo se emitir\u00e1 el 26 de agosto<\/p>\n","protected":false},"author":5,"featured_media":0,"comment_status":"closed","ping_status":"closed","sticky":false,"template":"","format":"standard","meta":{"_jetpack_memberships_contains_paid_content":false,"footnotes":""},"categories":[5,1],"tags":[],"class_list":["post-30655","post","type-post","status-publish","format-standard","hentry","category-informacion-general","category-portada"],"jetpack_featured_media_url":"","jetpack_sharing_enabled":true,"_links":{"self":[{"href":"https:\/\/cdnoticias.com\/index.php\/wp-json\/wp\/v2\/posts\/30655","targetHints":{"allow":["GET"]}}],"collection":[{"href":"https:\/\/cdnoticias.com\/index.php\/wp-json\/wp\/v2\/posts"}],"about":[{"href":"https:\/\/cdnoticias.com\/index.php\/wp-json\/wp\/v2\/types\/post"}],"author":[{"embeddable":true,"href":"https:\/\/cdnoticias.com\/index.php\/wp-json\/wp\/v2\/users\/5"}],"replies":[{"embeddable":true,"href":"https:\/\/cdnoticias.com\/index.php\/wp-json\/wp\/v2\/comments?post=30655"}],"version-history":[{"count":0,"href":"https:\/\/cdnoticias.com\/index.php\/wp-json\/wp\/v2\/posts\/30655\/revisions"}],"wp:attachment":[{"href":"https:\/\/cdnoticias.com\/index.php\/wp-json\/wp\/v2\/media?parent=30655"}],"wp:term":[{"taxonomy":"category","embeddable":true,"href":"https:\/\/cdnoticias.com\/index.php\/wp-json\/wp\/v2\/categories?post=30655"},{"taxonomy":"post_tag","embeddable":true,"href":"https:\/\/cdnoticias.com\/index.php\/wp-json\/wp\/v2\/tags?post=30655"}],"curies":[{"name":"wp","href":"https:\/\/api.w.org\/{rel}","templated":true}]}}