{"id":30650,"date":"2021-08-24T13:19:55","date_gmt":"2021-08-24T16:19:55","guid":{"rendered":"http:\/\/www.centraldenoticias.com.ar\/?p=30650"},"modified":"2021-08-24T13:19:55","modified_gmt":"2021-08-24T16:19:55","slug":"kicillof-propuso-ampliar-la-presencialidad-cuidada-en-las-escuelas","status":"publish","type":"post","link":"https:\/\/cdnoticias.com\/index.php\/2021\/08\/24\/kicillof-propuso-ampliar-la-presencialidad-cuidada-en-las-escuelas\/","title":{"rendered":"Kicillof propuso ampliar la \u201cpresencialidad cuidada\u201d en las escuelas"},"content":{"rendered":"<p>La Provincia elevar\u00e1 la propuesta al Consejo Federal de Educaci\u00f3n a partir de la ca\u00edda de los casos y el avance del plan de vacunaci\u00f3n. Los contagiosos en ni\u00f1os y adolescentes.<!--more--><\/p>\n<hr \/>\n<p><strong>\u201cA partir de la ca\u00edda de los casos y el \u00e9xito de la campa\u00f1a de vacunaci\u00f3n, la Provincia va a sugerir cambios ante el Consejo Federal de Educaci\u00f3n para ampliar la presencialidad en las escuelas\u201d<\/strong>, asegur\u00f3 este jueves el gobernador <strong>Axel Kicillof<\/strong> al encabezar una <a href=\"https:\/\/cdnoticias.com\/index.php\/2021\/08\/24\/variante-delta-la-transmision-comunitaria-empieza-a-darse-en-la-provincia\/\" target=\"_blank\" rel=\"noopener\">conferencia de prensa sobre la situaci\u00f3n epidemiol\u00f3gica<\/a>. Fue en el Sal\u00f3n Dorado de la Casa de Gobierno junto al<strong> jefe de Gabinete, Carlos Bianco<\/strong>, y el <strong>ministro de Salud, Nicol\u00e1s Kreplak<\/strong>.<\/p>\n<p>&nbsp;<\/p>\n<blockquote><p>En ese marco, Kicillof destac\u00f3 que \u201cdebemos sostener pautas de cuidado en materia de ventilaci\u00f3n, higiene personal, utilizaci\u00f3n de tapabocas y distanciamiento dentro de las aulas\u201d.<\/p><\/blockquote>\n<p>&nbsp;<\/p>\n<p><img data-recalc-dims=\"1\" loading=\"lazy\" decoding=\"async\" class=\"size-full wp-image-30651 aligncenter\" src=\"https:\/\/i0.wp.com\/cdnoticias.com\/wp-content\/uploads\/2021\/08\/conferencia-covidA.jpg?resize=800%2C445&#038;ssl=1\" alt=\"\" width=\"800\" height=\"445\" srcset=\"https:\/\/i0.wp.com\/cdnoticias.com\/wp-content\/uploads\/2021\/08\/conferencia-covidA.jpg?w=800&amp;ssl=1 800w, https:\/\/i0.wp.com\/cdnoticias.com\/wp-content\/uploads\/2021\/08\/conferencia-covidA.jpg?resize=300%2C167&amp;ssl=1 300w, https:\/\/i0.wp.com\/cdnoticias.com\/wp-content\/uploads\/2021\/08\/conferencia-covidA.jpg?resize=768%2C427&amp;ssl=1 768w\" sizes=\"auto, (max-width: 800px) 100vw, 800px\" \/><\/p>\n<p>&nbsp;<\/p>\n<p>\u201cLos chicos y las chicas se contagian y transmiten el virus, y esto sucede tambi\u00e9n en los establecimientos educativos. <strong>Nuestro objetivo es alcanzar la mayor presencialidad posible sin poner en riesgo a los y las estudiantes<\/strong>\u201d, afirm\u00f3 el Gobernador, al tiempo que subray\u00f3 que \u201cla Provincia plantear\u00e1 las modificaciones en el marco del <strong>Consejo Federal de Educaci\u00f3n<\/strong>, donde trabajamos de manera colectiva con la Naci\u00f3n y el resto de las jurisdicciones\u201d.<\/p>\n<p>&nbsp;<\/p>\n<p>Respecto a la situaci\u00f3n epidemiol\u00f3gica, Kreplak enfatiz\u00f3 que \u201c<strong>llevamos 13 semanas consecutivas de ca\u00edda de los contagios<\/strong>, en tanto que en las \u00faltimas dos semanas se ha acelerado la velocidad de descenso de los casos\u201d.<\/p>\n<p>&nbsp;<\/p>\n<p><img data-recalc-dims=\"1\" loading=\"lazy\" decoding=\"async\" class=\"size-full wp-image-30652 aligncenter\" src=\"https:\/\/i0.wp.com\/cdnoticias.com\/wp-content\/uploads\/2021\/08\/conferencia-covid-contagios-escuelas.jpg?resize=800%2C445&#038;ssl=1\" alt=\"\" width=\"800\" height=\"445\" srcset=\"https:\/\/i0.wp.com\/cdnoticias.com\/wp-content\/uploads\/2021\/08\/conferencia-covid-contagios-escuelas.jpg?w=800&amp;ssl=1 800w, https:\/\/i0.wp.com\/cdnoticias.com\/wp-content\/uploads\/2021\/08\/conferencia-covid-contagios-escuelas.jpg?resize=300%2C167&amp;ssl=1 300w, https:\/\/i0.wp.com\/cdnoticias.com\/wp-content\/uploads\/2021\/08\/conferencia-covid-contagios-escuelas.jpg?resize=768%2C427&amp;ssl=1 768w\" sizes=\"auto, (max-width: 800px) 100vw, 800px\" \/><\/p>\n<p>&nbsp;<\/p>\n<p><strong>El ministro dio detalles del an\u00e1lisis de la evoluci\u00f3n de los contagios en ni\u00f1os y adolescentes de 0 a 18 a\u00f1os<\/strong> en funci\u00f3n de los cambios en la escolaridad que prev\u00e9 la administraci\u00f3n provincia. Ofreci\u00f3 datos comparados de CABA, el AMBA y el resto de la provincia. Indic\u00f3 que, como se esperaba, los casos bajaron cuando se inici\u00f3 el receso escolar de invierno <strong>\u201cy vemos que cuando se recupera la presencialidad escolar aumenta la cantidad de contagiados\u201d<\/strong>. Kreplak enfatiz\u00f3 \u201cla importancia que le damos a la ventilaci\u00f3n, al distanciamiento, los protocolos. Nos preocupa trabajar la presencialidad de la mejor manera\u201d.<\/p>\n<p>&nbsp;<\/p>\n<p>Por su parte, Bianco se\u00f1al\u00f3 que <strong>el sistema mixto de aislamiento<\/strong> para quienes hayan viajado al exterior luego del 1 de julio se mantendr\u00e1 durante el mes de septiembre. \u201cHan regresado 7.307 de los 26.052 bonaerenses que salieron del pa\u00eds luego del 1 de julio y la inmensa mayor\u00eda cumpli\u00f3 con la normativa. <strong>Hay un 7% que se ha comportado de manera irresponsable<\/strong> a pesar de haber firmado una declaraci\u00f3n jurada en la que se compromet\u00edan a aislarse los primeros cuatro d\u00edas en uno de los 125 hoteles habilitados en 45 municipios\u201d, dijo.<\/p>\n","protected":false},"excerpt":{"rendered":"<p>La Provincia elevar\u00e1 la propuesta al Consejo Federal de Educaci\u00f3n a partir de la ca\u00edda de los casos y el<\/p>\n","protected":false},"author":4,"featured_media":30653,"comment_status":"closed","ping_status":"closed","sticky":false,"template":"","format":"standard","meta":{"_jetpack_memberships_contains_paid_content":false,"footnotes":""},"categories":[6,1],"tags":[],"class_list":["post-30650","post","type-post","status-publish","format-standard","has-post-thumbnail","hentry","category-nacionales","category-portada"],"jetpack_featured_media_url":"https:\/\/i0.wp.com\/cdnoticias.com\/wp-content\/uploads\/2021\/08\/conferencia-covid-kicillof-00.jpg?fit=800%2C445&ssl=1","jetpack_sharing_enabled":true,"_links":{"self":[{"href":"https:\/\/cdnoticias.com\/index.php\/wp-json\/wp\/v2\/posts\/30650","targetHints":{"allow":["GET"]}}],"collection":[{"href":"https:\/\/cdnoticias.com\/index.php\/wp-json\/wp\/v2\/posts"}],"about":[{"href":"https:\/\/cdnoticias.com\/index.php\/wp-json\/wp\/v2\/types\/post"}],"author":[{"embeddable":true,"href":"https:\/\/cdnoticias.com\/index.php\/wp-json\/wp\/v2\/users\/4"}],"replies":[{"embeddable":true,"href":"https:\/\/cdnoticias.com\/index.php\/wp-json\/wp\/v2\/comments?post=30650"}],"version-history":[{"count":0,"href":"https:\/\/cdnoticias.com\/index.php\/wp-json\/wp\/v2\/posts\/30650\/revisions"}],"wp:featuredmedia":[{"embeddable":true,"href":"https:\/\/cdnoticias.com\/index.php\/wp-json\/wp\/v2\/media\/30653"}],"wp:attachment":[{"href":"https:\/\/cdnoticias.com\/index.php\/wp-json\/wp\/v2\/media?parent=30650"}],"wp:term":[{"taxonomy":"category","embeddable":true,"href":"https:\/\/cdnoticias.com\/index.php\/wp-json\/wp\/v2\/categories?post=30650"},{"taxonomy":"post_tag","embeddable":true,"href":"https:\/\/cdnoticias.com\/index.php\/wp-json\/wp\/v2\/tags?post=30650"}],"curies":[{"name":"wp","href":"https:\/\/api.w.org\/{rel}","templated":true}]}}