{"id":3065,"date":"2020-10-02T19:33:51","date_gmt":"2020-10-02T22:33:51","guid":{"rendered":"http:\/\/www.centraldenoticias.com.ar\/?p=3065"},"modified":"2020-10-02T20:26:33","modified_gmt":"2020-10-02T23:26:33","slug":"se-registraron-45-nuevos-casos-y-se-estudia-el-nexo-del-20-de-los-positivos","status":"publish","type":"post","link":"https:\/\/cdnoticias.com\/index.php\/2020\/10\/02\/se-registraron-45-nuevos-casos-y-se-estudia-el-nexo-del-20-de-los-positivos\/","title":{"rendered":"Se registraron 45 nuevos casos y se estudia el nexo del 20% de los positivos"},"content":{"rendered":"<p>&nbsp;<\/p>\n<p>Los casos corresponden a personal del Servicio Penitenciario, de seguridad, a nexos con positivos anteriores y se estudia el nexo epidemiol\u00f3gico del 20% de los positivos de la jornada. Este viernes se produjeron dos fallecimientos.<!--more--><\/p>\n<hr \/>\n<p>En la jornada de este viernes <strong>se registraron 45 nuevos casos de Covid-19 en el partido de Olavarr\u00eda.<\/strong> En tanto, <strong>61 pacientes recibieron el alta m\u00e9dica<\/strong> y se descartaron 50 casos sospechosos.<\/p>\n<p>&nbsp;<\/p>\n<p>De esta forma, se indic\u00f3 que <strong>el total de pacientes activos es de 281.<\/strong> En el d\u00eda de la fecha se realizaron 95 testeos y m\u00e1s de cuatro mil ochocientos desde el comienzo de la pandemia.<\/p>\n<p>&nbsp;<\/p>\n<blockquote><p>La secretar\u00eda de Salud del Gobierno Municipal inform\u00f3 que los casos corresponden a personal del Servicio Penitenciario, de seguridad, a nexos con positivos anteriores y se estudia el nexo epidemiol\u00f3gico del 20% de los casos de hoy.<\/p><\/blockquote>\n<p>&nbsp;<\/p>\n<p>Recordemos que durante la jornada se inform\u00f3 el <strong>fallecimiento de dos pacientes:<\/strong> <a href=\"https:\/\/cdnoticias.com\/index.php\/2020\/10\/02\/otra-paciente-fallecio-este-viernes-y-el-numero-de-muertos-asciende-a-36\/\" target=\"_blank\" rel=\"noopener\">una mujer de 74 a\u00f1os<\/a> que estaba internada en la Unidad de Terapia Intensiva del Hospital Municipal, y <a href=\"https:\/\/cdnoticias.com\/index.php\/2020\/10\/02\/este-viernes-fallecio-un-paciente-con-covid-19\/\" target=\"_blank\" rel=\"noopener\">un hombre de 62 a\u00f1os<\/a> que estaba internado en una cl\u00ednica privada.<\/p>\n<p>&nbsp;<\/p>\n<p><img data-recalc-dims=\"1\" loading=\"lazy\" decoding=\"async\" class=\"alignnone size-large wp-image-3062\" src=\"https:\/\/i0.wp.com\/cdnoticias.com\/wp-content\/uploads\/2020\/10\/parte-1.jpg?resize=800%2C393&#038;ssl=1\" alt=\"\" width=\"800\" height=\"393\" srcset=\"https:\/\/i0.wp.com\/cdnoticias.com\/wp-content\/uploads\/2020\/10\/parte-1.jpg?resize=1024%2C503&amp;ssl=1 1024w, https:\/\/i0.wp.com\/cdnoticias.com\/wp-content\/uploads\/2020\/10\/parte-1.jpg?resize=300%2C147&amp;ssl=1 300w, https:\/\/i0.wp.com\/cdnoticias.com\/wp-content\/uploads\/2020\/10\/parte-1.jpg?resize=768%2C377&amp;ssl=1 768w, https:\/\/i0.wp.com\/cdnoticias.com\/wp-content\/uploads\/2020\/10\/parte-1.jpg?w=1194&amp;ssl=1 1194w\" sizes=\"auto, (max-width: 800px) 100vw, 800px\" \/><\/p>\n<p>&nbsp;<\/p>\n<p>Sobre el estado actual del Hospital, se\u00f1alaron que hay <strong>2 pacientes en Unidad de Terapia Intensiva y 22 en Cuidados Generales.<\/strong>\u00a0 No hay internados en el sector de Pediatr\u00eda y no hubo casos positivos en residencias de Adultos Mayores.<\/p>\n<p>&nbsp;<\/p>\n<p>En este sentido, desde la Secretar\u00eda de Salud Municipal aseguraron que <strong>el 90% de los casos positivos corresponden a personas con menos de 60 a\u00f1os y el 10% a mayores de 60 a\u00f1os.<\/strong><\/p>\n<p>&nbsp;<\/p>\n<p>Finalmente, desde la cartera de salud municipal informaron que <strong>este domingo 4 de octubre no se realizar\u00e1n tests de Covid-19 porque se llevar\u00e1n a cabo tareas de mantenimiento en el Laboratorio de Biolog\u00eda Molecular.<\/strong> Los trabajos ser\u00e1n de calibraci\u00f3n y mantenimiento, debido a su permanente uso.<\/p>\n","protected":false},"excerpt":{"rendered":"<p>&nbsp; Los casos corresponden a personal del Servicio Penitenciario, de seguridad, a nexos con positivos anteriores y se estudia el<\/p>\n","protected":false},"author":5,"featured_media":1091,"comment_status":"closed","ping_status":"closed","sticky":false,"template":"","format":"standard","meta":{"_jetpack_memberships_contains_paid_content":false,"footnotes":""},"categories":[5,1],"tags":[],"class_list":["post-3065","post","type-post","status-publish","format-standard","has-post-thumbnail","hentry","category-informacion-general","category-portada"],"jetpack_featured_media_url":"https:\/\/i0.wp.com\/cdnoticias.com\/wp-content\/uploads\/2020\/09\/HospitalMunicipal03.jpg?fit=4608%2C3072&ssl=1","jetpack_sharing_enabled":true,"_links":{"self":[{"href":"https:\/\/cdnoticias.com\/index.php\/wp-json\/wp\/v2\/posts\/3065","targetHints":{"allow":["GET"]}}],"collection":[{"href":"https:\/\/cdnoticias.com\/index.php\/wp-json\/wp\/v2\/posts"}],"about":[{"href":"https:\/\/cdnoticias.com\/index.php\/wp-json\/wp\/v2\/types\/post"}],"author":[{"embeddable":true,"href":"https:\/\/cdnoticias.com\/index.php\/wp-json\/wp\/v2\/users\/5"}],"replies":[{"embeddable":true,"href":"https:\/\/cdnoticias.com\/index.php\/wp-json\/wp\/v2\/comments?post=3065"}],"version-history":[{"count":0,"href":"https:\/\/cdnoticias.com\/index.php\/wp-json\/wp\/v2\/posts\/3065\/revisions"}],"wp:featuredmedia":[{"embeddable":true,"href":"https:\/\/cdnoticias.com\/index.php\/wp-json\/wp\/v2\/media\/1091"}],"wp:attachment":[{"href":"https:\/\/cdnoticias.com\/index.php\/wp-json\/wp\/v2\/media?parent=3065"}],"wp:term":[{"taxonomy":"category","embeddable":true,"href":"https:\/\/cdnoticias.com\/index.php\/wp-json\/wp\/v2\/categories?post=3065"},{"taxonomy":"post_tag","embeddable":true,"href":"https:\/\/cdnoticias.com\/index.php\/wp-json\/wp\/v2\/tags?post=3065"}],"curies":[{"name":"wp","href":"https:\/\/api.w.org\/{rel}","templated":true}]}}