{"id":30560,"date":"2021-08-24T08:31:14","date_gmt":"2021-08-24T11:31:14","guid":{"rendered":"http:\/\/www.centraldenoticias.com.ar\/?p=30560"},"modified":"2021-08-24T09:36:28","modified_gmt":"2021-08-24T12:36:28","slug":"habilitan-ocupacion-del-80-en-los-micros-de-larga-distancia","status":"publish","type":"post","link":"https:\/\/cdnoticias.com\/index.php\/2021\/08\/24\/habilitan-ocupacion-del-80-en-los-micros-de-larga-distancia\/","title":{"rendered":"Habilitan ocupaci\u00f3n del 80% en los micros de larga distancia"},"content":{"rendered":"<p>La medida fue definida por el ministerio de Transporte en relaci\u00f3n al avance del plan de vacunaci\u00f3n contra el coronavirus que se lleva a cabo en todo el pa\u00eds.<!--more--><\/p>\n<hr \/>\n<p>El <strong>Ministerio de Transporte<\/strong> aument\u00f3 la cantidad de personas que pueden viajar en los servicios de transporte de larga distancia, <strong>elevando la capacidad de ocupaci\u00f3n a un 80%<\/strong>, seg\u00fan la Resoluci\u00f3n 289\/2021, publicada este lunes en el Bolet\u00edn Oficial.<\/p>\n<p>&nbsp;<\/p>\n<p><em>\u201cLos veh\u00edculos afectados a la prestaci\u00f3n de servicios de transporte automotor interurbano de pasajeros que respondan a las caracter\u00edsticas t\u00e9cnicas de las categor\u00edas Com\u00fan, Com\u00fan con Aire y Semi Cama deber\u00e1n limitar su capacidad de ocupaci\u00f3n al ochenta por ciento (80%) de la cantidad de butacas disponibles para cada tipo de veh\u00edculo, no admiti\u00e9ndose en ning\u00fan caso pasajeros de pie\u201d<\/em>, se\u00f1al\u00f3 la resoluci\u00f3n que lleva la firma del titular de la cartera, Alexis Guerrera.<\/p>\n<p>&nbsp;<\/p>\n<p>Agreg\u00f3 que <em>\u201clas unidades afectadas a los servicios de transporte automotor interurbano de pasajeros correspondientes a las categor\u00edas <strong>Cama Ejecutivo y Cama Suite<\/strong>, podr\u00e1n tener plena ocupaci\u00f3n de sus butacas, no admiti\u00e9ndose en ning\u00fan caso pasajeros de pie\u201d<\/em>.<\/p>\n<p>&nbsp;<\/p>\n<p>Finalmente expres\u00f3 que<em> \u201cen el<strong> transporte ferroviario interurbano<\/strong> de pasajeros, deber\u00e1 limitarse la capacidad de ocupaci\u00f3n al ochenta por ciento (80%) por cada coche en servicio\u201d<\/em> y advierte que<em> \u201cen todos los casos deber\u00e1n extremarse las medidas para un mejor distanciamiento social en el interior de los veh\u00edculos\u201d.<\/em><\/p>\n<p>&nbsp;<\/p>\n<p>En los considerandos de la medida se hace menci\u00f3n al <em>\u201cinmenso trabajo de fortalecimiento del sistema de salud realizado desde marzo de 2020 y que contin\u00faa en la actualidad\u201d<\/em>, que <em>\u201cha generado mejores condiciones para la atenci\u00f3n de cada persona que lo ha requerido\u201d.<\/em><\/p>\n<p>&nbsp;<\/p>\n<p>Tambi\u00e9n indic\u00f3 que la medida tomada se basa en que se ha fortalecido <em>\u201cel sistema de salud\u201d<\/em> y pudo <em>\u201cdar respuesta\u201d,<\/em> sin saturarse y a que en la actualidad<strong> avanza el plan de vacunaci\u00f3n<\/strong> en las 24 jurisdicciones del pa\u00eds, con casi <em>\u201cel 80% de los mayores de 18 a\u00f1os con al menos 1 dosis de vacuna contra el coronavirus y m\u00e1s del 50% de los mayores de 60 a\u00f1os con 2 dosis de vacuna\u201d.<\/em><\/p>\n<p>&nbsp;<\/p>\n<p>Destac\u00f3 adem\u00e1s que <strong><em>\u201cla incidencia de casos dej\u00f3 de ser un indicador sensible de la situaci\u00f3n sanitaria\u201d<\/em><\/strong> y que la alarma epidemiol\u00f3gica y sanitaria estar\u00e1 dada por la ocupaci\u00f3n de camas totales de terapia intensiva cuando sea superior al 80%, y cuando la variaci\u00f3n porcentual del n\u00famero de pacientes internados en UTI por Covid-19 de los \u00faltimos 7 d\u00edas, respecto de los siete d\u00edas anteriores, sea superior al 20%.<\/p>\n<p>&nbsp;<\/p>\n<p>Fuente: (DIB) ACR<\/p>\n","protected":false},"excerpt":{"rendered":"<p>La medida fue definida por el ministerio de Transporte en relaci\u00f3n al avance del plan de vacunaci\u00f3n contra el coronavirus<\/p>\n","protected":false},"author":5,"featured_media":30562,"comment_status":"closed","ping_status":"closed","sticky":false,"template":"","format":"standard","meta":{"_jetpack_memberships_contains_paid_content":false,"footnotes":""},"categories":[6,1],"tags":[],"class_list":["post-30560","post","type-post","status-publish","format-standard","has-post-thumbnail","hentry","category-nacionales","category-portada"],"jetpack_featured_media_url":"https:\/\/i0.wp.com\/cdnoticias.com\/wp-content\/uploads\/2021\/08\/micros-larga-distancia-dib.jpg?fit=696%2C464&ssl=1","jetpack_sharing_enabled":true,"_links":{"self":[{"href":"https:\/\/cdnoticias.com\/index.php\/wp-json\/wp\/v2\/posts\/30560","targetHints":{"allow":["GET"]}}],"collection":[{"href":"https:\/\/cdnoticias.com\/index.php\/wp-json\/wp\/v2\/posts"}],"about":[{"href":"https:\/\/cdnoticias.com\/index.php\/wp-json\/wp\/v2\/types\/post"}],"author":[{"embeddable":true,"href":"https:\/\/cdnoticias.com\/index.php\/wp-json\/wp\/v2\/users\/5"}],"replies":[{"embeddable":true,"href":"https:\/\/cdnoticias.com\/index.php\/wp-json\/wp\/v2\/comments?post=30560"}],"version-history":[{"count":0,"href":"https:\/\/cdnoticias.com\/index.php\/wp-json\/wp\/v2\/posts\/30560\/revisions"}],"wp:featuredmedia":[{"embeddable":true,"href":"https:\/\/cdnoticias.com\/index.php\/wp-json\/wp\/v2\/media\/30562"}],"wp:attachment":[{"href":"https:\/\/cdnoticias.com\/index.php\/wp-json\/wp\/v2\/media?parent=30560"}],"wp:term":[{"taxonomy":"category","embeddable":true,"href":"https:\/\/cdnoticias.com\/index.php\/wp-json\/wp\/v2\/categories?post=30560"},{"taxonomy":"post_tag","embeddable":true,"href":"https:\/\/cdnoticias.com\/index.php\/wp-json\/wp\/v2\/tags?post=30560"}],"curies":[{"name":"wp","href":"https:\/\/api.w.org\/{rel}","templated":true}]}}