{"id":30539,"date":"2021-08-23T14:15:53","date_gmt":"2021-08-23T17:15:53","guid":{"rendered":"http:\/\/www.centraldenoticias.com.ar\/?p=30539"},"modified":"2021-08-24T08:32:21","modified_gmt":"2021-08-24T11:32:21","slug":"margarita-stolbizer-en-olavarria-no-vamos-a-encontrar-ninguna-novedad-que-no-sea-facundo-manes","status":"publish","type":"post","link":"https:\/\/cdnoticias.com\/index.php\/2021\/08\/23\/margarita-stolbizer-en-olavarria-no-vamos-a-encontrar-ninguna-novedad-que-no-sea-facundo-manes\/","title":{"rendered":"Margarita Stolbizer en Olavarr\u00eda: \u201cNo vamos a encontrar ninguna novedad que no sea Facundo Manes\u201d"},"content":{"rendered":"<p>La presidenta del GEN y precandidata a diputada nacional estuvo en Olavarr\u00eda. La Educaci\u00f3n, el desencanto con la pol\u00edtica, las fotos de Alberto y Carri\u00f3 y su pasado pol\u00edtico. El progresismo y la \u201cclase media con movilidad ascendente\u201d de Manes.\u00a0<!--more--><\/p>\n<hr \/>\n<p>Entre las decenas de visitas de dirigentes pol\u00edticos de varios sectores a nuestra ciudad, <strong>la presidenta del GEN y precandidata a diputada nacional por Dar el Paso, Margarita Stolbizer, estuvo en Olavarr\u00eda donde opin\u00f3 sobre varios temas de actualidad y present\u00f3 la propuesta encabezada por Facundo Manes.<\/strong><\/p>\n<p>&nbsp;<\/p>\n<p>Acompa\u00f1ado en todo momento de los precandidatos Alejandro Cellillo, Lorena Mandagar\u00e1n (senadores provinciales) y Bel\u00e9n Vergel, Sebasti\u00e1n Matrella y Gabriela D\u00edaz (concejales) Stolbizer visit\u00f3 la C\u00e1mara Empresaria en primera instancia donde mantuvo una reuni\u00f3n con mujeres emprendedoras para luego dialogar con los medios en el restaurante \u201cMunich\u201d.<\/p>\n<p>&nbsp;<\/p>\n<p><img data-recalc-dims=\"1\" loading=\"lazy\" decoding=\"async\" class=\"alignnone size-large wp-image-30531\" src=\"https:\/\/i0.wp.com\/cdnoticias.com\/wp-content\/uploads\/2021\/08\/stolbizer-3.jpg?resize=800%2C445&#038;ssl=1\" alt=\"\" width=\"800\" height=\"445\" srcset=\"https:\/\/i0.wp.com\/cdnoticias.com\/wp-content\/uploads\/2021\/08\/stolbizer-3.jpg?resize=1024%2C570&amp;ssl=1 1024w, https:\/\/i0.wp.com\/cdnoticias.com\/wp-content\/uploads\/2021\/08\/stolbizer-3.jpg?resize=300%2C167&amp;ssl=1 300w, https:\/\/i0.wp.com\/cdnoticias.com\/wp-content\/uploads\/2021\/08\/stolbizer-3.jpg?resize=768%2C427&amp;ssl=1 768w, https:\/\/i0.wp.com\/cdnoticias.com\/wp-content\/uploads\/2021\/08\/stolbizer-3.jpg?resize=800%2C445&amp;ssl=1 800w, https:\/\/i0.wp.com\/cdnoticias.com\/wp-content\/uploads\/2021\/08\/stolbizer-3.jpg?w=1600&amp;ssl=1 1600w, https:\/\/i0.wp.com\/cdnoticias.com\/wp-content\/uploads\/2021\/08\/stolbizer-3.jpg?w=2400&amp;ssl=1 2400w\" sizes=\"auto, (max-width: 800px) 100vw, 800px\" \/><\/p>\n<p>&nbsp;<\/p>\n<p>En una extensa presentaci\u00f3n, dijo que la S\u00e9ptima es una Secci\u00f3n Electoral \u201cmuy importante\u201d y \u201cOlavarr\u00eda en particular lo es\u201d. \u00a0R\u00e1pidamente, se meti\u00f3 de lleno con el ingreso a la pol\u00edtica de Facundo Manes, quien encabeza la lista:<strong><em> \u201cLa pol\u00edtica de Manes viene a oxigenar al afuera. No vamos a encontrar ninguna novedad que no sea Facundo Manes\u201d.<\/em><\/strong><\/p>\n<p>&nbsp;<\/p>\n<blockquote><p>\u201cVenimos de muchos a\u00f1os de fracasos porque las coaliciones electorales se arman para ganar elecciones y fijan como objetivo central gobernar, planificar y mejorarle la vida a las personas\u201d y comprar\u00f3 la historia de vida de Manes con \u201cla clase media con movilidad ascendente\u201d. &#8220;Ese es el ideal del progresismo, cuando se cumple el sue\u00f1o de los padres de que sus hijos se proyecten mucho m\u00e1s all\u00e1 de lo que ellos consiguieron&#8221;.<\/p><\/blockquote>\n<p>&nbsp;<\/p>\n<p>Habl\u00f3 de sectores antipoliticos como Milei y Espert que<em> \u201cno quieren que haya Estado\u201d<\/em>, Stolbizer consider\u00f3 que <strong><em>&#8220;El Estado tiene un rol central<\/em><\/strong>&#8221; y mencion\u00f3<em> &#8220;la recuperaci\u00f3n de una educaci\u00f3n de calidad&#8221;<\/em>. Mencion\u00f3 una noticia de Toyota que no consiguen personal id\u00f3neo por falta de Educaci\u00f3n y describi\u00f3 a aquellos que se quieren ir del pa\u00eds, como <em>&#8220;el gran fracaso de la pol\u00edtica&#8221;<\/em> por la<em> &#8220;p\u00e9rdida de identidad&#8221;.<\/em><\/p>\n<p>&nbsp;<\/p>\n<p>Dijo que Kicillof es un &#8220;soberbio y patotero&#8221; que adem\u00e1<strong><em>s &#8220;llora por la herencia que recibi\u00f3, cuando un pol\u00edtico asume un cargo como el de \u00e9l debe resolver lo que recibi\u00f3, no estar los cuatro a\u00f1os denunciando lo que recibi\u00f3&#8221;.<\/em><\/strong><\/p>\n<p>&nbsp;<\/p>\n<p><span style=\"text-decoration: underline;\"><strong>\u201cEducaci\u00f3n de contenidos\u201d<\/strong><\/span><\/p>\n<p>&nbsp;<\/p>\n<p><img data-recalc-dims=\"1\" loading=\"lazy\" decoding=\"async\" class=\"alignnone size-large wp-image-30535\" src=\"https:\/\/i0.wp.com\/cdnoticias.com\/wp-content\/uploads\/2021\/08\/stolbizer-7.jpg?resize=800%2C445&#038;ssl=1\" alt=\"\" width=\"800\" height=\"445\" srcset=\"https:\/\/i0.wp.com\/cdnoticias.com\/wp-content\/uploads\/2021\/08\/stolbizer-7.jpg?resize=1024%2C570&amp;ssl=1 1024w, https:\/\/i0.wp.com\/cdnoticias.com\/wp-content\/uploads\/2021\/08\/stolbizer-7.jpg?resize=300%2C167&amp;ssl=1 300w, https:\/\/i0.wp.com\/cdnoticias.com\/wp-content\/uploads\/2021\/08\/stolbizer-7.jpg?resize=768%2C427&amp;ssl=1 768w, https:\/\/i0.wp.com\/cdnoticias.com\/wp-content\/uploads\/2021\/08\/stolbizer-7.jpg?resize=800%2C445&amp;ssl=1 800w, https:\/\/i0.wp.com\/cdnoticias.com\/wp-content\/uploads\/2021\/08\/stolbizer-7.jpg?w=1600&amp;ssl=1 1600w, https:\/\/i0.wp.com\/cdnoticias.com\/wp-content\/uploads\/2021\/08\/stolbizer-7.jpg?w=2400&amp;ssl=1 2400w\" sizes=\"auto, (max-width: 800px) 100vw, 800px\" \/><\/p>\n<p>&nbsp;<\/p>\n<p>Sobre la discusi\u00f3n en base a la Educaci\u00f3n (pilar de campa\u00f1a de Manes) destac\u00f3 que <em>\u201clas veces que la Educaci\u00f3n est\u00e1 en agenda porque se discute los salarios, los inicios de las clases, en el mejor de los casos la infraestructura (que es importante) pero <strong>llevamos muchos a\u00f1os sin discutir los contenidos, que no los discute el gobernador o el Director de Educaci\u00f3n provincial, nos compromete a todos. Nadie mejor que un intendente (remarco a Alejandro Cellillo por su experiencia comunal) ponga en discusi\u00f3n las necesidades que tiene\u201d.<\/strong><\/em><\/p>\n<p>&nbsp;<\/p>\n<p>Dijo que no se trata solo de<em> \u201cir a buscar a los chicos que abandonaron la escuela\u201d<\/em> como <em>\u201csalir con un cazamariposas. Hay que darle a la escuela los contenidos que hagan que ese chico que abandon\u00f3 crea que la escuela le sirve. <strong>Esa discusi\u00f3n empieza por abajo, como la Justicia y el sistema de impuestos<\/strong>\u201d.<\/em><\/p>\n<p>&nbsp;<\/p>\n<p>De la reuni\u00f3n en la C\u00e1mara Empresaria, indic\u00f3 que <em>\u201call\u00ed dec\u00eda que estamos en una campa\u00f1a totalmente at\u00edpica \u2013para aquellos que tenemos muchas campa\u00f1as en nuestras espaldas- primero porque nos saca de esa cosa tan humana que tienen las campa\u00f1as que es cuando llegas y te toc\u00e1s con la gente, te bes\u00e1s, las reuniones masivas tampoco\u201d.<\/em><\/p>\n<p>&nbsp;<\/p>\n<p><img data-recalc-dims=\"1\" loading=\"lazy\" decoding=\"async\" class=\"alignnone size-full wp-image-30526\" src=\"https:\/\/i0.wp.com\/cdnoticias.com\/wp-content\/uploads\/2021\/08\/stolbizer-ucr-camara-empresaria-0.jpg?resize=800%2C445&#038;ssl=1\" alt=\"\" width=\"800\" height=\"445\" srcset=\"https:\/\/i0.wp.com\/cdnoticias.com\/wp-content\/uploads\/2021\/08\/stolbizer-ucr-camara-empresaria-0.jpg?w=800&amp;ssl=1 800w, https:\/\/i0.wp.com\/cdnoticias.com\/wp-content\/uploads\/2021\/08\/stolbizer-ucr-camara-empresaria-0.jpg?resize=300%2C167&amp;ssl=1 300w, https:\/\/i0.wp.com\/cdnoticias.com\/wp-content\/uploads\/2021\/08\/stolbizer-ucr-camara-empresaria-0.jpg?resize=768%2C427&amp;ssl=1 768w\" sizes=\"auto, (max-width: 800px) 100vw, 800px\" \/><\/p>\n<p>&nbsp;<\/p>\n<p>Describi\u00f3 a este proceso electoral como un momento dond<em>e \u201ctenemos que ser muy respetuosos de las personas que hoy est\u00e1n atravesando situaciones de preocupaci\u00f3n personal muy graves. <strong>\u00bfen qu\u00e9 familias no hay alguien que perdi\u00f3 el empleo, que tuvo que cerrar el negocio, o tiene un familiar que muri\u00f3 por no haberse colado en la fila para recibir la vacuna?<\/strong> En un pa\u00eds donde la cachetada m\u00e1s fuerte que tuvimos en esta pandemia es saber que hubo funcionarios que se colaron, ellos y sus familias para recibir la vacuna\u201d.<\/em><\/p>\n<p>&nbsp;<\/p>\n<p>Se pregunt\u00f3 si no<em> \u201ctoleramos demasiado\u201d: \u201cme da la impresi\u00f3n que no, somos una sociedad demasiado an\u00f3mica. Ojal\u00e1 las elecciones nos den a las personas de manifestar la indignaci\u00f3n\u201d.<\/em><\/p>\n<p>&nbsp;<\/p>\n<p>Sobre la foto de Alberto Fern\u00e1ndez y el cumplea\u00f1os de Ya\u00f1ez en Olivos: <strong><em>\u201cno nos enga\u00f1emos, reuniones no hubo una sola, vergonzoso que el Presidente haya descargado las responsabilidades de la reuni\u00f3n en su mujer\u201d.<\/em><\/strong><\/p>\n<p>&nbsp;<\/p>\n<p><img data-recalc-dims=\"1\" loading=\"lazy\" decoding=\"async\" class=\"alignnone size-large wp-image-30527\" src=\"https:\/\/i0.wp.com\/cdnoticias.com\/wp-content\/uploads\/2021\/08\/stolbizer-ucr-00.jpg?resize=800%2C445&#038;ssl=1\" alt=\"\" width=\"800\" height=\"445\" srcset=\"https:\/\/i0.wp.com\/cdnoticias.com\/wp-content\/uploads\/2021\/08\/stolbizer-ucr-00.jpg?resize=1024%2C569&amp;ssl=1 1024w, https:\/\/i0.wp.com\/cdnoticias.com\/wp-content\/uploads\/2021\/08\/stolbizer-ucr-00.jpg?resize=300%2C167&amp;ssl=1 300w, https:\/\/i0.wp.com\/cdnoticias.com\/wp-content\/uploads\/2021\/08\/stolbizer-ucr-00.jpg?resize=768%2C427&amp;ssl=1 768w, https:\/\/i0.wp.com\/cdnoticias.com\/wp-content\/uploads\/2021\/08\/stolbizer-ucr-00.jpg?resize=800%2C445&amp;ssl=1 800w, https:\/\/i0.wp.com\/cdnoticias.com\/wp-content\/uploads\/2021\/08\/stolbizer-ucr-00.jpg?w=1152&amp;ssl=1 1152w\" sizes=\"auto, (max-width: 800px) 100vw, 800px\" \/><\/p>\n<p>&nbsp;<\/p>\n<p>La foto de Carri\u00f3 se lo tom\u00f3 <em>\u201cigual de mal y horripilante de la otra. No se debe aceptar que nadie constituya una casta que lo ponga por sobre los dem\u00e1s. Las leyes est\u00e1n para ser cumplidas. Algo que la Argentina debe reconstruir es un proyecto cultural en el que valga la pena el esfuerzo, la perseverancia, la igualdad ante la Ley\u201d.<\/em><\/p>\n<p>&nbsp;<\/p>\n<blockquote><p>\u201cQue Carri\u00f3 haya hecho una fiesta de cumplea\u00f1os para 70 personas en el mes de diciembre es una bestialidad de la misma manera que las fiestas que pudo haber hecho\u201d.<\/p><\/blockquote>\n<p>&nbsp;<\/p>\n<p>Ante la consulta acerca de su opini\u00f3n sobre los pedidos de Juicio Pol\u00edtico, dijo que \u201cno son excesivas\u201d pero<em> \u201cno lo comparto. Respeto a quienes lo han planteado por la gravedad del episodio. <strong>Primero porque es inviable en t\u00e9rminos num\u00e9ricos<\/strong>: nunca se conseguir\u00e1 la mayor\u00eda calificada que se necesita. <strong>Segundo porque para plantearlo en la comisi\u00f3n de un delito,<\/strong> no es usted ni yo quien dice que eso es un delito, quien lo dice es un juez. Pero<strong> la tercera raz\u00f3n es porque el juicio pol\u00edtico solo se hace en calidad de destituci\u00f3n<\/strong>. Y atr\u00e1s del destituido viene la se\u00f1ora\u201d<\/em> ironiz\u00f3 entre risas.<\/p>\n<p>&nbsp;<\/p>\n<p>En contrapartida, agreg\u00f3 que en este contexto<em> \u201ca la pol\u00edtica hay que oxigenarla de afuera, tiene que poder convocar. Por eso celebro que el radicalismo le haya ofrecido a Facundo Manes la candidatura, celebro tambi\u00e9n la decisi\u00f3n de Facundo adem\u00e1s, dado que no es un personajote de la televisi\u00f3n\u201d.<\/em><\/p>\n<p>&nbsp;<\/p>\n<blockquote><p>\u201cEso le da a \u00e9l una institucionalizaci\u00f3n, un continente donde se para en la democracia de los partidos pol\u00edticos. Por eso dice que no es un outsider de la pol\u00edtica. Queremos mostrar que la pol\u00edtica se abri\u00f3 y que hay gente que antes no hab\u00eda estado\u201d.<\/p><\/blockquote>\n<p>&nbsp;<\/p>\n<p>Para finalizar, habl\u00f3 sobre su pasado al lado de Sergio Massa, hoy importante hombre del Frente de Todos y presidente de la C\u00e1mara de Diputados.<strong><em> \u201cHay mucha gente m\u00e1s contenta de verme hoy en este lugar que de haberme visto con Sergio Massa (risas)\u201d<\/em><\/strong>. Agreg\u00f3 que \u201c<em>tengo asumido lo que signific\u00f3, en mi carrera personal, como costo personal haber compartido esa lista.<strong> No reniego de haberlo hecho, pero obvio que quien tiene que rendir cuentas por haber dicho que los iba a meter presos y termin\u00f3 aliado con ellos es \u00e9l.<\/strong> Hoy siento mucha tranquilidad de estar en este lugar, estoy contenta\u201d.<\/em><\/p>\n","protected":false},"excerpt":{"rendered":"<p>La presidenta del GEN y precandidata a diputada nacional estuvo en Olavarr\u00eda. La Educaci\u00f3n, el desencanto con la pol\u00edtica, las<\/p>\n","protected":false},"author":4,"featured_media":30530,"comment_status":"closed","ping_status":"closed","sticky":false,"template":"","format":"standard","meta":{"_jetpack_memberships_contains_paid_content":false,"footnotes":""},"categories":[4,1],"tags":[],"class_list":["post-30539","post","type-post","status-publish","format-standard","has-post-thumbnail","hentry","category-politica","category-portada"],"jetpack_featured_media_url":"https:\/\/i0.wp.com\/cdnoticias.com\/wp-content\/uploads\/2021\/08\/stolbizer-2.jpg?fit=4608%2C2563&ssl=1","jetpack_sharing_enabled":true,"_links":{"self":[{"href":"https:\/\/cdnoticias.com\/index.php\/wp-json\/wp\/v2\/posts\/30539","targetHints":{"allow":["GET"]}}],"collection":[{"href":"https:\/\/cdnoticias.com\/index.php\/wp-json\/wp\/v2\/posts"}],"about":[{"href":"https:\/\/cdnoticias.com\/index.php\/wp-json\/wp\/v2\/types\/post"}],"author":[{"embeddable":true,"href":"https:\/\/cdnoticias.com\/index.php\/wp-json\/wp\/v2\/users\/4"}],"replies":[{"embeddable":true,"href":"https:\/\/cdnoticias.com\/index.php\/wp-json\/wp\/v2\/comments?post=30539"}],"version-history":[{"count":0,"href":"https:\/\/cdnoticias.com\/index.php\/wp-json\/wp\/v2\/posts\/30539\/revisions"}],"wp:featuredmedia":[{"embeddable":true,"href":"https:\/\/cdnoticias.com\/index.php\/wp-json\/wp\/v2\/media\/30530"}],"wp:attachment":[{"href":"https:\/\/cdnoticias.com\/index.php\/wp-json\/wp\/v2\/media?parent=30539"}],"wp:term":[{"taxonomy":"category","embeddable":true,"href":"https:\/\/cdnoticias.com\/index.php\/wp-json\/wp\/v2\/categories?post=30539"},{"taxonomy":"post_tag","embeddable":true,"href":"https:\/\/cdnoticias.com\/index.php\/wp-json\/wp\/v2\/tags?post=30539"}],"curies":[{"name":"wp","href":"https:\/\/api.w.org\/{rel}","templated":true}]}}